{"id":569,"date":"2010-02-05T22:46:18","date_gmt":"2010-02-05T21:46:18","guid":{"rendered":"https:\/\/www.edder.org\/?p=569"},"modified":"2018-07-27T16:37:53","modified_gmt":"2018-07-27T14:37:53","slug":"nuestra-faes","status":"publish","type":"post","link":"https:\/\/www.edder.org\/?p=569","title":{"rendered":"Nuestra FAES"},"content":{"rendered":"<p>Casi me caigo de la silla al leer que el gran Francisco Mangado, ante la &ldquo;debacle en valores&rdquo; que padecemos, reivindica ahora una arquitectura que, am&eacute;n de estar inspirada en la utilidad, el servicio y la vocaci&oacute;n social, piense en el interior de las viviendas m&aacute;s que en las fachadas. Casi me caigo porque dos amigos m&iacute;os viven dentro de un mangado en Mendillorri. &Eacute;l es un loco de la m&uacute;sica, pero no puede poner mucha porque en el interior de ese mangado para pobres los vecinos de al lado oyen hasta el menor suspiro. Ella vivi&oacute; una odisea hasta encontrar un sistema con el que colgar algunas reproducciones de sus pinturas favoritas en unas paredes que parecen hechas con papel de fumar. Mangado, como el mismo Mies van der Rohe, fotografi&oacute; profusamente el edificio nada m&aacute;s acabarlo y mand&oacute; hacer un libro en el que se hablaba de utilidad, servicio y vocaci&oacute;n social. No iba a hablar del reguero de chapuzas o del calvario de pleitos con que se queda el hipotecado cooperativista cuando el gran arquitecto se esfuma. No contento con eso, se confirma que Mangado traer&aacute; en junio, ya que no hab&iacute;a crisis en nuestros presupuestos para la Fundaci&oacute;n Arquitectura y Sociedad (FAS) de Mangado, a gente como Peter Sloterdijk, que seguro que encandilar&aacute; al auditorio hablando del mundo bajo la nietzschana trasmutaci&oacute;n de todos los valores, o a Jacques Herzog, que es quien dijo que el Guggenheim &ldquo;representa el mercado m&aacute;s c&iacute;nico, est&uacute;pido y burdo, movido por la vanidad&rdquo;. Hablando de vanidad: ya tienen Sanz o Barcina, gracias a Mangado y su FAS, lo que no tuvieron con el congreso barojiano que nunca fue: una colecci&oacute;n de fotos en perspectiva con figuras internacionales. Este congreso, igual que el barojiano que no fue, lo moderar&aacute; un antiguo izquierdista y luego conferenciante de la FAES que, el mismo d&iacute;a en que la consejera Navarra de Salud abochornaba al Parlamento, puso por las nubes al Gobierno Sanz. Gracias a la FAS y cueste lo que cueste, ya tenemos en Navarra nuestra FAES en marcha.<\/p>\n<p align=\"right\">Publicado en <a href=\"http:\/\/www.diariodenoticias.com\/opinion\/columnistas\/postal-expres\" target=\"blank\">Diario de Noticias<\/a><br \/>\n\t<img class=\"lazyload\" decoding=\"async\" align=\"right\" alt=\"dn\" src=\"data:image\/gif;base64,R0lGODlhAQABAAAAACH5BAEKAAEALAAAAAABAAEAAAICTAEAOw==\" data-orig-src=\"https:\/\/www.edder.org\/images\/dn.gif\" title=\"dn\" \/><\/p>\n","protected":false},"excerpt":{"rendered":"<p>Casi me caigo de la silla al leer que el gran Francisco Mangado, ante la &ldquo;debacle en valores&rdquo; que padecemos, reivindica ahora una arquitectura que, am&eacute;n de estar inspirada en la utilidad, el servicio y la vocaci&oacute;n social, piense en el interior de las viviendas m&aacute;s que en las fachadas. Casi me caigo porque dos amigos m&iacute;os viven dentro de un mangado en Mendillorri. &Eacute;l es un loco de la m&uacute;sica, pero no puede poner mucha porque en el interior de ese mangado para pobres los vecinos de al lado oyen hasta el menor suspiro. Ella vivi&oacute; una odisea hasta encontrar un sistema con el que colgar algunas reproducciones de sus pinturas favoritas en unas paredes que parecen hechas con papel de fumar. Mangado, como el mismo  [&#8230;]<\/p>\n","protected":false},"author":82,"featured_media":0,"comment_status":"open","ping_status":"open","sticky":false,"template":"","format":"standard","meta":{"jetpack_post_was_ever_published":false,"_jetpack_newsletter_access":"","_jetpack_dont_email_post_to_subs":false,"_jetpack_newsletter_tier_id":0,"_jetpack_memberships_contains_paywalled_content":false,"_jetpack_memberships_contains_paid_content":false,"footnotes":"","jetpack_publicize_message":"","jetpack_publicize_feature_enabled":true,"jetpack_social_post_already_shared":false,"jetpack_social_options":{"image_generator_settings":{"template":"highway","default_image_id":0,"font":"","enabled":false},"version":2}},"categories":[3],"tags":[],"class_list":["post-569","post","type-post","status-publish","format-standard","hentry","category-na"],"jetpack_publicize_connections":[],"jetpack_featured_media_url":"","jetpack_shortlink":"https:\/\/wp.me\/p6kHv-9b","jetpack_sharing_enabled":true,"jetpack-related-posts":[{"id":4195,"url":"https:\/\/www.edder.org\/?p=4195","url_meta":{"origin":569,"position":0},"title":"A Iosseliani no le gusta Mangado","author":"Eder","date":"lunes, 16 Feb, 2015","format":false,"excerpt":"Se conoce que a Iosseliani, a su paso por Pamplona, no le ha gustado la megaloman\u00eda arquitecton\u00edca de Francisco Mangado y otras proyecciones espectaculares del inmenso ombligo de algunos arquitectos. Iosseliani hoy en El Pa\u00eds: \u00a0 Entrevista completa con Otar Iosseliani: descargar PDF \u00a0 \u00a0 Iosseliani en edder.og: https:\/\/www.edder.org\/?p=3542 https:\/\/www.edder.org\/?p=3917\u2026","rel":"","context":"En \u00abArtes\u00bb","block_context":{"text":"Artes","link":"https:\/\/www.edder.org\/?cat=85"},"img":{"alt_text":"","src":"https:\/\/i0.wp.com\/edder.org\/images\/iosse.png?resize=350%2C200","width":350,"height":200},"classes":[]},{"id":483,"url":"https:\/\/www.edder.org\/?p=483","url_meta":{"origin":569,"position":1},"title":"\u00a1Alonso, Alonso, Alonso!","author":"Eder","date":"viernes, 2 Oct, 2009","format":false,"excerpt":"Porque existe Google, que si no, no me hubiera acordado del nombre de aquel delegado del Gobierno tan din\u00e1mico que organizaba patri\u00f3ticas juras de bandera con nuestras arquistars. Arquistars quiere decir estrellas del firmamento arquitect\u00f3nico. Nuestras arquistars cab\u00edan casi todas juntas en una jura de bandera de las que organizaba\u2026","rel":"","context":"En \u00abNA\u00bb","block_context":{"text":"NA","link":"https:\/\/www.edder.org\/?cat=3"},"img":{"alt_text":"","src":"","width":0,"height":0},"classes":[]},{"id":37,"url":"https:\/\/www.edder.org\/?p=37","url_meta":{"origin":569,"position":2},"title":"De la polis al bar","author":"Eder","date":"viernes, 13 Ene, 2006","format":false,"excerpt":"La colecci\u00f3n de perlas cultivadas que el arquitecto Francisco Mangado dej\u00f3 caer en su d\u00eda sobre esa plaza \u2013la del Baluarte\u2013 que finalmente ser\u00e1 sede privilegiada del primer y m\u00e1s selecto bar-restaurante del Reyno \u2013encargado, c\u00f3mo no, al propio Mangado, cuyo talento en la concepci\u00f3n de espacios para la restauraci\u00f3n\u2026","rel":"","context":"En \u00abNA\u00bb","block_context":{"text":"NA","link":"https:\/\/www.edder.org\/?cat=3"},"img":{"alt_text":"","src":"","width":0,"height":0},"classes":[]},{"id":503,"url":"https:\/\/www.edder.org\/?p=503","url_meta":{"origin":569,"position":3},"title":"Capitalidad cultural","author":"Eder","date":"viernes, 6 Nov, 2009","format":false,"excerpt":"Francisco Patxi Mangado es el \u00fanico arquitecto del mundo que no ha sabido resolver lo que cualquier dise\u00f1ador, a fastidiosa y tard\u00eda petici\u00f3n del cliente, resolver\u00eda en segundos: c\u00f3mo meter en un espacio dado el doble de texto del inicialmente previsto. A Francisco Mangado se le olvid\u00f3 que se hac\u00eda\u2026","rel":"","context":"En \u00abNA\u00bb","block_context":{"text":"NA","link":"https:\/\/www.edder.org\/?cat=3"},"img":{"alt_text":"","src":"","width":0,"height":0},"classes":[]},{"id":562,"url":"https:\/\/www.edder.org\/?p=562","url_meta":{"origin":569,"position":4},"title":"De Landa al infinito","author":"Eder","date":"viernes, 15 Ene, 2010","format":false,"excerpt":"Pues ten\u00eda raz\u00f3n Mangado, don Francisco, vamos, creo yo, y a cada uno su raz\u00f3n. El r\u00f3tulo \u201cPalacio Baluarte Jauregia\u201d, bien, bien, bien, lo que se dice bien, no es que le caiga al edificio, como el arquitecto ya profetizara que iba a ocurrir. Mal, mal, mal, pues tampoco, la\u2026","rel":"","context":"En \u00abNA\u00bb","block_context":{"text":"NA","link":"https:\/\/www.edder.org\/?cat=3"},"img":{"alt_text":"","src":"","width":0,"height":0},"classes":[]},{"id":1269,"url":"https:\/\/www.edder.org\/?p=1269","url_meta":{"origin":569,"position":5},"title":"La mala arquitectura","author":"Eder","date":"viernes, 31 Dic, 2010","format":false,"excerpt":"","rel":"","context":"En \u00abArtes\u00bb","block_context":{"text":"Artes","link":"https:\/\/www.edder.org\/?cat=85"},"img":{"alt_text":"","src":"","width":0,"height":0},"classes":[]}],"jetpack_likes_enabled":true,"_links":{"self":[{"href":"https:\/\/www.edder.org\/index.php?rest_route=\/wp\/v2\/posts\/569","targetHints":{"allow":["GET"]}}],"collection":[{"href":"https:\/\/www.edder.org\/index.php?rest_route=\/wp\/v2\/posts"}],"about":[{"href":"https:\/\/www.edder.org\/index.php?rest_route=\/wp\/v2\/types\/post"}],"author":[{"embeddable":true,"href":"https:\/\/www.edder.org\/index.php?rest_route=\/wp\/v2\/users\/82"}],"replies":[{"embeddable":true,"href":"https:\/\/www.edder.org\/index.php?rest_route=%2Fwp%2Fv2%2Fcomments&post=569"}],"version-history":[{"count":0,"href":"https:\/\/www.edder.org\/index.php?rest_route=\/wp\/v2\/posts\/569\/revisions"}],"wp:attachment":[{"href":"https:\/\/www.edder.org\/index.php?rest_route=%2Fwp%2Fv2%2Fmedia&parent=569"}],"wp:term":[{"taxonomy":"category","embeddable":true,"href":"https:\/\/www.edder.org\/index.php?rest_route=%2Fwp%2Fv2%2Fcategories&post=569"},{"taxonomy":"post_tag","embeddable":true,"href":"https:\/\/www.edder.org\/index.php?rest_route=%2Fwp%2Fv2%2Ftags&post=569"}],"curies":[{"name":"wp","href":"https:\/\/api.w.org\/{rel}","templated":true}]}}