{"id":565,"date":"2010-01-21T22:40:45","date_gmt":"2010-01-21T21:40:45","guid":{"rendered":"https:\/\/www.edder.org\/?p=565"},"modified":"2018-07-27T16:38:04","modified_gmt":"2018-07-27T14:38:04","slug":"el-sueno-de-kafka-o-la-pamplona-de-zulueta","status":"publish","type":"post","link":"https:\/\/www.edder.org\/?p=565","title":{"rendered":"El sue\u00f1o de Kafka o la Pamplona de Zulueta"},"content":{"rendered":"<p>La tragedia de las estrellas, dice en alguno de sus libros Serge Daney, es ser sustituidas en vida por su imagen. La tragedia de las estrellas y la de los malditos. Me acuerdo como si fuera ayer de la unci\u00f3n con que a mediados de los 80 vimos <em>Arrebato<\/em>, de Iv\u00e1n Zulueta. Era la misma clase de unci\u00f3n con que por entonces acud\u00edamos a la cita con los personajes de Eric Rohmer, fidel\u00edsimos reflejos de quienes los contemplaban desde el patio de butucas. Cuenta la leyenda que <em>Arrebato<\/em> se proyect\u00f3 en los Alphaville con los rollos cambiados y nadie admir\u00f3 por ello menos a Zulueta, para entonces ya bastante vampirizado por el malditismo. No he visto muchas m\u00e1s veces <em>Arrebato<\/em> y no es una pel\u00edcula que quiera ver de nuevo. He visto muchas veces y siempre quiero volver a ver <em>Un, dos, tres, al escondite ingl\u00e9s<\/em>, su pel\u00edcula de 1969, no porque en ella aparezca Patty Shepard \u2013que poco antes hab\u00eda rodado la tambi\u00e9n tronchante <em>Cita en Navarra<\/em>, con gui\u00f3n de Jaime del Burgo\u2013, sino porque aparecen Borau, Drove, Gasset, entre otros nombres de una ola de cin\u00e9filos que sab\u00edan hacer algunas cosas bien, como el mismo Zulueta. Iv\u00e1n Zulueta fue, antes que nada, un soberbio grafista y sus tipograf\u00edas, las letras de sus carteles, portadas y anuncios son extraordinarias. Trabaj\u00f3 por un tiempo en Pamplona y quienes recuerden, pongo por caso, el r\u00f3tulo de Publiru\u00f1a en la Avenida de la Baja Navarra, caer\u00e1n en la cuenta de que aquellas ser\u00edan las letras de los carteles anunciadores de la pel\u00edculas de Almod\u00f3var. Zulueta sab\u00eda hacer un cartel, como Drove sab\u00eda entrevistar a Douglas Sirk \u2013ya se encargar\u00eda TVE de perder las cintas\u2013 o como Fern\u00e1ndez Bourg\u00f3n sab\u00eda maquetar libros \u2013los de Filmoteca, luego liquidados\u2013. Todos ellos encarnaban el sue\u00f1o de Kafka: hacer algo con las manos y hacerlo bien. Nada o muy poco queda en Pamplona de la Pamplona de Zulueta \u2013de sus r\u00f3tulos y de su grafismo a su paso por aqu\u00ed\u2013, y adem\u00e1s a Pamplona no le importa. Pero los dioses lo vieron y quiz\u00e1 alguien lo recuerde.<\/p>\n<p align=\"right\">Publicado en <a target=\"blank\" href=\"http:\/\/www.diariodenoticias.com\/opinion\/columnistas\/postal-expres\">Diario de Noticias<\/a><br \/>\n<img class=\"lazyload\" decoding=\"async\" align=\"right\" title=\"dn\" alt=\"dn\" src=\"data:image\/gif;base64,R0lGODlhAQABAAAAACH5BAEKAAEALAAAAAABAAEAAAICTAEAOw==\" data-orig-src=\"https:\/\/www.edder.org\/images\/dn.gif\" \/><\/p>\n","protected":false},"excerpt":{"rendered":"<p>La tragedia de las estrellas, dice en alguno de sus libros Serge Daney, es ser sustituidas en vida por su imagen. La tragedia de las estrellas y la de los malditos. Me acuerdo como si fuera ayer de la unci\u00f3n con que a mediados de los 80 vimos Arrebato, de Iv\u00e1n Zulueta. Era la misma clase de unci\u00f3n con que por entonces acud\u00edamos a la cita con los personajes de Eric Rohmer, fidel\u00edsimos reflejos de quienes los contemplaban desde el patio de butucas. Cuenta la leyenda que Arrebato se proyect\u00f3 en los Alphaville con los rollos cambiados y nadie admir\u00f3 por ello menos a Zulueta, para entonces ya bastante vampirizado por el malditismo. No he visto muchas m\u00e1s veces Arrebato y no es una pel\u00edcula que quiera  [&#8230;]<\/p>\n","protected":false},"author":82,"featured_media":0,"comment_status":"open","ping_status":"open","sticky":false,"template":"","format":"standard","meta":{"jetpack_post_was_ever_published":false,"_jetpack_newsletter_access":"","_jetpack_dont_email_post_to_subs":false,"_jetpack_newsletter_tier_id":0,"_jetpack_memberships_contains_paywalled_content":false,"_jetpack_memberships_contains_paid_content":false,"footnotes":"","jetpack_publicize_message":"","jetpack_publicize_feature_enabled":true,"jetpack_social_post_already_shared":false,"jetpack_social_options":{"image_generator_settings":{"template":"highway","default_image_id":0,"font":"","enabled":false},"version":2}},"categories":[3],"tags":[73],"class_list":["post-565","post","type-post","status-publish","format-standard","hentry","category-na","tag-ivan-zulueta"],"jetpack_publicize_connections":[],"jetpack_featured_media_url":"","jetpack_shortlink":"https:\/\/wp.me\/p6kHv-97","jetpack_sharing_enabled":true,"jetpack-related-posts":[{"id":2837,"url":"https:\/\/www.edder.org\/?p=2837","url_meta":{"origin":565,"position":0},"title":"Patty Shepard (Greenville, 1945 &#8211; Madrid, 2013)","author":"Eder","date":"mi\u00e9rcoles, 9 Ene, 2013","format":false,"excerpt":"","rel":"","context":"En \u00abCine\u00bb","block_context":{"text":"Cine","link":"https:\/\/www.edder.org\/?cat=79"},"img":{"alt_text":"","src":"","width":0,"height":0},"classes":[]},{"id":40,"url":"https:\/\/www.edder.org\/?p=40","url_meta":{"origin":565,"position":1},"title":"San(z)cho el Continuador","author":"Eder","date":"viernes, 27 Ene, 2006","format":false,"excerpt":"Por falta de devoci\u00f3n hacia las monarqu\u00edas en general ???Karl Marx: el principio sobre el que se asienta la monarqu\u00eda es el hombre despreciado, deshumanizado, reducido a \u00abpopulacho\u00bb??? y a las sagas reales navarras en particular, no puedo decir si el consejero navarro del ramo tur\u00edstico-cultural incurre en una solemne\u2026","rel":"","context":"En \u00abNA\u00bb","block_context":{"text":"NA","link":"https:\/\/www.edder.org\/?cat=3"},"img":{"alt_text":"","src":"","width":0,"height":0},"classes":[]},{"id":210,"url":"https:\/\/www.edder.org\/?p=210","url_meta":{"origin":565,"position":2},"title":"Lo que cuesta una imagen","author":"Eder","date":"viernes, 12 Dic, 2008","format":false,"excerpt":"Barcina: entre pitos y flautas \u2013entre tambores y trompetas\u2013, alrededor de dos millones de presupuesto municipal en eso que ahora se llama imagen y antes \u2013antes de Goebbels y Riefenstahl\u2013 se llamaba propaganda. No s\u00e9 por qu\u00e9 hay quien considera a Riefenstahl una gran maestra del cine. El cine es\u2026","rel":"","context":"En \u00abNA\u00bb","block_context":{"text":"NA","link":"https:\/\/www.edder.org\/?cat=3"},"img":{"alt_text":"","src":"","width":0,"height":0},"classes":[]},{"id":44126,"url":"https:\/\/www.edder.org\/?p=44126","url_meta":{"origin":565,"position":3},"title":"Cardinale, la etrusca. La negra provincia de Visconti","author":"Eder","date":"lunes, 6 Oct, 2025","format":false,"excerpt":"","rel":"","context":"En \u00abCine\u00bb","block_context":{"text":"Cine","link":"https:\/\/www.edder.org\/?cat=79"},"img":{"alt_text":"","src":"https:\/\/i0.wp.com\/www.edder.org\/upload\/2025\/10\/Screenshot-2025-10-04-at-21.05.07.png?resize=350%2C200&ssl=1","width":350,"height":200,"srcset":"https:\/\/i0.wp.com\/www.edder.org\/upload\/2025\/10\/Screenshot-2025-10-04-at-21.05.07.png?resize=350%2C200&ssl=1 1x, https:\/\/i0.wp.com\/www.edder.org\/upload\/2025\/10\/Screenshot-2025-10-04-at-21.05.07.png?resize=525%2C300&ssl=1 1.5x, https:\/\/i0.wp.com\/www.edder.org\/upload\/2025\/10\/Screenshot-2025-10-04-at-21.05.07.png?resize=700%2C400&ssl=1 2x, https:\/\/i0.wp.com\/www.edder.org\/upload\/2025\/10\/Screenshot-2025-10-04-at-21.05.07.png?resize=1050%2C600&ssl=1 3x"},"classes":[]},{"id":40648,"url":"https:\/\/www.edder.org\/?p=40648","url_meta":{"origin":565,"position":4},"title":"\u00a1Franco en la UNESCO!, por Albert Camus","author":"Eder","date":"s\u00e1bado, 28 Ago, 2021","format":false,"excerpt":"","rel":"","context":"En \u00abCine\u00bb","block_context":{"text":"Cine","link":"https:\/\/www.edder.org\/?cat=79"},"img":{"alt_text":"","src":"https:\/\/i0.wp.com\/www.edder.org\/upload\/2021\/07\/franco_unesco.jpg?resize=350%2C200&ssl=1","width":350,"height":200},"classes":[]},{"id":29,"url":"https:\/\/www.edder.org\/?p=29","url_meta":{"origin":565,"position":5},"title":"Noticias del M\u00e1s All\u00e1","author":"Eder","date":"viernes, 2 Dic, 2005","format":false,"excerpt":"\u00a0 \u00a0 \u00a0 \u00a0 La noticia de que el limbo carece de sustancia teol\u00f3gica consistente \u2014por lo que la curia romana sopesa prescindir de \u00e9l\u2014 ha eclipsado las \u00faltimas nuevas habidas sobre el paradero del Esp\u00edritu Santo. Seg\u00fan testigos oculares, hace unas cuatro semanas, el Esp\u00edritu Santo revolote\u00f3 por Pamplona\u2026","rel":"","context":"En \u00abNA\u00bb","block_context":{"text":"NA","link":"https:\/\/www.edder.org\/?cat=3"},"img":{"alt_text":"","src":"","width":0,"height":0},"classes":[]}],"jetpack_likes_enabled":true,"_links":{"self":[{"href":"https:\/\/www.edder.org\/index.php?rest_route=\/wp\/v2\/posts\/565","targetHints":{"allow":["GET"]}}],"collection":[{"href":"https:\/\/www.edder.org\/index.php?rest_route=\/wp\/v2\/posts"}],"about":[{"href":"https:\/\/www.edder.org\/index.php?rest_route=\/wp\/v2\/types\/post"}],"author":[{"embeddable":true,"href":"https:\/\/www.edder.org\/index.php?rest_route=\/wp\/v2\/users\/82"}],"replies":[{"embeddable":true,"href":"https:\/\/www.edder.org\/index.php?rest_route=%2Fwp%2Fv2%2Fcomments&post=565"}],"version-history":[{"count":0,"href":"https:\/\/www.edder.org\/index.php?rest_route=\/wp\/v2\/posts\/565\/revisions"}],"wp:attachment":[{"href":"https:\/\/www.edder.org\/index.php?rest_route=%2Fwp%2Fv2%2Fmedia&parent=565"}],"wp:term":[{"taxonomy":"category","embeddable":true,"href":"https:\/\/www.edder.org\/index.php?rest_route=%2Fwp%2Fv2%2Fcategories&post=565"},{"taxonomy":"post_tag","embeddable":true,"href":"https:\/\/www.edder.org\/index.php?rest_route=%2Fwp%2Fv2%2Ftags&post=565"}],"curies":[{"name":"wp","href":"https:\/\/api.w.org\/{rel}","templated":true}]}}