{"id":562,"date":"2010-01-15T22:37:00","date_gmt":"2010-01-15T21:37:00","guid":{"rendered":"https:\/\/www.edder.org\/?p=562"},"modified":"2018-07-27T16:38:04","modified_gmt":"2018-07-27T14:38:04","slug":"de-landa-al-infinito","status":"publish","type":"post","link":"https:\/\/www.edder.org\/?p=562","title":{"rendered":"De Landa al infinito"},"content":{"rendered":"<p>Pues ten&iacute;a raz&oacute;n Mangado, don Francisco, vamos, creo yo, y a cada uno su raz&oacute;n. El r&oacute;tulo &ldquo;Palacio Baluarte Jauregia&rdquo;, bien, bien, bien, lo que se dice bien, no es que le caiga al edificio, como el arquitecto ya profetizara que iba a ocurrir. Mal, mal, mal, pues tampoco, la verdad; pero, eso s&iacute;, hay algo ah&iacute; que no termina de funcionar del todo. &iquest;Qu&eacute; es? La tipograf&iacute;a no. Unas letras as&iacute;, de familia bauhasiana, son en principio lo suyo y lo que tendr&iacute;a que irle bien. Culpa de los idiomas tampoco va a ser, y en eso s&iacute; que don Francisco no estuvo nada, pero que nada fino, cuando se puso todo dram&aacute;tico y advirti&oacute; al Parlamento que rotular su edificio en las dos lenguas del lugar lo destrozar&iacute;a &ndash;no a &eacute;l personalmente, sino al edificio&ndash; permanente e irreparablemente. Los idiomas no son, porque si mentalmente traducimos el r&oacute;tulo a otras lenguas, pues la cosa no va ni a mejor ni a peor. El problema, no nos queda otra, va a ser el edificio mismo. El edificio insignia de la arquitectura de Mangado, como ya observara el cr&iacute;tico Fern&aacute;ndez Alba, tiene tantas y tan desmesuradas pretensiones, tan notorias u &ldquo;ostent&oacute;reas&rdquo; ambiciones, que cualquier cosa que no tenga vuelos similares a los suyos, vamos, cualquier cosa medio normal, no le termina de sentar bien. A ese respecto, digo al respecto de estar a la altura de las muchas pretensiones del edificio de Mangado, nada m&aacute;s atinado que la decisi&oacute;n pol&iacute;tica de internacionalizar y multiplicar por tres el Premio Pr&iacute;ncipe de Viana de la Cultura, am&eacute;n de trasladar su triple entrega a la sede natural de los acontecimientos del mayor calibre internacional: el Baluarte. Menudos vuelos, menudos aires de grandeza que coge todo esto &ndash;el <em>Reyno<\/em> y su gastron&oacute;mico Gobierno&ndash; cada vez que se le firma un cheque en blanco a Ferr&aacute;n Adri&agrave; para que venga a saludar as la plebe desde el Baluarte. Pues algo as&iacute;, pero por todo lo grande, ande o no ande: de Landa al infinito, pasando por Mangado, con la realeza y sin reparar en gastos, para pasmo del universo.<\/p>\n<p align=\"right\">Publicado en <a href=\"http:\/\/www.diariodenoticias.com\/opinion\/columnistas\/postal-expres\" target=\"blank\">Diario de Noticias<\/a><br \/>\n\t<img class=\"lazyload\" decoding=\"async\" align=\"right\" alt=\"dn\" src=\"data:image\/gif;base64,R0lGODlhAQABAAAAACH5BAEKAAEALAAAAAABAAEAAAICTAEAOw==\" data-orig-src=\"https:\/\/www.edder.org\/images\/dn.gif\" title=\"dn\" \/><\/p>\n","protected":false},"excerpt":{"rendered":"<p>Pues ten&iacute;a raz&oacute;n Mangado, don Francisco, vamos, creo yo, y a cada uno su raz&oacute;n. El r&oacute;tulo &ldquo;Palacio Baluarte Jauregia&rdquo;, bien, bien, bien, lo que se dice bien, no es que le caiga al edificio, como el arquitecto ya profetizara que iba a ocurrir. Mal, mal, mal, pues tampoco, la verdad; pero, eso s&iacute;, hay algo ah&iacute; que no termina de funcionar del todo. &iquest;Qu&eacute; es? La tipograf&iacute;a no. Unas letras as&iacute;, de familia bauhasiana, son en principio lo suyo y lo que tendr&iacute;a que irle bien. Culpa de los idiomas tampoco va a ser, y en eso s&iacute; que don Francisco no estuvo nada, pero que nada fino, cuando se puso todo dram&aacute;tico y advirti&oacute; al Parlamento que rotular su edificio en las dos lenguas del  [&#8230;]<\/p>\n","protected":false},"author":82,"featured_media":0,"comment_status":"open","ping_status":"open","sticky":false,"template":"","format":"standard","meta":{"jetpack_post_was_ever_published":false,"_jetpack_newsletter_access":"","_jetpack_dont_email_post_to_subs":false,"_jetpack_newsletter_tier_id":0,"_jetpack_memberships_contains_paywalled_content":false,"_jetpack_memberships_contains_paid_content":false,"footnotes":"","jetpack_publicize_message":"","jetpack_publicize_feature_enabled":true,"jetpack_social_post_already_shared":false,"jetpack_social_options":{"image_generator_settings":{"template":"highway","default_image_id":0,"font":"","enabled":false},"version":2}},"categories":[3],"tags":[],"class_list":["post-562","post","type-post","status-publish","format-standard","hentry","category-na"],"jetpack_publicize_connections":[],"jetpack_featured_media_url":"","jetpack_shortlink":"https:\/\/wp.me\/p6kHv-94","jetpack_sharing_enabled":true,"jetpack-related-posts":[{"id":503,"url":"https:\/\/www.edder.org\/?p=503","url_meta":{"origin":562,"position":0},"title":"Capitalidad cultural","author":"Eder","date":"viernes, 6 Nov, 2009","format":false,"excerpt":"Francisco Patxi Mangado es el \u00fanico arquitecto del mundo que no ha sabido resolver lo que cualquier dise\u00f1ador, a fastidiosa y tard\u00eda petici\u00f3n del cliente, resolver\u00eda en segundos: c\u00f3mo meter en un espacio dado el doble de texto del inicialmente previsto. A Francisco Mangado se le olvid\u00f3 que se hac\u00eda\u2026","rel":"","context":"En \u00abNA\u00bb","block_context":{"text":"NA","link":"https:\/\/www.edder.org\/?cat=3"},"img":{"alt_text":"","src":"","width":0,"height":0},"classes":[]},{"id":12373,"url":"https:\/\/www.edder.org\/?p=12373","url_meta":{"origin":562,"position":1},"title":"Derruir Los Ca\u00eddos","author":"Eder","date":"viernes, 29 Oct, 1999","format":false,"excerpt":"","rel":"","context":"En \u00abPostal expr\u00e9s\u00bb","block_context":{"text":"Postal expr\u00e9s","link":"https:\/\/www.edder.org\/?cat=485"},"img":{"alt_text":"","src":"","width":0,"height":0},"classes":[]},{"id":500,"url":"https:\/\/www.edder.org\/?p=500","url_meta":{"origin":562,"position":2},"title":"Velocidad","author":"Eder","date":"viernes, 30 Oct, 2009","format":false,"excerpt":"A los que nos tira m\u00e1s el Moliner que otros diccionarios\u2026 Y hablando de esa gran se\u00f1ora que fue Mar\u00eda Moliner: en alguno de sus civivox, el Ayuntamiento de Pamplona viene homenajeando durante esta semana a Mar\u00eda del Socorro Tellado L\u00f3pez, infinitamente m\u00e1s conocida como Cor\u00edn Tellado \u2013la ingenua porn\u00f3grafa,\u2026","rel":"","context":"En \u00abNA\u00bb","block_context":{"text":"NA","link":"https:\/\/www.edder.org\/?cat=3"},"img":{"alt_text":"","src":"","width":0,"height":0},"classes":[]},{"id":255,"url":"https:\/\/www.edder.org\/?p=255","url_meta":{"origin":562,"position":3},"title":"N\u00e9potisme \u00e0 la navarroise","author":"Eder","date":"viernes, 13 Feb, 2009","format":false,"excerpt":"Tan joven \u2013el presidente Sanz, digo\u2013 y ya todo un geront\u00f3crata, como Aizp\u00fan en su ancianidad. No soy el \u00fanico navarro que ha tenido ocasi\u00f3n de avergonzarse en lo que va de semana al menos dos veces de nuestro gerontocr\u00e1tico presidente. La primera ocasi\u00f3n de pasar verg\u00fcenza ajena se nos\u2026","rel":"","context":"En \u00abNA\u00bb","block_context":{"text":"NA","link":"https:\/\/www.edder.org\/?cat=3"},"img":{"alt_text":"","src":"","width":0,"height":0},"classes":[]},{"id":1269,"url":"https:\/\/www.edder.org\/?p=1269","url_meta":{"origin":562,"position":4},"title":"La mala arquitectura","author":"Eder","date":"viernes, 31 Dic, 2010","format":false,"excerpt":"","rel":"","context":"En \u00abArtes\u00bb","block_context":{"text":"Artes","link":"https:\/\/www.edder.org\/?cat=85"},"img":{"alt_text":"","src":"","width":0,"height":0},"classes":[]},{"id":150,"url":"https:\/\/www.edder.org\/?p=150","url_meta":{"origin":562,"position":5},"title":"Deconstruyendo la alcachofa","author":"Eder","date":"viernes, 16 May, 2008","format":false,"excerpt":"","rel":"","context":"En \u00abNA\u00bb","block_context":{"text":"NA","link":"https:\/\/www.edder.org\/?cat=3"},"img":{"alt_text":"","src":"","width":0,"height":0},"classes":[]}],"jetpack_likes_enabled":true,"_links":{"self":[{"href":"https:\/\/www.edder.org\/index.php?rest_route=\/wp\/v2\/posts\/562","targetHints":{"allow":["GET"]}}],"collection":[{"href":"https:\/\/www.edder.org\/index.php?rest_route=\/wp\/v2\/posts"}],"about":[{"href":"https:\/\/www.edder.org\/index.php?rest_route=\/wp\/v2\/types\/post"}],"author":[{"embeddable":true,"href":"https:\/\/www.edder.org\/index.php?rest_route=\/wp\/v2\/users\/82"}],"replies":[{"embeddable":true,"href":"https:\/\/www.edder.org\/index.php?rest_route=%2Fwp%2Fv2%2Fcomments&post=562"}],"version-history":[{"count":0,"href":"https:\/\/www.edder.org\/index.php?rest_route=\/wp\/v2\/posts\/562\/revisions"}],"wp:attachment":[{"href":"https:\/\/www.edder.org\/index.php?rest_route=%2Fwp%2Fv2%2Fmedia&parent=562"}],"wp:term":[{"taxonomy":"category","embeddable":true,"href":"https:\/\/www.edder.org\/index.php?rest_route=%2Fwp%2Fv2%2Fcategories&post=562"},{"taxonomy":"post_tag","embeddable":true,"href":"https:\/\/www.edder.org\/index.php?rest_route=%2Fwp%2Fv2%2Ftags&post=562"}],"curies":[{"name":"wp","href":"https:\/\/api.w.org\/{rel}","templated":true}]}}