{"id":560,"date":"2010-01-08T22:33:39","date_gmt":"2010-01-08T21:33:39","guid":{"rendered":"https:\/\/www.edder.org\/?p=560"},"modified":"2018-07-27T16:38:05","modified_gmt":"2018-07-27T14:38:05","slug":"palante-y-patras","status":"publish","type":"post","link":"https:\/\/www.edder.org\/?p=560","title":{"rendered":"P&#8217;alante y p&#8217;atr\u00e1s"},"content":{"rendered":"<p>Seg\u00fan consta en la grabaci\u00f3n que por pura casualidad hice, y que conservo por tener una prueba que me confirme no haberlo so\u00f1ado, el pasado s\u00e1bado, d\u00eda dos de enero del a\u00f1o primero de la segunda d\u00e9cada del siglo XXI, a las veintiuna horas y cuarenta minutos, en una de esas cadena de televisi\u00f3n pedestre \u2013y tambi\u00e9n terrrestre, ya lo creo\u2013, concretamente en la que tiene como \u201cmosca\u201d a un furioso toro bravo \u2013no al est\u00e1tico toro de Osborne, sino a un morlaco en adem\u00e1n de embestir y de \u201c<em>vulcar<\/em> el ambig\u00fa\u201d, dicho sea de la manera m\u00e1s caricaturescamente navarra\u2013, un agitador de masas de esos que andan por las televisiones pedestres esforz\u00e1ndose en encender a la opini\u00f3n p\u00fablica le dijo a la se\u00f1ora presidenta de Uni\u00f3n del Pueblo Navarro, como colof\u00f3n de la entrevista que le acababa de hacer: \u201cNo te vayas de Pamplona, en cualquier caso. Yolanda, much\u00edsimas gracias. Yolanda Barcina: gracias por estar aqu\u00ed y que todo se arregle en Pamplona. Desde luego, que en Navarra ganen los buenos alguna vez, otra vez m\u00e1s \u2013se corrigi\u00f3 sobre la marcha\u2013\u201d. A lo que la se\u00f1ora presidenta de UPN apuntill\u00f3 \u2013que dec\u00eda aqu\u00e9l al que no le sal\u00eda la palabra apostill\u00f3\u2013: \u201cPues esperemos que as\u00ed sea. Como dice el Amejoramiento, siempre <em>p\u2019alante<\/em> y a mejorar\u201d. Obviamente, hasta los malos navarros \u2013malos, por no ejercer profesionalmente, a lo Alfredo Landa o a lo Barcina, de navarros caricaturescos, \u201cbruticos\u201d pero nobles; malos, por no terminar todo en \u201cico\u201d ni ser unos <em>echaos p\u2019alante<\/em>; malos, por no comulgar con los buenos, que ganan siempre, tienen muy mal perder y llegado el caso hacen comulgar a los malos con ruedas de molino\u2013, digo que hasta los peores navarros sabemos que el Amejoramiento, as\u00ed que lo conozcamos de o\u00eddas, no dice las catetadas que Barcina le atribuye. Eso lo dice, como sabe hasta el navarro que menos ejerce de tal, la jota del maestro Larregla a la que un poeta \u2013aragon\u00e9s, para m\u00e1s se\u00f1as\u2013 puso letra al final del XIX, siglo hacia el que sin duda vamos, <em>p\u2019atr\u00e1s<\/em> y a toda mecha.<\/p>\n<p align=\"right\">Publicado en <a target=\"blank\" href=\"http:\/\/www.diariodenoticias.com\/opinion\/columnistas\/postal-expres\">Diario de Noticias<\/a><br \/>\n<img class=\"lazyload\" decoding=\"async\" align=\"right\" title=\"dn\" alt=\"dn\" src=\"data:image\/gif;base64,R0lGODlhAQABAAAAACH5BAEKAAEALAAAAAABAAEAAAICTAEAOw==\" data-orig-src=\"https:\/\/www.edder.org\/images\/dn.gif\" \/><\/p>\n","protected":false},"excerpt":{"rendered":"<p>Seg\u00fan consta en la grabaci\u00f3n que por pura casualidad hice, y que conservo por tener una prueba que me confirme no haberlo so\u00f1ado, el pasado s\u00e1bado, d\u00eda dos de enero del a\u00f1o primero de la segunda d\u00e9cada del siglo XXI, a las veintiuna horas y cuarenta minutos, en una de esas cadena de televisi\u00f3n pedestre \u2013y tambi\u00e9n terrrestre, ya lo creo\u2013, concretamente en la que tiene como \u201cmosca\u201d a un furioso toro bravo \u2013no al est\u00e1tico toro de Osborne, sino a un morlaco en adem\u00e1n de embestir y de \u201cvulcar el ambig\u00fa\u201d, dicho sea de la manera m\u00e1s caricaturescamente navarra\u2013, un agitador de masas de esos que andan por las televisiones pedestres esforz\u00e1ndose en encender a la opini\u00f3n p\u00fablica le dijo a la se\u00f1ora presidenta de Uni\u00f3n  [&#8230;]<\/p>\n","protected":false},"author":82,"featured_media":0,"comment_status":"open","ping_status":"open","sticky":false,"template":"","format":"standard","meta":{"jetpack_post_was_ever_published":false,"_jetpack_newsletter_access":"","_jetpack_dont_email_post_to_subs":false,"_jetpack_newsletter_tier_id":0,"_jetpack_memberships_contains_paywalled_content":false,"_jetpack_memberships_contains_paid_content":false,"footnotes":"","jetpack_publicize_message":"","jetpack_publicize_feature_enabled":true,"jetpack_social_post_already_shared":false,"jetpack_social_options":{"image_generator_settings":{"template":"highway","default_image_id":0,"font":"","enabled":false},"version":2}},"categories":[3],"tags":[],"class_list":["post-560","post","type-post","status-publish","format-standard","hentry","category-na"],"jetpack_publicize_connections":[],"jetpack_featured_media_url":"","jetpack_shortlink":"https:\/\/wp.me\/p6kHv-92","jetpack_sharing_enabled":true,"jetpack-related-posts":[{"id":519,"url":"https:\/\/www.edder.org\/?p=519","url_meta":{"origin":560,"position":0},"title":"Yolanda y \u00abyo, Landa\u00bb","author":"Eder","date":"viernes, 20 Nov, 2009","format":false,"excerpt":"Yolanda, todo junto, y \u201cyo, Landa\u201d, por separado, no como Melinda y Melinda. Por un lado, Yolanda: esa se\u00f1ora que conjuga tradici\u00f3n y modernidad al vindicar la reacci\u00f3n integrista de los Rodezno y al ejecutar las m\u00e1s modernas obras de arquitectura, como el inminente Museo de los Sanfermines. Por otro\u2026","rel":"","context":"En \u00abNA\u00bb","block_context":{"text":"NA","link":"https:\/\/www.edder.org\/?cat=3"},"img":{"alt_text":"","src":"","width":0,"height":0},"classes":[]},{"id":635,"url":"https:\/\/www.edder.org\/?p=635","url_meta":{"origin":560,"position":1},"title":"Ba\u00fal de los recuerdos","author":"Eder","date":"s\u00e1bado, 3 Abr, 2010","format":false,"excerpt":"Navarra en el Plan Divino Yolanda y \u00abyo, Landa\u00bb Alcanfor Alcanfor de Espa\u00f1a Pamplonesas todas","rel":"","context":"En \u00abNA\u00bb","block_context":{"text":"NA","link":"https:\/\/www.edder.org\/?cat=3"},"img":{"alt_text":"","src":"","width":0,"height":0},"classes":[]},{"id":385,"url":"https:\/\/www.edder.org\/?p=385","url_meta":{"origin":560,"position":2},"title":"Grandeza de un miserable llamado Odiseo","author":"Eder","date":"viernes, 15 May, 2009","format":false,"excerpt":"Cuando oigo a la se\u00f1ora Barcina (que tan favorecida sali\u00f3 ayer en la \u00faltima p\u00e1gina de El Pa\u00eds: \u201ccat\u00f3lica practicante sin exagerar\u201d, se dec\u00eda ella misma \u2013nada que ver con el nacionalcatolicismo de anta\u00f1o: aquel que bautizaba las calles de Pamplona con nombres de nuncios y pont\u00edfices vaticanos, aunque hoy\u2026","rel":"","context":"En \u00abNA\u00bb","block_context":{"text":"NA","link":"https:\/\/www.edder.org\/?cat=3"},"img":{"alt_text":"","src":"","width":0,"height":0},"classes":[]},{"id":31,"url":"https:\/\/www.edder.org\/?p=31","url_meta":{"origin":560,"position":3},"title":"Feliz navidad, don Ricardo","author":"Eder","date":"viernes, 16 Dic, 2005","format":false,"excerpt":"Feliz navidad, don Ricardo, por descontado que de Le\u00f3n. Feliz navidad, sin m\u00e1s. Lo de una muy pr\u00f3spera jubilaci\u00f3n en el a\u00f1o nuevo, a don Ricardo ya se lo resolvi\u00f3 UPN este verano. Eso qued\u00f3 resuelto tras su relevo en la \u00ednsula navarra de Madrid, con un retiro a la\u2026","rel":"","context":"En \u00abNA\u00bb","block_context":{"text":"NA","link":"https:\/\/www.edder.org\/?cat=3"},"img":{"alt_text":"","src":"","width":0,"height":0},"classes":[]},{"id":154,"url":"https:\/\/www.edder.org\/?p=154","url_meta":{"origin":560,"position":4},"title":"Suavemente me mata","author":"Eder","date":"viernes, 13 Jun, 2008","format":false,"excerpt":"Urge que una autoridad como la doctora en Farmacia Yolanda Barcina despeje las dudas que inquietan a la poblaci\u00f3n sobre qu\u00e9 clase de energizante, revitalizante o estimulante es el Red Bull. Como ya han se\u00f1alado los cronistas, san Google bendito enturbia m\u00e1s que elucida la cuesti\u00f3n. Que se pronuncie la\u2026","rel":"","context":"En \u00abNA\u00bb","block_context":{"text":"NA","link":"https:\/\/www.edder.org\/?cat=3"},"img":{"alt_text":"","src":"","width":0,"height":0},"classes":[]},{"id":11748,"url":"https:\/\/www.edder.org\/?p=11748","url_meta":{"origin":560,"position":5},"title":"El \u00abmaestro\u00bb Carlos Herrera inspira a Barcina","author":"Eder","date":"martes, 9 Jun, 2015","format":false,"excerpt":"El locutor radiof\u00f3nico Carlos Herrera inspira a la catedr\u00e1tica de Bromat\u00f3log\u00eda Yolanda Barcina. D\u00edas despu\u00e9s de o\u00edr al \u00abmaestro\u00bb en un acto organizado por un think tank del PP, Barcina repetir\u00eda en TVE como un lorito lo dicho por Herrera en Pamplona, la tarde de gloria torera del 12 de\u2026","rel":"","context":"En \u00abNA\u00bb","block_context":{"text":"NA","link":"https:\/\/www.edder.org\/?cat=3"},"img":{"alt_text":"","src":"https:\/\/i0.wp.com\/www.edder.org\/upload\/2015\/06\/Screen-Shot-2015-06-09-at-22.48.46.png?resize=350%2C200&ssl=1","width":350,"height":200,"srcset":"https:\/\/i0.wp.com\/www.edder.org\/upload\/2015\/06\/Screen-Shot-2015-06-09-at-22.48.46.png?resize=350%2C200&ssl=1 1x, https:\/\/i0.wp.com\/www.edder.org\/upload\/2015\/06\/Screen-Shot-2015-06-09-at-22.48.46.png?resize=525%2C300&ssl=1 1.5x, https:\/\/i0.wp.com\/www.edder.org\/upload\/2015\/06\/Screen-Shot-2015-06-09-at-22.48.46.png?resize=700%2C400&ssl=1 2x"},"classes":[]}],"jetpack_likes_enabled":true,"_links":{"self":[{"href":"https:\/\/www.edder.org\/index.php?rest_route=\/wp\/v2\/posts\/560","targetHints":{"allow":["GET"]}}],"collection":[{"href":"https:\/\/www.edder.org\/index.php?rest_route=\/wp\/v2\/posts"}],"about":[{"href":"https:\/\/www.edder.org\/index.php?rest_route=\/wp\/v2\/types\/post"}],"author":[{"embeddable":true,"href":"https:\/\/www.edder.org\/index.php?rest_route=\/wp\/v2\/users\/82"}],"replies":[{"embeddable":true,"href":"https:\/\/www.edder.org\/index.php?rest_route=%2Fwp%2Fv2%2Fcomments&post=560"}],"version-history":[{"count":0,"href":"https:\/\/www.edder.org\/index.php?rest_route=\/wp\/v2\/posts\/560\/revisions"}],"wp:attachment":[{"href":"https:\/\/www.edder.org\/index.php?rest_route=%2Fwp%2Fv2%2Fmedia&parent=560"}],"wp:term":[{"taxonomy":"category","embeddable":true,"href":"https:\/\/www.edder.org\/index.php?rest_route=%2Fwp%2Fv2%2Fcategories&post=560"},{"taxonomy":"post_tag","embeddable":true,"href":"https:\/\/www.edder.org\/index.php?rest_route=%2Fwp%2Fv2%2Ftags&post=560"}],"curies":[{"name":"wp","href":"https:\/\/api.w.org\/{rel}","templated":true}]}}