{"id":55,"date":"2006-05-05T21:51:23","date_gmt":"2006-05-05T19:51:23","guid":{"rendered":"https:\/\/www.edder.org\/?p=55"},"modified":"2018-07-27T16:38:42","modified_gmt":"2018-07-27T14:38:42","slug":"monumentos","status":"publish","type":"post","link":"https:\/\/www.edder.org\/?p=55","title":{"rendered":"Monumentos"},"content":{"rendered":"<p>Cinco de mayo: <em>habemus<\/em> cartel de Sanferm&iacute;n. Pero no quer&iacute;a hablar del cartel. Los carteles van adonde habita el olvido. No quiero hablar del olvido sino de la memoria. La memoria es el espejo de los ausentes. Monumento no significa m&aacute;s que lugar de la memoria. Los monumentos son espejos, a menudo polvorientos, empa&ntilde;ados, rotos. A menudo los monumentos, como los espejos, dan miedo: est&aacute;n asfixiados por los oropeles de un marco pretencioso, por la ret&oacute;rica grandilocuente de las ideas terribles &ndash;esas por las que se muere y se mata&ndash;. En Pamplona no hay muchos monumentos. Est&aacute; el de los Ca&iacute;dos, no ya como el marco grandilocuente de una idea patri&oacute;tica que debe tanto al tradicionalismo teocr&aacute;tico &ndash;inventor de &laquo;los M&aacute;rtires de la Tradici&oacute;n&raquo;&ndash; como a la ret&oacute;rica totalitaria &ndash;la &laquo;luz de los ca&iacute;dos que ilumina los caminos de los combatientes hacia la victoria&raquo;&ndash;, sino como escenograf&iacute;a siniestra de una memoria de infamias. Est&aacute; el Monumento a los Fueros, con sus oropeles, pero reconocible como monumento, porque alguien quiso con &eacute;l conmemorar algo &ndash;ver en el espejo de la memoria&ndash; y muchos le siguieron sufragando ese lugar para el recuerdo. Nunca se inaugur&oacute; oficialmente, por lo que resulta menos horrible, menos ret&oacute;rico. Estaba &ndash;no sabemos si volver&aacute; a estar&ndash; la estela en memoria de Germ&aacute;n Rodr&iacute;guez, sin ning&uacute;n ornamento, un hito de la memoria sin m&aacute;s. Un hito de la memoria no ya s&oacute;lo del muerto, sino un hito por el que unos ciudadanos rememoran los hechos de una &eacute;poca que no quieren entregar al olvido. La estela de Germ&aacute;n Rodr&iacute;guez sol&iacute;a estar ah&iacute;, a menudo polvorienta y olvidada. Ah&iacute; debiera seguir: donde han de estar los espejos de la memoria que, al quitarles el polvo, devuelven im&aacute;genes verdaderas del pasado. Pero es de temer que quienes levantan decorativos e in&uacute;tiles monumentos a lo que se recuerda por s&iacute; solo &ndash;el encierro&ndash;, no quieran devolver la estela a su lugar, eliminando uno de los pocos &ndash;si no el &uacute;nico&ndash; monumentos verdaderos de la ciudad y procurando &ndash;a&uacute;n m&aacute;s&ndash; por su desmemoria.<\/p>\n<div align=\"right\">Publicado en <a href=\"http:\/\/www.noticiasdenavarra.com\/ediciones\/2006\/05\/05\/opinion\/contra.php\" target=\"blank\">Diario de Noticias<\/a><img class=\"lazyload\" decoding=\"async\" align=\"right\" alt=\"dn\" src=\"data:image\/gif;base64,R0lGODlhAQABAAAAACH5BAEKAAEALAAAAAABAAEAAAICTAEAOw==\" data-orig-src=\"https:\/\/www.edder.org\/images\/dn.gif\" title=\"dn\" \/><\/div>\n","protected":false},"excerpt":{"rendered":"<p>Cinco de mayo: habemus cartel de Sanferm&iacute;n. Pero no quer&iacute;a hablar del cartel. Los carteles van adonde habita el olvido. No quiero hablar del olvido sino de la memoria. La memoria es el espejo de los ausentes. Monumento no significa m&aacute;s que lugar de la memoria. Los monumentos son espejos, a menudo polvorientos, empa&ntilde;ados, rotos. A menudo los monumentos, como los espejos, dan miedo: est&aacute;n asfixiados por los oropeles de un marco pretencioso, por la ret&oacute;rica grandilocuente de las ideas terribles &ndash;esas por las que se muere y se mata&ndash;. En Pamplona no hay muchos monumentos. Est&aacute; el de los Ca&iacute;dos, no ya como el marco grandilocuente de una idea patri&oacute;tica que debe tanto al tradicionalismo teocr&aacute;tico &ndash;inventor de &laquo;los M&aacute;rtires de la Tradici&oacute;n&raquo;&ndash; como a la  [&#8230;]<\/p>\n","protected":false},"author":82,"featured_media":0,"comment_status":"open","ping_status":"open","sticky":false,"template":"","format":"standard","meta":{"jetpack_post_was_ever_published":false,"_jetpack_newsletter_access":"","_jetpack_dont_email_post_to_subs":false,"_jetpack_newsletter_tier_id":0,"_jetpack_memberships_contains_paywalled_content":false,"_jetpack_memberships_contains_paid_content":false,"footnotes":"","jetpack_publicize_message":"","jetpack_publicize_feature_enabled":true,"jetpack_social_post_already_shared":false,"jetpack_social_options":{"image_generator_settings":{"template":"highway","default_image_id":0,"font":"","enabled":false},"version":2}},"categories":[3,1],"tags":[],"class_list":["post-55","post","type-post","status-publish","format-standard","hentry","category-na","category-sin-categorizar"],"jetpack_publicize_connections":[],"jetpack_featured_media_url":"","jetpack_shortlink":"https:\/\/wp.me\/p6kHv-T","jetpack_sharing_enabled":true,"jetpack-related-posts":[{"id":13251,"url":"https:\/\/www.edder.org\/?p=13251","url_meta":{"origin":55,"position":0},"title":"Los Ca\u00eddos: \u00ab\u00a1Presente!\u00bb","author":"Eder","date":"viernes, 2 Sep, 2016","format":false,"excerpt":"","rel":"","context":"En \u00abSin categorizar\u00bb","block_context":{"text":"Sin categorizar","link":"https:\/\/www.edder.org\/?cat=1"},"img":{"alt_text":"","src":"https:\/\/i0.wp.com\/www.edder.org\/upload\/2016\/09\/caidos.jpg?resize=350%2C200&ssl=1","width":350,"height":200},"classes":[]},{"id":12436,"url":"https:\/\/www.edder.org\/?p=12436","url_meta":{"origin":55,"position":1},"title":"Sobre los Ca\u00eddos (Anselm Kiefer: otras rehabilitaciones)","author":"Eder","date":"lunes, 12 Oct, 2015","format":false,"excerpt":"Veo que hay quien ha tomado en consideraci\u00f3n alguno de los argumentos que expuse en mi art\u00edculo sobre el cambio de nombre de la plaza Conde de Rodezno y rompe el cerrado silencio pamplon\u00e9s\u00a0sobre ese asunto (\u00abNo perjudiquemos a los nuestros\u00bb, cuando los nuestros deben ser criticados m\u00e1s que los\u2026","rel":"","context":"En \u00abSin categorizar\u00bb","block_context":{"text":"Sin categorizar","link":"https:\/\/www.edder.org\/?cat=1"},"img":{"alt_text":"","src":"https:\/\/i0.wp.com\/edder.org\/images\/kiefer\/kiefer1.jpg?resize=350%2C200","width":350,"height":200,"srcset":"https:\/\/i0.wp.com\/edder.org\/images\/kiefer\/kiefer1.jpg?resize=350%2C200 1x, https:\/\/i0.wp.com\/edder.org\/images\/kiefer\/kiefer1.jpg?resize=525%2C300 1.5x"},"classes":[]},{"id":12373,"url":"https:\/\/www.edder.org\/?p=12373","url_meta":{"origin":55,"position":2},"title":"Derruir Los Ca\u00eddos","author":"Eder","date":"viernes, 29 Oct, 1999","format":false,"excerpt":"","rel":"","context":"En \u00abPostal expr\u00e9s\u00bb","block_context":{"text":"Postal expr\u00e9s","link":"https:\/\/www.edder.org\/?cat=485"},"img":{"alt_text":"","src":"","width":0,"height":0},"classes":[]},{"id":12352,"url":"https:\/\/www.edder.org\/?p=12352","url_meta":{"origin":55,"position":3},"title":"De Rodezno a Esparza","author":"Eder","date":"martes, 22 Sep, 2015","format":false,"excerpt":"\u00a0 \u00a0 En contra de lo que dice Woody Allen en Wild Man Blues \u2013\u00abLo peor son los alcaldes\u00bb\u2013, los alcaldes son de lo mejor que \u00abel cambio\u00bb ha tra\u00eddo por el momento. Si bien el acalde de Pamplona no anda \u00faltimamente muy atinado. Particularmente desacertado me ha parecido Asiron\u2026","rel":"","context":"En \u00abSin categorizar\u00bb","block_context":{"text":"Sin categorizar","link":"https:\/\/www.edder.org\/?cat=1"},"img":{"alt_text":"","src":"https:\/\/i0.wp.com\/www.edder.org\/upload\/2015\/09\/caidos.gif?resize=350%2C200&ssl=1","width":350,"height":200,"srcset":"https:\/\/i0.wp.com\/www.edder.org\/upload\/2015\/09\/caidos.gif?resize=350%2C200&ssl=1 1x, https:\/\/i0.wp.com\/www.edder.org\/upload\/2015\/09\/caidos.gif?resize=525%2C300&ssl=1 1.5x"},"classes":[]},{"id":710,"url":"https:\/\/www.edder.org\/?p=710","url_meta":{"origin":55,"position":4},"title":"Las maletas del arquitecto","author":"Eder","date":"viernes, 7 May, 2010","format":false,"excerpt":"","rel":"","context":"En \u00abNA\u00bb","block_context":{"text":"NA","link":"https:\/\/www.edder.org\/?cat=3"},"img":{"alt_text":"","src":"https:\/\/i0.wp.com\/www.edder.org\/upload\/2010\/05\/huder_yarnoz.jpg?resize=350%2C200&ssl=1","width":350,"height":200,"srcset":"https:\/\/i0.wp.com\/www.edder.org\/upload\/2010\/05\/huder_yarnoz.jpg?resize=350%2C200&ssl=1 1x, https:\/\/i0.wp.com\/www.edder.org\/upload\/2010\/05\/huder_yarnoz.jpg?resize=525%2C300&ssl=1 1.5x"},"classes":[]},{"id":114,"url":"https:\/\/www.edder.org\/?p=114","url_meta":{"origin":55,"position":5},"title":"Memoria y olvido","author":"Eder","date":"viernes, 19 Oct, 2007","format":false,"excerpt":"La desalentadoras declaraciones a las agencias de prensa en materia c\u00edvica del nuevo arzobispo de Pamplona y obispo de Tudela, se\u00f1or P\u00e9rez \u2013el se\u00f1or que al hilo de la llamada Ley de Memoria ha hablado de la irreversibilidad de los pantanos franquistas: ese mismo se\u00f1or que nos invita al saludable\u2026","rel":"","context":"En \u00abNA\u00bb","block_context":{"text":"NA","link":"https:\/\/www.edder.org\/?cat=3"},"img":{"alt_text":"","src":"","width":0,"height":0},"classes":[]}],"jetpack_likes_enabled":true,"_links":{"self":[{"href":"https:\/\/www.edder.org\/index.php?rest_route=\/wp\/v2\/posts\/55","targetHints":{"allow":["GET"]}}],"collection":[{"href":"https:\/\/www.edder.org\/index.php?rest_route=\/wp\/v2\/posts"}],"about":[{"href":"https:\/\/www.edder.org\/index.php?rest_route=\/wp\/v2\/types\/post"}],"author":[{"embeddable":true,"href":"https:\/\/www.edder.org\/index.php?rest_route=\/wp\/v2\/users\/82"}],"replies":[{"embeddable":true,"href":"https:\/\/www.edder.org\/index.php?rest_route=%2Fwp%2Fv2%2Fcomments&post=55"}],"version-history":[{"count":0,"href":"https:\/\/www.edder.org\/index.php?rest_route=\/wp\/v2\/posts\/55\/revisions"}],"wp:attachment":[{"href":"https:\/\/www.edder.org\/index.php?rest_route=%2Fwp%2Fv2%2Fmedia&parent=55"}],"wp:term":[{"taxonomy":"category","embeddable":true,"href":"https:\/\/www.edder.org\/index.php?rest_route=%2Fwp%2Fv2%2Fcategories&post=55"},{"taxonomy":"post_tag","embeddable":true,"href":"https:\/\/www.edder.org\/index.php?rest_route=%2Fwp%2Fv2%2Ftags&post=55"}],"curies":[{"name":"wp","href":"https:\/\/api.w.org\/{rel}","templated":true}]}}