{"id":545,"date":"2009-12-18T19:43:14","date_gmt":"2009-12-18T18:43:14","guid":{"rendered":"https:\/\/www.edder.org\/?p=545"},"modified":"2018-07-27T16:38:05","modified_gmt":"2018-07-27T14:38:05","slug":"los-libros","status":"publish","type":"post","link":"https:\/\/www.edder.org\/?p=545","title":{"rendered":"Los libros"},"content":{"rendered":"<p>Un d\u00eda, por qu\u00e9 no, eso que ahora llaman \u201clibros electr\u00f3nicos\u201d, aunque su electr\u00f3nica sea rudimentaria y de libros no tengan m\u00e1s que la forma aproximada, quiz\u00e1 sean objetos casi tan extraordinarios como los libros de verdad. Eso ser\u00e1 un d\u00eda, aunque nada indica que ese d\u00eda vaya a ser ma\u00f1ana ni pasado. Quiz\u00e1 dentro de un a\u00f1o o dentro de tres alguien que trabaja en la oscuridad de un garaje nos presente algo que produzca remotamente la sensaci\u00f3n de tener en las manos un invento casi tan extraordinario como el libro. Aun as\u00ed, a los aparatos electr\u00f3nicos reproductores de textos \u2013por el momento de texto en bruto y presentado muy a lo bruto\u2013, \u00e9sos a los que con poca propiedad y bastante precipitaci\u00f3n llamamos \u201clibros electr\u00f3nicos\u201d, les espera mucho camino por andar. Si son un buen invento, su camino tal vez sea tan largo como el de los libros. Los libros, que en el \u00faltimo medio milenio han evolucionado poco porque es dif\u00edcil mejorar la inmejorable, no s\u00f3lo son uno de esos inventos por los que creemos que nuestro paso por el mundo como especie pensante no ha sido completamente en vano: son, precisamente, el invento con el que el pensamiento y la imaginaci\u00f3n tratan de durar en el tiempo. Por descontado que cualquier ayuda \u2013electr\u00f3nica o no\u2013 en esa aspiraci\u00f3n les vendr\u00e1 bien. Ya no como medio de trasmisi\u00f3n de los sue\u00f1os y de las ideas, sino como idea misma, el libro tiene una larga historia. Tiene su renacimiento en el Renacimiento, donde las reglas de oro que rigen la forma ideal de la lectura \u2013de la disposici\u00f3n del negro sobre el blanco\u2013 quedan establecidas para siempre; tiene una Ilustraci\u00f3n, cuyos sue\u00f1os comparte, y ha evolucionado junto a todos y cada uno de los movimientos art\u00edsticos de la modernidad. Pero sobre todo, como notar\u00e1 cualquiera al abrir un viejo libro que signifique algo para \u00e9l, el libro se ofrece a los sentidos, a la vista, al tacto, al olfato y al gusto \u2013al menos al gusto est\u00e9tico\u2013 como no pueden ofrecerse otros objetos.<\/p>\n<p align=\"right\">Publicado en <a target=\"blank\" href=\"http:\/\/www.diariodenoticias.com\/opinion\/columnistas\/postal-expres\">Diario de Noticias<\/a><br \/>\n<img class=\"lazyload\" decoding=\"async\" align=\"right\" title=\"dn\" alt=\"dn\" src=\"data:image\/gif;base64,R0lGODlhAQABAAAAACH5BAEKAAEALAAAAAABAAEAAAICTAEAOw==\" data-orig-src=\"https:\/\/www.edder.org\/images\/dn.gif\" \/><\/p>\n<p><img class=\"lazyload\" decoding=\"async\" title=\"no_face\" alt=\"no_face\" src=\"data:image\/gif;base64,R0lGODlhAQABAAAAACH5BAEKAAEALAAAAAABAAEAAAICTAEAOw==\" data-orig-src=\"https:\/\/www.edder.org\/images\/no_facebook.gif\" \/><img class=\"lazyload\" decoding=\"async\" title=\"no_twitter\" alt=\"no_twitter\" src=\"data:image\/gif;base64,R0lGODlhAQABAAAAACH5BAEKAAEALAAAAAABAAEAAAICTAEAOw==\" data-orig-src=\"https:\/\/www.edder.org\/images\/no_twitter.gif\" \/><\/p>\n","protected":false},"excerpt":{"rendered":"<p>Un d\u00eda, por qu\u00e9 no, eso que ahora llaman \u201clibros electr\u00f3nicos\u201d, aunque su electr\u00f3nica sea rudimentaria y de libros no tengan m\u00e1s que la forma aproximada, quiz\u00e1 sean objetos casi tan extraordinarios como los libros de verdad. Eso ser\u00e1 un d\u00eda, aunque nada indica que ese d\u00eda vaya a ser ma\u00f1ana ni pasado. Quiz\u00e1 dentro de un a\u00f1o o dentro de tres alguien que trabaja en la oscuridad de un garaje nos presente algo que produzca remotamente la sensaci\u00f3n de tener en las manos un invento casi tan extraordinario como el libro. Aun as\u00ed, a los aparatos electr\u00f3nicos reproductores de textos \u2013por el momento de texto en bruto y presentado muy a lo bruto\u2013, \u00e9sos a los que con poca propiedad y bastante precipitaci\u00f3n llamamos \u201clibros electr\u00f3nicos\u201d,  [&#8230;]<\/p>\n","protected":false},"author":82,"featured_media":0,"comment_status":"open","ping_status":"open","sticky":false,"template":"","format":"standard","meta":{"jetpack_post_was_ever_published":false,"_jetpack_newsletter_access":"","_jetpack_dont_email_post_to_subs":false,"_jetpack_newsletter_tier_id":0,"_jetpack_memberships_contains_paywalled_content":false,"_jetpack_memberships_contains_paid_content":false,"footnotes":"","jetpack_publicize_message":"","jetpack_publicize_feature_enabled":true,"jetpack_social_post_already_shared":false,"jetpack_social_options":{"image_generator_settings":{"template":"highway","default_image_id":0,"font":"","enabled":false},"version":2}},"categories":[1],"tags":[71],"class_list":["post-545","post","type-post","status-publish","format-standard","hentry","category-sin-categorizar","tag-libros-electronicos"],"jetpack_publicize_connections":[],"jetpack_featured_media_url":"","jetpack_shortlink":"https:\/\/wp.me\/p6kHv-8N","jetpack_sharing_enabled":true,"jetpack-related-posts":[{"id":918,"url":"https:\/\/www.edder.org\/?p=918","url_meta":{"origin":545,"position":0},"title":"El tama\u00f1o de los libros, por Juan G. Ponce","author":"Eder","date":"lunes, 16 Ago, 2010","format":false,"excerpt":"Un libro es, tambi\u00e9n, un objeto. Pero es un objeto cerrado, cuya apariencia no nos entrega su secreto, sino que, al contrario, con mucha frecuencia contribuye a apartarnos de \u00e9l, como, desgraciadamente, ocurre con otras muchas manifestaciones de la vida del esp\u00edritu en el mundo contempor\u00e1neo, dando lugar a la\u2026","rel":"","context":"En \u00abLetras\u00bb","block_context":{"text":"Letras","link":"https:\/\/www.edder.org\/?cat=93"},"img":{"alt_text":"","src":"","width":0,"height":0},"classes":[]},{"id":13640,"url":"https:\/\/www.edder.org\/?p=13640","url_meta":{"origin":545,"position":1},"title":"Lectura de Juan Goytisolo hacia 1977","author":"Eder","date":"mi\u00e9rcoles, 7 Jun, 2017","format":false,"excerpt":"Como Eduardo Haro Ibars, autor del texto que pego a continuaci\u00f3n, fui cautivado por la lectura de Juan Goytisolo \u2013ganado para su causa\u2013 en la segunda mitad de los 70. Sus libros no estaban en la biblioteca de la Universidad de Navarra \u2013tal vez s\u00ed en el s\u00f3tano de los\u2026","rel":"","context":"En \u00abLetras\u00bb","block_context":{"text":"Letras","link":"https:\/\/www.edder.org\/?cat=93"},"img":{"alt_text":"","src":"https:\/\/i0.wp.com\/www.edder.org\/upload\/2017\/06\/goytisolocover.jpg?resize=350%2C200&ssl=1","width":350,"height":200},"classes":[]},{"id":102,"url":"https:\/\/www.edder.org\/?p=102","url_meta":{"origin":545,"position":2},"title":"En memoria de Ram\u00f3n Bengaray","author":"Eder","date":"viernes, 1 Jun, 2007","format":false,"excerpt":"","rel":"","context":"En \u00abNA\u00bb","block_context":{"text":"NA","link":"https:\/\/www.edder.org\/?cat=3"},"img":{"alt_text":"","src":"https:\/\/i0.wp.com\/www.edder.org\/upload\/2025\/12\/bengaray2.png?resize=350%2C200&ssl=1","width":350,"height":200,"srcset":"https:\/\/i0.wp.com\/www.edder.org\/upload\/2025\/12\/bengaray2.png?resize=350%2C200&ssl=1 1x, https:\/\/i0.wp.com\/www.edder.org\/upload\/2025\/12\/bengaray2.png?resize=525%2C300&ssl=1 1.5x"},"classes":[]},{"id":41942,"url":"https:\/\/www.edder.org\/?p=41942","url_meta":{"origin":545,"position":3},"title":"La Virgen de agosto, escalera hacia el cielo, o de la mucha utilidad de los libros voluminosos","author":"Eder","date":"martes, 15 Ago, 2023","format":false,"excerpt":"","rel":"","context":"En \u00abCine\u00bb","block_context":{"text":"Cine","link":"https:\/\/www.edder.org\/?cat=79"},"img":{"alt_text":"","src":"https:\/\/i0.wp.com\/www.edder.org\/upload\/2023\/08\/lamarr.jpeg?resize=350%2C200&ssl=1","width":350,"height":200,"srcset":"https:\/\/i0.wp.com\/www.edder.org\/upload\/2023\/08\/lamarr.jpeg?resize=350%2C200&ssl=1 1x, https:\/\/i0.wp.com\/www.edder.org\/upload\/2023\/08\/lamarr.jpeg?resize=525%2C300&ssl=1 1.5x, https:\/\/i0.wp.com\/www.edder.org\/upload\/2023\/08\/lamarr.jpeg?resize=700%2C400&ssl=1 2x, https:\/\/i0.wp.com\/www.edder.org\/upload\/2023\/08\/lamarr.jpeg?resize=1050%2C600&ssl=1 3x, https:\/\/i0.wp.com\/www.edder.org\/upload\/2023\/08\/lamarr.jpeg?resize=1400%2C800&ssl=1 4x"},"classes":[]},{"id":95,"url":"https:\/\/www.edder.org\/?p=95","url_meta":{"origin":545,"position":4},"title":"Pr\u00f3logo y ep\u00edlogo","author":"Eder","date":"viernes, 13 Abr, 2007","format":false,"excerpt":"Gran ambiente: Mariano Rajoy, el prologuista del pr\u00f3ximo libro de saldo de del Burgo, en Pamplona. Es lo que hay: del Burgo no se rinde en su tenaz y fallido intento de escribir alg\u00fan d\u00eda un best-seller. La realidad, tozuda como ella sola, va enviando las ediciones de sus libros,\u2026","rel":"","context":"En \u00abNA\u00bb","block_context":{"text":"NA","link":"https:\/\/www.edder.org\/?cat=3"},"img":{"alt_text":"","src":"","width":0,"height":0},"classes":[]},{"id":565,"url":"https:\/\/www.edder.org\/?p=565","url_meta":{"origin":545,"position":5},"title":"El sue\u00f1o de Kafka o la Pamplona de Zulueta","author":"Eder","date":"jueves, 21 Ene, 2010","format":false,"excerpt":"La tragedia de las estrellas, dice en alguno de sus libros Serge Daney, es ser sustituidas en vida por su imagen. La tragedia de las estrellas y la de los malditos. Me acuerdo como si fuera ayer de la unci\u00f3n con que a mediados de los 80 vimos Arrebato, de\u2026","rel":"","context":"En \u00abNA\u00bb","block_context":{"text":"NA","link":"https:\/\/www.edder.org\/?cat=3"},"img":{"alt_text":"","src":"","width":0,"height":0},"classes":[]}],"jetpack_likes_enabled":true,"_links":{"self":[{"href":"https:\/\/www.edder.org\/index.php?rest_route=\/wp\/v2\/posts\/545","targetHints":{"allow":["GET"]}}],"collection":[{"href":"https:\/\/www.edder.org\/index.php?rest_route=\/wp\/v2\/posts"}],"about":[{"href":"https:\/\/www.edder.org\/index.php?rest_route=\/wp\/v2\/types\/post"}],"author":[{"embeddable":true,"href":"https:\/\/www.edder.org\/index.php?rest_route=\/wp\/v2\/users\/82"}],"replies":[{"embeddable":true,"href":"https:\/\/www.edder.org\/index.php?rest_route=%2Fwp%2Fv2%2Fcomments&post=545"}],"version-history":[{"count":0,"href":"https:\/\/www.edder.org\/index.php?rest_route=\/wp\/v2\/posts\/545\/revisions"}],"wp:attachment":[{"href":"https:\/\/www.edder.org\/index.php?rest_route=%2Fwp%2Fv2%2Fmedia&parent=545"}],"wp:term":[{"taxonomy":"category","embeddable":true,"href":"https:\/\/www.edder.org\/index.php?rest_route=%2Fwp%2Fv2%2Fcategories&post=545"},{"taxonomy":"post_tag","embeddable":true,"href":"https:\/\/www.edder.org\/index.php?rest_route=%2Fwp%2Fv2%2Ftags&post=545"}],"curies":[{"name":"wp","href":"https:\/\/api.w.org\/{rel}","templated":true}]}}