{"id":53,"date":"2006-04-21T19:03:11","date_gmt":"2006-04-21T17:03:11","guid":{"rendered":"https:\/\/www.edder.org\/?p=53"},"modified":"2018-07-27T16:38:42","modified_gmt":"2018-07-27T14:38:42","slug":"con-lacan-y-en-la-can","status":"publish","type":"post","link":"https:\/\/www.edder.org\/?p=53","title":{"rendered":"Con Lacan y en la CAN"},"content":{"rendered":"<p>Con Lacan. \u00bfSab\u00eda usted que lo navarristas que tan acerbamente tiran contra los catalanistas, est\u00e1n hechos de la madera ideol\u00f3gica de Jes\u00fas Aizp\u00fan Tuero, descendiente del hist\u00f3rico pol\u00edtico navarro Rafael Aizp\u00fan Santaf\u00e9, que curs\u00f3 estudios en Barcelona, donde frecuent\u00f3 a ilustres figuras del catalanismo que informar\u00edan el navarrismo del padre, del hijo y del santo esp\u00edritu navarrista ???dicho sea en este a\u00f1o santo???? Como para psicoanalizarse con Lacan. Lacan, ante la certeza freudiana ???confirmada por UPN??? de que los hijos tiran contra los padres, se apresur\u00f3 a deshacerse de ellos: nunca ???dijo Lacan, como Groucho??? pertenecer\u00eda a un club de lacanianos. Rafael Aizp\u00fan Santaf\u00e9 debi\u00f3 haber dicho lo mismo. En la CAN. Soy de esos exc\u00e9ntricos que no pertenecen a ning\u00fan club de la CAN, lo que dificulta peque\u00f1os movimientos de la vida ordinaria como obtener un bonob\u00fas. Adem\u00e1s, soy de los que creen que Jacques Tati es uno de los grandes directores de la historia del cine. Resuelto a deshacerme de mis excentricidades, voy a la CAN para pedir una libreta. Pero una vez en la sucursal me da la risa. La sucursal ha sido convertida en el escenario cinematogr\u00e1fico de la pel\u00edcula donde Tati se r\u00ede del dise\u00f1o moderno y del Estilo Internacional. De una trasparencia ???\u00a1fuera tabiques!, \u00a1fuera todo!??? que enfatiza lo extraterrestre del mobiliario, el escenario confiere a mi risa un car\u00e1cter de esc\u00e1ndalo p\u00fablico que intento evitar concentr\u00e1ndome en un folleto. \u00bfC\u00f3mo avanzar por ese desierto abierto a todas las miradas para pedir una libreta? No digamos ya para pedir una hipoteca. No me decido y salgo de la terminal internacional. Salgo, no tanto por lo de Tati, cuanto por el folleto que he le\u00eddo. En mi exc\u00e9ntrica opini\u00f3n, el navarrismo que incub\u00f3 en Barcelona nuestro gran paisano, Rafael Aizp\u00fan Santaf\u00e9, no debiera ser llevado a extremos de parodia tales, como que un banco ofrezca inversiones a un inter\u00e9s que depender\u00e1 de los resultados obtenidos por el equipo titular del Reyno de Navarra.<\/p>\n<div align=\"right\">Publicado en <a target=\"blank\" href=\"http:\/\/www.noticiasdenavarra.com\/ediciones\/2006\/04\/21\/opinion\/contra.php\">Diario de Noticias<\/a><img class=\"lazyload\" decoding=\"async\" align=\"right\" alt=\"dn\" title=\"dn\" src=\"data:image\/gif;base64,R0lGODlhAQABAAAAACH5BAEKAAEALAAAAAABAAEAAAICTAEAOw==\" data-orig-src=\"https:\/\/www.edder.org\/images\/dn.gif\" \/><\/div>\n","protected":false},"excerpt":{"rendered":"<p>Con Lacan. \u00bfSab\u00eda usted que lo navarristas que tan acerbamente tiran contra los catalanistas, est\u00e1n hechos de la madera ideol\u00f3gica de Jes\u00fas Aizp\u00fan Tuero, descendiente del hist\u00f3rico pol\u00edtico navarro Rafael Aizp\u00fan Santaf\u00e9, que curs\u00f3 estudios en Barcelona, donde frecuent\u00f3 a ilustres figuras del catalanismo que informar\u00edan el navarrismo del padre, del hijo y del santo esp\u00edritu navarrista ???dicho sea en este a\u00f1o santo???? Como para psicoanalizarse con Lacan. Lacan, ante la certeza freudiana ???confirmada por UPN??? de que los hijos tiran contra los padres, se apresur\u00f3 a deshacerse de ellos: nunca ???dijo Lacan, como Groucho??? pertenecer\u00eda a un club de lacanianos. Rafael Aizp\u00fan Santaf\u00e9 debi\u00f3 haber dicho lo mismo. En la CAN. Soy de esos exc\u00e9ntricos que no pertenecen a ning\u00fan club de la CAN, lo que  [&#8230;]<\/p>\n","protected":false},"author":82,"featured_media":0,"comment_status":"open","ping_status":"open","sticky":false,"template":"","format":"standard","meta":{"jetpack_post_was_ever_published":false,"_jetpack_newsletter_access":"","_jetpack_dont_email_post_to_subs":false,"_jetpack_newsletter_tier_id":0,"_jetpack_memberships_contains_paywalled_content":false,"_jetpack_memberships_contains_paid_content":false,"footnotes":"","jetpack_publicize_message":"","jetpack_publicize_feature_enabled":true,"jetpack_social_post_already_shared":false,"jetpack_social_options":{"image_generator_settings":{"template":"highway","default_image_id":0,"font":"","enabled":false},"version":2}},"categories":[3],"tags":[],"class_list":["post-53","post","type-post","status-publish","format-standard","hentry","category-na"],"jetpack_publicize_connections":[],"jetpack_featured_media_url":"","jetpack_shortlink":"https:\/\/wp.me\/p6kHv-R","jetpack_sharing_enabled":true,"jetpack-related-posts":[{"id":3005,"url":"https:\/\/www.edder.org\/?p=3005","url_meta":{"origin":53,"position":0},"title":"Lacan y la abuela","author":"Eder","date":"s\u00e1bado, 30 Mar, 2013","format":false,"excerpt":"","rel":"","context":"En \u00abSin categorizar\u00bb","block_context":{"text":"Sin categorizar","link":"https:\/\/www.edder.org\/?cat=1"},"img":{"alt_text":"","src":"","width":0,"height":0},"classes":[]},{"id":18,"url":"https:\/\/www.edder.org\/?p=18","url_meta":{"origin":53,"position":1},"title":"Ni eso existe, ni esto es Francia","author":"Eder","date":"viernes, 7 Oct, 2005","format":false,"excerpt":"No es una idea demente para un sainete: Telef\u00f3nica de Espa\u00f1a, que surte de servicios telem\u00e1ticos avanzados a ???todos los hogares de la patria???, vende un tel\u00e9fono inal\u00e1mbrico llamado Famitel Real Madrid (sorpr\u00e9ndete con \u00e9l en telefonicaonline.com). Telef\u00f3nica informa de que dicho artilugio, vestido con los colores y el escudo\u2026","rel":"","context":"En \u00abNA\u00bb","block_context":{"text":"NA","link":"https:\/\/www.edder.org\/?cat=3"},"img":{"alt_text":"","src":"","width":0,"height":0},"classes":[]},{"id":119,"url":"https:\/\/www.edder.org\/?p=119","url_meta":{"origin":53,"position":2},"title":"Con p\u00f3lvora del Reyno","author":"Eder","date":"viernes, 23 Nov, 2007","format":false,"excerpt":"Con p\u00f3lvora del Rey, \u00a1Dios qu\u00e9 buenos ca\u00f1onazos se tiran! Y con p\u00f3lvora del Reyno, qu\u00e9 bonitos saraos se organizan. Encantadora velada, seg\u00fan rezaban ayer las cr\u00f3nicas, la celebrada en Madrid \u2013con el ameno prop\u00f3sito de confraternizar\u2013 a instancia de nuestra delegaci\u00f3n diplom\u00e1tica en la Villa y Corte. S\u00ed, la\u2026","rel":"","context":"En \u00abNA\u00bb","block_context":{"text":"NA","link":"https:\/\/www.edder.org\/?cat=3"},"img":{"alt_text":"","src":"","width":0,"height":0},"classes":[]},{"id":13669,"url":"https:\/\/www.edder.org\/?p=13669","url_meta":{"origin":53,"position":3},"title":"La Naturaleza y Rafael","author":"Eder","date":"domingo, 25 Jun, 2017","format":false,"excerpt":"La Naturaleza, que mientras vivi\u00f3 Rafael temi\u00f3 ser vencida por \u00e9l, y que cuando el de Urbino muri\u00f3, temi\u00f3 morir ella tambi\u00e9n \u2013si hay que creer al cronista Pietro Bembo. \u00a0","rel":"","context":"En \u00abArtes\u00bb","block_context":{"text":"Artes","link":"https:\/\/www.edder.org\/?cat=85"},"img":{"alt_text":"","src":"https:\/\/i0.wp.com\/www.edder.org\/upload\/2017\/06\/raffaelo.gif?resize=350%2C200&ssl=1","width":350,"height":200},"classes":[]},{"id":54,"url":"https:\/\/www.edder.org\/?p=54","url_meta":{"origin":53,"position":4},"title":"Erre que erre","author":"Eder","date":"viernes, 28 Abr, 2006","format":false,"excerpt":"","rel":"","context":"En \u00abNA\u00bb","block_context":{"text":"NA","link":"https:\/\/www.edder.org\/?cat=3"},"img":{"alt_text":"","src":"","width":0,"height":0},"classes":[]},{"id":3896,"url":"https:\/\/www.edder.org\/?p=3896","url_meta":{"origin":53,"position":5},"title":"Aqu\u00ed yace Rafael&#8230;","author":"Eder","date":"martes, 2 Dic, 2014","format":false,"excerpt":"","rel":"","context":"En \u00abArtes\u00bb","block_context":{"text":"Artes","link":"https:\/\/www.edder.org\/?cat=85"},"img":{"alt_text":"","src":"https:\/\/i0.wp.com\/www.edder.org\/upload\/2014\/12\/Screen-Shot-2015-08-09-at-22.34.47.png?resize=350%2C200&ssl=1","width":350,"height":200,"srcset":"https:\/\/i0.wp.com\/www.edder.org\/upload\/2014\/12\/Screen-Shot-2015-08-09-at-22.34.47.png?resize=350%2C200&ssl=1 1x, https:\/\/i0.wp.com\/www.edder.org\/upload\/2014\/12\/Screen-Shot-2015-08-09-at-22.34.47.png?resize=525%2C300&ssl=1 1.5x"},"classes":[]}],"jetpack_likes_enabled":true,"_links":{"self":[{"href":"https:\/\/www.edder.org\/index.php?rest_route=\/wp\/v2\/posts\/53","targetHints":{"allow":["GET"]}}],"collection":[{"href":"https:\/\/www.edder.org\/index.php?rest_route=\/wp\/v2\/posts"}],"about":[{"href":"https:\/\/www.edder.org\/index.php?rest_route=\/wp\/v2\/types\/post"}],"author":[{"embeddable":true,"href":"https:\/\/www.edder.org\/index.php?rest_route=\/wp\/v2\/users\/82"}],"replies":[{"embeddable":true,"href":"https:\/\/www.edder.org\/index.php?rest_route=%2Fwp%2Fv2%2Fcomments&post=53"}],"version-history":[{"count":0,"href":"https:\/\/www.edder.org\/index.php?rest_route=\/wp\/v2\/posts\/53\/revisions"}],"wp:attachment":[{"href":"https:\/\/www.edder.org\/index.php?rest_route=%2Fwp%2Fv2%2Fmedia&parent=53"}],"wp:term":[{"taxonomy":"category","embeddable":true,"href":"https:\/\/www.edder.org\/index.php?rest_route=%2Fwp%2Fv2%2Fcategories&post=53"},{"taxonomy":"post_tag","embeddable":true,"href":"https:\/\/www.edder.org\/index.php?rest_route=%2Fwp%2Fv2%2Ftags&post=53"}],"curies":[{"name":"wp","href":"https:\/\/api.w.org\/{rel}","templated":true}]}}