{"id":529,"date":"2009-12-11T22:50:04","date_gmt":"2009-12-11T21:50:04","guid":{"rendered":"https:\/\/www.edder.org\/?p=529"},"modified":"2018-07-27T16:38:05","modified_gmt":"2018-07-27T14:38:05","slug":"navarra-en-el-plan-divino","status":"publish","type":"post","link":"https:\/\/www.edder.org\/?p=529","title":{"rendered":"Navarra en el Plan Divino"},"content":{"rendered":"<p>\u00c9ramos pocos, no \u00e9ramos m\u00e1s que los del sistema sanitario navarro, con el batall\u00f3n de m\u00e9dicos acogidos a la objeci\u00f3n de conciencia, derecho pendiente de regulaci\u00f3n legal en Espa\u00f1a, pero muy vigente por la v\u00eda de los hechos consumados en Navarra\u2026 No \u00e9ramos, digo, m\u00e1s que los del sistema sanitario navarro y los de la Concapa, quienes con pose de cristianos no ya viejos sino acosados por los leones del circo romano anunciaron a principio de semana que sus conciencias les impedir\u00e1n retirar los crucifijos de los colegios \u2013cosa que, la verdad, no parece que vaya a exigirles ning\u00fan poder\u2013 regentados por ellos con el inestimable concurso de los caudales p\u00fablicos\u2026 No \u00e9ramos m\u00e1s que los inquebrantables objetores de nuestro singular\u00edsimo sistema sanitario y los heroicos resistentes de la Concapa, cuando se oy\u00f3 una trompeta lejana y lleg\u00f3 el S\u00e9ptimo de Farmac\u00e9uticos de Navarra, que ayer hizo p\u00fablica su intenci\u00f3n de salvar la salud \u2013la salud moral, m\u00e1s que la f\u00edsica\u2013 de su amada clientela, neg\u00e1ndose a expender as\u00ed como as\u00ed, digan lo que digan las leyes, la llamada p\u00edldora del d\u00eda despu\u00e9s, en nombre del derecho a la objeci\u00f3n de conciencia, c\u00f3mo no. Los m\u00e1s aguerridos caudillos del S\u00e9ptimo de Farmac\u00e9uticos se hicieron c\u00e9lebres hace a\u00f1os al proclamar su negativa a despachar esa cosa tan peligrosa para la salud que son los preservativos, por razones morales, faltar\u00eda m\u00e1s. Por salud, claro, aqu\u00ed se entiende salud moral, y por moral, obviamente, lo conformado de acuerdo a las creencias y dogmas cat\u00f3licos, s\u00f3lo cat\u00f3licos y nada m\u00e1s que cat\u00f3licos. Pem\u00e1n \u2013\u201cNavarra, alcanfor de Espa\u00f1a\u201d\u2013, los inventores de las javieradas y otros aguerridos cat\u00f3licos aut\u00f3ctonos creyeron hace casi un siglo que Navarra ten\u00eda un papel en el Plan Divino. Convencidos de ello, marcharon a la Cruzada. Quiz\u00e1 haya quien lo siga creyendo. No hasta el punto de cerrar la farmacia por razones morales y marchar a las misiones o abrir otro comercio, pero s\u00ed sum\u00e1ndose al ruido de catoliqu\u00edsimas conciencias.<\/p>\n<div class=\"fusion-fullwidth fullwidth-box fusion-builder-row-1 hundred-percent-fullwidth non-hundred-percent-height-scrolling\" style=\"--awb-border-radius-top-left:0px;--awb-border-radius-top-right:0px;--awb-border-radius-bottom-right:0px;--awb-border-radius-bottom-left:0px;--awb-overflow:visible;--awb-flex-wrap:wrap;\" ><div class=\"fusion-builder-row fusion-row\"><div class=\"fusion-layout-column fusion_builder_column fusion-builder-column-0 fusion_builder_column_1_1 1_1 fusion-one-full fusion-column-first fusion-column-last fusion-column-no-min-height\" style=\"--awb-bg-size:cover;--awb-margin-bottom:0px;\"><div class=\"fusion-column-wrapper fusion-flex-column-wrapper-legacy\"><div class=\"video-shortcode\"><iframe title=\"El viento de la noche\" width=\"1200\" height=\"675\" src=\"https:\/\/www.youtube.com\/embed\/Z1KeNKxO_JI?feature=oembed\" frameborder=\"0\" allow=\"accelerometer; autoplay; clipboard-write; encrypted-media; gyroscope; picture-in-picture; web-share\" allowfullscreen><\/iframe><\/div>\n<p align=\"right\">Publicado en <a target=\"blank\" href=\"http:\/\/www.diariodenoticias.com\/opinion\/columnistas\/postal-expres\">Diario de Noticias<\/a><img class=\"lazyload\" decoding=\"async\" align=\"right\" title=\"dn\" alt=\"dn\" src=\"data:image\/gif;base64,R0lGODlhAQABAAAAACH5BAEKAAEALAAAAAABAAEAAAICTAEAOw==\" data-orig-src=\"https:\/\/www.edder.org\/images\/dn.gif\" \/><\/p>\n<div class=\"fusion-clearfix\"><\/div><\/div><\/div><\/div><\/div>\n","protected":false},"excerpt":{"rendered":"<p>\u00c9ramos pocos, no \u00e9ramos m\u00e1s que los del sistema sanitario navarro, con el batall\u00f3n de m\u00e9dicos acogidos a la objeci\u00f3n de conciencia, derecho pendiente de regulaci\u00f3n legal en Espa\u00f1a, pero muy vigente por la v\u00eda de los hechos consumados en Navarra\u2026 No \u00e9ramos, digo, m\u00e1s que los del sistema sanitario navarro y los de la Concapa, quienes con pose de cristianos no ya viejos sino acosados por los leones del circo romano anunciaron a principio de semana que sus conciencias les impedir\u00e1n retirar los crucifijos de los colegios \u2013cosa que, la verdad, no parece que vaya a exigirles ning\u00fan poder\u2013 regentados por ellos con el inestimable concurso de los caudales p\u00fablicos\u2026 No \u00e9ramos m\u00e1s que los inquebrantables objetores de nuestro singular\u00edsimo sistema sanitario y los heroicos resistentes  [&#8230;]<\/p>\n","protected":false},"author":82,"featured_media":0,"comment_status":"open","ping_status":"open","sticky":false,"template":"","format":"standard","meta":{"jetpack_post_was_ever_published":false,"_jetpack_newsletter_access":"","_jetpack_dont_email_post_to_subs":false,"_jetpack_newsletter_tier_id":0,"_jetpack_memberships_contains_paywalled_content":false,"_jetpack_memberships_contains_paid_content":false,"footnotes":"","jetpack_publicize_message":"","jetpack_publicize_feature_enabled":true,"jetpack_social_post_already_shared":false,"jetpack_social_options":{"image_generator_settings":{"template":"highway","default_image_id":0,"font":"","enabled":false},"version":2}},"categories":[3,1],"tags":[],"class_list":["post-529","post","type-post","status-publish","format-standard","hentry","category-na","category-sin-categorizar"],"jetpack_publicize_connections":[],"jetpack_featured_media_url":"","jetpack_shortlink":"https:\/\/wp.me\/p6kHv-8x","jetpack_sharing_enabled":true,"jetpack-related-posts":[{"id":145,"url":"https:\/\/www.edder.org\/?p=145","url_meta":{"origin":529,"position":0},"title":"Cuando \u00e9ramos \u201creyno\u201d","author":"Eder","date":"viernes, 11 Abr, 2008","format":false,"excerpt":"","rel":"","context":"En \u00abNA\u00bb","block_context":{"text":"NA","link":"https:\/\/www.edder.org\/?cat=3"},"img":{"alt_text":"","src":"","width":0,"height":0},"classes":[]},{"id":60,"url":"https:\/\/www.edder.org\/?p=60","url_meta":{"origin":529,"position":1},"title":"Retrato de alcaldesa con ayuntamiento al fondo","author":"Eder","date":"viernes, 9 Jun, 2006","format":false,"excerpt":"De cosa local, leo al arabista Ambrosio Huici, nacido en Huarte y muerto en Valencia, ciudad que honra su memoria con la calle Arabista Ambrosio Huici Miranda. Un sabio, dijo de \u00e9l el consejo de sabios navarros que juzgo uno de sus primeros trabajos en 1912. Un sabio, aunque algo\u2026","rel":"","context":"En \u00abNA\u00bb","block_context":{"text":"NA","link":"https:\/\/www.edder.org\/?cat=3"},"img":{"alt_text":"","src":"https:\/\/i0.wp.com\/edder.org\/images\/barcina_salaberri.gif?resize=350%2C200","width":350,"height":200},"classes":[]},{"id":579,"url":"https:\/\/www.edder.org\/?p=579","url_meta":{"origin":529,"position":2},"title":"Derrotistas habituales","author":"Eder","date":"viernes, 5 Mar, 2010","format":false,"excerpt":"Porque vosotros, los del NO-DO foral, le dije a uno del aparato de prensa al que me tropec\u00e9 el otro d\u00eda, \u00bfcu\u00e1ntos ser\u00e9is? \u00bfM\u00e1s que en la redacci\u00f3n del New York Times? No supo decirme el n\u00famero de los cien mil hijos de San Luis \u2013ah\u00ed queda la pregunta por\u2026","rel":"","context":"En \u00abNA\u00bb","block_context":{"text":"NA","link":"https:\/\/www.edder.org\/?cat=3"},"img":{"alt_text":"","src":"","width":0,"height":0},"classes":[]},{"id":657,"url":"https:\/\/www.edder.org\/?p=657","url_meta":{"origin":529,"position":3},"title":"14 de abril, D\u00eda de la Rep\u00fablica","author":"Eder","date":"mi\u00e9rcoles, 14 Abr, 2010","format":false,"excerpt":"El Gobierno de Navarra, hoy, 14 de abril de 2010. Procesi\u00f3n y misa en el Palacio de Navarra, sede del Ejecutivo navarro: Noticia e im\u00e1genes de la NA-DA foral. Procesi\u00f3n y misa en el Parlamento de Navarra, sede del Legislativo navarro: Noticia e im\u00e1genes. En este momento no disponemos de\u2026","rel":"","context":"En \u00abNA\u00bb","block_context":{"text":"NA","link":"https:\/\/www.edder.org\/?cat=3"},"img":{"alt_text":"","src":"https:\/\/i0.wp.com\/www.edder.org\/upload\/2010\/04\/gobierno.gif?resize=350%2C200&ssl=1","width":350,"height":200},"classes":[]},{"id":11671,"url":"https:\/\/www.edder.org\/?p=11671","url_meta":{"origin":529,"position":4},"title":"Dietista incombustible encomia la honestidad ajena","author":"Eder","date":"viernes, 15 May, 2015","format":false,"excerpt":"S\u00e1nchez de Muni\u00e1in, portavoz del Gobierno de Navarra y candidato de Uni\u00f3n del Pueblo Navarro (UPN) hace el encomio de la \u00e9tica y la honestidad:","rel":"","context":"En \u00abSin categorizar\u00bb","block_context":{"text":"Sin categorizar","link":"https:\/\/www.edder.org\/?cat=1"},"img":{"alt_text":"","src":"https:\/\/i0.wp.com\/www.edder.org\/upload\/2015\/05\/Screen-Shot-2015-05-15-at-16.51.49.png?resize=350%2C200&ssl=1","width":350,"height":200,"srcset":"https:\/\/i0.wp.com\/www.edder.org\/upload\/2015\/05\/Screen-Shot-2015-05-15-at-16.51.49.png?resize=350%2C200&ssl=1 1x, https:\/\/i0.wp.com\/www.edder.org\/upload\/2015\/05\/Screen-Shot-2015-05-15-at-16.51.49.png?resize=525%2C300&ssl=1 1.5x"},"classes":[]},{"id":2416,"url":"https:\/\/www.edder.org\/?p=2416","url_meta":{"origin":529,"position":5},"title":"Jaungoikoa eta lege zaharrak reloaded","author":"Eder","date":"mi\u00e9rcoles, 18 Abr, 2012","format":false,"excerpt":"Bendici\u00f3n anual del Parlamento Navarro, 18 de abril de 2012. \u00a0 Parlamentario socialista en la adoraci\u00f3n a San Miguel Arc\u00e1ngel. Navarra, siglo XXI. \u00a0 M\u00e1s de esto mismo: ver m\u00e1s.","rel":"","context":"En \u00abNA\u00bb","block_context":{"text":"NA","link":"https:\/\/www.edder.org\/?cat=3"},"img":{"alt_text":"","src":"https:\/\/i0.wp.com\/www.edder.org\/upload\/2012\/04\/leiza.jpg?resize=350%2C200&ssl=1","width":350,"height":200},"classes":[]}],"jetpack_likes_enabled":true,"_links":{"self":[{"href":"https:\/\/www.edder.org\/index.php?rest_route=\/wp\/v2\/posts\/529","targetHints":{"allow":["GET"]}}],"collection":[{"href":"https:\/\/www.edder.org\/index.php?rest_route=\/wp\/v2\/posts"}],"about":[{"href":"https:\/\/www.edder.org\/index.php?rest_route=\/wp\/v2\/types\/post"}],"author":[{"embeddable":true,"href":"https:\/\/www.edder.org\/index.php?rest_route=\/wp\/v2\/users\/82"}],"replies":[{"embeddable":true,"href":"https:\/\/www.edder.org\/index.php?rest_route=%2Fwp%2Fv2%2Fcomments&post=529"}],"version-history":[{"count":0,"href":"https:\/\/www.edder.org\/index.php?rest_route=\/wp\/v2\/posts\/529\/revisions"}],"wp:attachment":[{"href":"https:\/\/www.edder.org\/index.php?rest_route=%2Fwp%2Fv2%2Fmedia&parent=529"}],"wp:term":[{"taxonomy":"category","embeddable":true,"href":"https:\/\/www.edder.org\/index.php?rest_route=%2Fwp%2Fv2%2Fcategories&post=529"},{"taxonomy":"post_tag","embeddable":true,"href":"https:\/\/www.edder.org\/index.php?rest_route=%2Fwp%2Fv2%2Ftags&post=529"}],"curies":[{"name":"wp","href":"https:\/\/api.w.org\/{rel}","templated":true}]}}