{"id":526,"date":"2009-11-18T20:54:54","date_gmt":"2009-11-18T19:54:54","guid":{"rendered":"https:\/\/www.edder.org\/?p=526"},"modified":"2009-12-11T22:55:21","modified_gmt":"2009-12-11T21:55:21","slug":"lagrimas-en-la-oscuridad","status":"publish","type":"post","link":"https:\/\/www.edder.org\/?p=526","title":{"rendered":"L\u00e1grimas en la oscuridad"},"content":{"rendered":"<div class=\"video-shortcode\"><iframe title=\"L\u00e1grimas en la oscuridad\" width=\"1200\" height=\"900\" src=\"https:\/\/www.youtube.com\/embed\/fKPOGGNreO0?feature=oembed\" frameborder=\"0\" allow=\"accelerometer; autoplay; clipboard-write; encrypted-media; gyroscope; picture-in-picture; web-share\" allowfullscreen><\/iframe><\/div>\n","protected":false},"excerpt":{"rendered":"","protected":false},"author":82,"featured_media":0,"comment_status":"open","ping_status":"open","sticky":false,"template":"","format":"standard","meta":{"jetpack_post_was_ever_published":false,"_jetpack_newsletter_access":"","_jetpack_dont_email_post_to_subs":false,"_jetpack_newsletter_tier_id":0,"_jetpack_memberships_contains_paywalled_content":false,"_jetpack_memberships_contains_paid_content":false,"footnotes":"","jetpack_publicize_message":"","jetpack_publicize_feature_enabled":true,"jetpack_social_post_already_shared":false,"jetpack_social_options":{"image_generator_settings":{"template":"highway","default_image_id":0,"font":"","enabled":false},"version":2}},"categories":[7],"tags":[],"class_list":["post-526","post","type-post","status-publish","format-standard","hentry","category-video"],"jetpack_publicize_connections":[],"jetpack_featured_media_url":"","jetpack_shortlink":"https:\/\/wp.me\/p6kHv-8u","jetpack_sharing_enabled":true,"jetpack-related-posts":[{"id":13066,"url":"https:\/\/www.edder.org\/?p=13066","url_meta":{"origin":526,"position":0},"title":"El viento nos llevar\u00e1 (Abbas Kiarostami, 1940-2016)","author":"Eder","date":"martes, 5 Jul, 2016","format":false,"excerpt":"Abbas Kiarostami, cuyo \u00faltimo paradero conocido era Par\u00eds, se fue ayer con el viento. Sit tibi terra levis.","rel":"","context":"En \u00abArtes\u00bb","block_context":{"text":"Artes","link":"https:\/\/www.edder.org\/?cat=85"},"img":{"alt_text":"","src":"https:\/\/i0.wp.com\/www.edder.org\/upload\/2016\/07\/kiarostami.jpg?resize=350%2C200&ssl=1","width":350,"height":200},"classes":[]},{"id":1364,"url":"https:\/\/www.edder.org\/?p=1364","url_meta":{"origin":526,"position":1},"title":"Le Havre","author":"Eder","date":"s\u00e1bado, 12 Feb, 2011","format":false,"excerpt":"Niebla en la cabeza camino a Le Havre\u2026 \u00a0 Y lo que es peor, humo en la cabeza camino de Le Havre:","rel":"","context":"En \u00abV\u00eddeo\u00bb","block_context":{"text":"V\u00eddeo","link":"https:\/\/www.edder.org\/?cat=7"},"img":{"alt_text":"","src":"","width":0,"height":0},"classes":[]},{"id":3726,"url":"https:\/\/www.edder.org\/?p=3726","url_meta":{"origin":526,"position":2},"title":"YouTube is fantastic","author":"Eder","date":"domingo, 27 Jul, 2014","format":false,"excerpt":"I love YouTube:","rel":"","context":"En \u00abCine\u00bb","block_context":{"text":"Cine","link":"https:\/\/www.edder.org\/?cat=79"},"img":{"alt_text":"","src":"https:\/\/i0.wp.com\/www.edder.org\/upload\/2014\/07\/vlcsnap-2015-08-16-11h14m52s47.png?resize=350%2C200&ssl=1","width":350,"height":200},"classes":[]},{"id":693,"url":"https:\/\/www.edder.org\/?p=693","url_meta":{"origin":526,"position":3},"title":"\u2018Hiyab\u2019 y \u2018burka\u2019, hoy y aqu\u00ed","author":"Eder","date":"viernes, 23 Abr, 2010","format":false,"excerpt":"Cuando se vaya, echaremos de menos \u2013como ahora echamos de m\u00e1s\u2013 a ese gran estadista que es Miguel Sanz. Si Sanz anda de por medio, enti\u00e9ndase por estadista al incondicional del equipo que sin falta acude al estadio para sufrir lo que le echen y m\u00e1s. Pues en menos de\u2026","rel":"","context":"En \u00abNA\u00bb","block_context":{"text":"NA","link":"https:\/\/www.edder.org\/?cat=3"},"img":{"alt_text":"","src":"","width":0,"height":0},"classes":[]},{"id":12640,"url":"https:\/\/www.edder.org\/?p=12640","url_meta":{"origin":526,"position":4},"title":"No en Nottingham","author":"Eder","date":"jueves, 10 Dic, 2015","format":false,"excerpt":"\u00a0 Todas las ciudades que conozco Tienen sus m\u00e1s y sus menos A veces sus m\u00e1s A menudo sus menos No as\u00ed Nottingham Donde tiendo a pensar Que si cay\u00e9semos m\u00e1s abajo \u00a0Nos levantar\u00edamos y estallar\u00edamos Nos levantar\u00edamos para volar si tuvi\u00e9semos alas \u00bfNo pod\u00e9is ver las l\u00e1grimas que lloramos?\u2026","rel":"","context":"En \u00abCine\u00bb","block_context":{"text":"Cine","link":"https:\/\/www.edder.org\/?cat=79"},"img":{"alt_text":"","src":"https:\/\/i0.wp.com\/www.edder.org\/upload\/2015\/12\/disney.jpg?resize=350%2C200&ssl=1","width":350,"height":200},"classes":[]},{"id":1504,"url":"https:\/\/www.edder.org\/?p=1504","url_meta":{"origin":526,"position":5},"title":"Te llevo en el coraz\u00f3n","author":"Eder","date":"viernes, 18 Feb, 2011","format":false,"excerpt":"Te llevo en el coraz\u00f3n (toma 1): \u00a0 Te llevo en el coraz\u00f3n (toma 2):","rel":"","context":"En \u00abCine\u00bb","block_context":{"text":"Cine","link":"https:\/\/www.edder.org\/?cat=79"},"img":{"alt_text":"","src":"","width":0,"height":0},"classes":[]}],"jetpack_likes_enabled":true,"_links":{"self":[{"href":"https:\/\/www.edder.org\/index.php?rest_route=\/wp\/v2\/posts\/526","targetHints":{"allow":["GET"]}}],"collection":[{"href":"https:\/\/www.edder.org\/index.php?rest_route=\/wp\/v2\/posts"}],"about":[{"href":"https:\/\/www.edder.org\/index.php?rest_route=\/wp\/v2\/types\/post"}],"author":[{"embeddable":true,"href":"https:\/\/www.edder.org\/index.php?rest_route=\/wp\/v2\/users\/82"}],"replies":[{"embeddable":true,"href":"https:\/\/www.edder.org\/index.php?rest_route=%2Fwp%2Fv2%2Fcomments&post=526"}],"version-history":[{"count":0,"href":"https:\/\/www.edder.org\/index.php?rest_route=\/wp\/v2\/posts\/526\/revisions"}],"wp:attachment":[{"href":"https:\/\/www.edder.org\/index.php?rest_route=%2Fwp%2Fv2%2Fmedia&parent=526"}],"wp:term":[{"taxonomy":"category","embeddable":true,"href":"https:\/\/www.edder.org\/index.php?rest_route=%2Fwp%2Fv2%2Fcategories&post=526"},{"taxonomy":"post_tag","embeddable":true,"href":"https:\/\/www.edder.org\/index.php?rest_route=%2Fwp%2Fv2%2Ftags&post=526"}],"curies":[{"name":"wp","href":"https:\/\/api.w.org\/{rel}","templated":true}]}}