{"id":52,"date":"2006-04-14T10:38:32","date_gmt":"2006-04-14T08:38:32","guid":{"rendered":"https:\/\/www.edder.org\/?p=52"},"modified":"2019-09-12T20:26:37","modified_gmt":"2019-09-12T18:26:37","slug":"abecediario","status":"publish","type":"post","link":"https:\/\/www.edder.org\/?p=52","title":{"rendered":"Abecediario"},"content":{"rendered":"<p><span style=\"font-size:14px;\"><strong>V de victoria<\/strong>. &laquo;La victoria es un veneno que excusa al vencedor tanto de la verg&uuml;enza como del remordimiento&raquo; (M. Ignatieff). Eso explicar&iacute;a la desverg&uuml;enza con que la parte gobernante del Ayuntamiento de Pamplona no quiso condenar &ndash;una vez m&aacute;s&ndash; aquellos asesinatos del 36, as&iacute; que algunos de los asesinados hubiesen sido concejales del Ayuntamiento. Los cr&iacute;menes fueron tantos, quedaron tan impunes; tan aplastante fue la victoria que hay veneno para rato. <strong>D de desprecio<\/strong>. La decisi&oacute;n del Gobierno de Navarra de reincidir en la arbitrariedad de otorgar licencia radiof&oacute;nica a las mismas emisoras que ya la recibieran en su d&iacute;a por un procedimiento anulado &ndash;aunque ni siquiera una de ellas exista ya&ndash;, pese a las reprobaciones parlamentarias y las reconvenciones judiciales, s&oacute;lo deja lugar para que en la escena impere el desprecio &ndash;no muy ol&iacute;mpico&ndash; de quien se jacta de tener la sart&eacute;n por el mango. O&iacute;do el mensaje, no nos queda m&aacute;s que dirimir si se trata del desprecio chulesco del due&ntilde;o de un cortijo o del de el portero de un club privado con humos de due&ntilde;o del garito. <strong>C de carlismo<\/strong>. En un diario de la capital, un columnista caricaturiza a los navarros y, entre otras inexactitudes, desliza &eacute;sta: que el muy navarro fen&oacute;meno del carlismo acab&oacute; cuando la facci&oacute;n tradicionalista se li&oacute; a tiros con la autogestionaria. A tres semanas de los treinta a&ntilde;os de aquello, precisemos que el tiroteo, seg&uacute;n testimonia el general S&aacute;enz de Santamar&iacute;a, se prepar&oacute; en el ministerio madrile&ntilde;o que entonces reg&iacute;a Fraga &ndash;todav&iacute;a hoy en activo y navarro s&oacute;lo de lejos&ndash;, y fue financiado por el potentado &ndash;tradicionalista, s&iacute;, pero no navarro&ndash; Antonio Mar&iacute;a de Oriol y Urquijo. <strong>A de arte<\/strong>. &laquo;El arte no interesa m&aacute;s que el balonmano y el Estado no debe dar un duro m&aacute;s para lo primero que para lo segundo&raquo;, declara a este peri&oacute;dico un experto en arte. Pero entonces los expertos deben dejar de disertar en los museos, para pasar a hacerlo, si es que alguien est&aacute; interesado en pagar su cach&eacute;, en otros polideportivos.<\/span><\/p>\n<div align=\"right\">Publicado el 14.04.2006 en <a href=\"http:\/\/www.noticiasdenavarra.com\/ediciones\/2006\/04\/14\/opinion\/contra.php\" rel=\"noopener noreferrer\" target=\"blank\">Diario de Noticias<\/a><br \/>\n\t<img class=\"lazyload\" decoding=\"async\" align=\"right\" alt=\"dn\" src=\"data:image\/gif;base64,R0lGODlhAQABAAAAACH5BAEKAAEALAAAAAABAAEAAAICTAEAOw==\" data-orig-src=\"https:\/\/www.edder.org\/images\/dn.gif\" title=\"dn\" \/><\/div>\n","protected":false},"excerpt":{"rendered":"<p>V de victoria. &laquo;La victoria es un veneno que excusa al vencedor tanto de la verg&uuml;enza como del remordimiento&raquo; (M. Ignatieff). Eso explicar&iacute;a la desverg&uuml;enza con que la parte gobernante del Ayuntamiento de Pamplona no quiso condenar &ndash;una vez m&aacute;s&ndash; aquellos asesinatos del 36, as&iacute; que algunos de los asesinados hubiesen sido concejales del Ayuntamiento. Los cr&iacute;menes fueron tantos, quedaron tan impunes; tan aplastante fue la victoria que hay veneno para rato. D de desprecio. La decisi&oacute;n del Gobierno de Navarra de reincidir en la arbitrariedad de otorgar licencia radiof&oacute;nica a las mismas emisoras que ya la recibieran en su d&iacute;a por un procedimiento anulado &ndash;aunque ni siquiera una de ellas exista ya&ndash;, pese a las reprobaciones parlamentarias y las reconvenciones judiciales, s&oacute;lo deja lugar para que  [&#8230;]<\/p>\n","protected":false},"author":82,"featured_media":0,"comment_status":"open","ping_status":"open","sticky":false,"template":"","format":"standard","meta":{"jetpack_post_was_ever_published":false,"_jetpack_newsletter_access":"","_jetpack_dont_email_post_to_subs":false,"_jetpack_newsletter_tier_id":0,"_jetpack_memberships_contains_paywalled_content":false,"_jetpack_memberships_contains_paid_content":false,"footnotes":"","jetpack_publicize_message":"","jetpack_publicize_feature_enabled":true,"jetpack_social_post_already_shared":false,"jetpack_social_options":{"image_generator_settings":{"template":"highway","default_image_id":0,"font":"","enabled":false},"version":2}},"categories":[3],"tags":[],"class_list":["post-52","post","type-post","status-publish","format-standard","hentry","category-na"],"jetpack_publicize_connections":[],"jetpack_featured_media_url":"","jetpack_shortlink":"https:\/\/wp.me\/p6kHv-Q","jetpack_sharing_enabled":true,"jetpack-related-posts":[{"id":32,"url":"https:\/\/www.edder.org\/?p=32","url_meta":{"origin":52,"position":0},"title":"\u00abSe nos fue la mano\u00bb","author":"Eder","date":"viernes, 23 Dic, 2005","format":false,"excerpt":"Se nos fue la mano, dijeron los ni\u00f1atos que quemaron viva a una \u00abindigente\u00bb ???como se dice para evitar palabras m\u00e1s crudas, tal que mendigo o pobre???. Ahora bien, la propia frase \u00abse nos fue la mano\u00bb, implica reconocer tanto que el \u00abcastigo\u00bb fue m\u00e1s all\u00e1 de donde deb\u00eda, como\u2026","rel":"","context":"En \u00abSin categorizar\u00bb","block_context":{"text":"Sin categorizar","link":"https:\/\/www.edder.org\/?cat=1"},"img":{"alt_text":"","src":"","width":0,"height":0},"classes":[]},{"id":503,"url":"https:\/\/www.edder.org\/?p=503","url_meta":{"origin":52,"position":1},"title":"Capitalidad cultural","author":"Eder","date":"viernes, 6 Nov, 2009","format":false,"excerpt":"Francisco Patxi Mangado es el \u00fanico arquitecto del mundo que no ha sabido resolver lo que cualquier dise\u00f1ador, a fastidiosa y tard\u00eda petici\u00f3n del cliente, resolver\u00eda en segundos: c\u00f3mo meter en un espacio dado el doble de texto del inicialmente previsto. A Francisco Mangado se le olvid\u00f3 que se hac\u00eda\u2026","rel":"","context":"En \u00abNA\u00bb","block_context":{"text":"NA","link":"https:\/\/www.edder.org\/?cat=3"},"img":{"alt_text":"","src":"","width":0,"height":0},"classes":[]},{"id":15,"url":"https:\/\/www.edder.org\/?p=15","url_meta":{"origin":52,"position":2},"title":"La pesadilla de Darwin","author":"Eder","date":"viernes, 30 Sep, 2005","format":false,"excerpt":"En el curso de una suculenta cena habida en los inmensos y casi siempre des\u00e9rticos hangares del Baluarte, ese dinosaurio archihist\u00f3rico que es el presidente de la patronal espa\u00f1ola mostr\u00f3 su alarma ante la perspectiva de que Catalu\u00f1a \u2013el pez chico\u2013 termine devorando a Espa\u00f1a. A la misma hora en\u2026","rel":"","context":"En \u00abNA\u00bb","block_context":{"text":"NA","link":"https:\/\/www.edder.org\/?cat=3"},"img":{"alt_text":"","src":"","width":0,"height":0},"classes":[]},{"id":43052,"url":"https:\/\/www.edder.org\/?p=43052","url_meta":{"origin":52,"position":3},"title":"Monarcas y mon\u00e1rquicas: fans de la reina Victoria, Victoria Beckham, Posh Victoria, la spice girl superpija","author":"Eder","date":"viernes, 6 Sep, 2024","format":false,"excerpt":"","rel":"","context":"En \u00abActualidades\u00bb","block_context":{"text":"Actualidades","link":"https:\/\/www.edder.org\/?cat=802"},"img":{"alt_text":"","src":"https:\/\/i0.wp.com\/www.edder.org\/upload\/2024\/09\/chivite_beckham.jpg?resize=350%2C200&ssl=1","width":350,"height":200,"srcset":"https:\/\/i0.wp.com\/www.edder.org\/upload\/2024\/09\/chivite_beckham.jpg?resize=350%2C200&ssl=1 1x, https:\/\/i0.wp.com\/www.edder.org\/upload\/2024\/09\/chivite_beckham.jpg?resize=525%2C300&ssl=1 1.5x, https:\/\/i0.wp.com\/www.edder.org\/upload\/2024\/09\/chivite_beckham.jpg?resize=700%2C400&ssl=1 2x, https:\/\/i0.wp.com\/www.edder.org\/upload\/2024\/09\/chivite_beckham.jpg?resize=1050%2C600&ssl=1 3x, https:\/\/i0.wp.com\/www.edder.org\/upload\/2024\/09\/chivite_beckham.jpg?resize=1400%2C800&ssl=1 4x"},"classes":[]},{"id":980,"url":"https:\/\/www.edder.org\/?p=980","url_meta":{"origin":52,"position":4},"title":"\u00abViaje al fin de la noche\u00bb, por P. Nizan","author":"Eder","date":"domingo, 5 Sep, 2010","format":false,"excerpt":"","rel":"","context":"En \u00abLetras\u00bb","block_context":{"text":"Letras","link":"https:\/\/www.edder.org\/?cat=93"},"img":{"alt_text":"","src":"","width":0,"height":0},"classes":[]},{"id":619,"url":"https:\/\/www.edder.org\/?p=619","url_meta":{"origin":52,"position":5},"title":"Mi \u201creyno\u201d  es de este mundo","author":"Eder","date":"viernes, 26 Mar, 2010","format":false,"excerpt":"Es f\u00e1cil explicar en qu\u00e9 consiste y por qu\u00e9 persiste el poder \u2013tradicional y real\u2013 de la Iglesia romana. La Iglesia cat\u00f3lica, se la invite o se autoinvite, est\u00e1 siempre ah\u00ed para pasar revista; para levantar acta en los momentos cruciales de la vida de las personas \u2013nacimiento, emparejamiento, \u00faltima\u2026","rel":"","context":"En \u00abNA\u00bb","block_context":{"text":"NA","link":"https:\/\/www.edder.org\/?cat=3"},"img":{"alt_text":"","src":"https:\/\/i0.wp.com\/www.edder.org\/upload\/2010\/03\/aralar.gif?resize=350%2C200&ssl=1","width":350,"height":200},"classes":[]}],"jetpack_likes_enabled":true,"_links":{"self":[{"href":"https:\/\/www.edder.org\/index.php?rest_route=\/wp\/v2\/posts\/52","targetHints":{"allow":["GET"]}}],"collection":[{"href":"https:\/\/www.edder.org\/index.php?rest_route=\/wp\/v2\/posts"}],"about":[{"href":"https:\/\/www.edder.org\/index.php?rest_route=\/wp\/v2\/types\/post"}],"author":[{"embeddable":true,"href":"https:\/\/www.edder.org\/index.php?rest_route=\/wp\/v2\/users\/82"}],"replies":[{"embeddable":true,"href":"https:\/\/www.edder.org\/index.php?rest_route=%2Fwp%2Fv2%2Fcomments&post=52"}],"version-history":[{"count":0,"href":"https:\/\/www.edder.org\/index.php?rest_route=\/wp\/v2\/posts\/52\/revisions"}],"wp:attachment":[{"href":"https:\/\/www.edder.org\/index.php?rest_route=%2Fwp%2Fv2%2Fmedia&parent=52"}],"wp:term":[{"taxonomy":"category","embeddable":true,"href":"https:\/\/www.edder.org\/index.php?rest_route=%2Fwp%2Fv2%2Fcategories&post=52"},{"taxonomy":"post_tag","embeddable":true,"href":"https:\/\/www.edder.org\/index.php?rest_route=%2Fwp%2Fv2%2Ftags&post=52"}],"curies":[{"name":"wp","href":"https:\/\/api.w.org\/{rel}","templated":true}]}}