{"id":519,"date":"2009-11-20T20:30:38","date_gmt":"2009-11-20T19:30:38","guid":{"rendered":"https:\/\/www.edder.org\/?p=519"},"modified":"2018-07-27T16:38:06","modified_gmt":"2018-07-27T14:38:06","slug":"yolanda-y-yo-landa","status":"publish","type":"post","link":"https:\/\/www.edder.org\/?p=519","title":{"rendered":"Yolanda y \u00abyo, Landa\u00bb"},"content":{"rendered":"<p>Yolanda, todo junto, y \u201cyo, Landa\u201d, por separado, no como <em>Melinda y Melinda<\/em>. Por un lado, Yolanda: esa se\u00f1ora que conjuga tradici\u00f3n y modernidad al vindicar la reacci\u00f3n integrista de los Rodezno y al ejecutar las m\u00e1s modernas obras de arquitectura, como el inminente Museo de los Sanfermines. Por otro lado, \u201cyo, Landa\u201d: la conocida y decidida opci\u00f3n cultural de UPN por el landismo, por un Alfredo Landa a lo Alfredo Jaime, castizo y a calz\u00f3n quitado; vamos, por ese actor deliberadamente \u2013sobreactuadamente\u2013 m\u00e1s navarro que el que m\u00e1s, del que tanto hemos disfrutado en el curso de los muchos y grandes agasajos que se le han rendido durante estos felices a\u00f1os de sanz-barcinismo. A\u00f1os para los asnales, si no para los anales \u2013del <em>reyno<\/em>, por supuesto\u2013. \u00bfQue UPN no se acord\u00f3 de los j\u00f3venes c\u00f3micos en los presupuestos? Cosas de este r\u00e9gimen foral que paga religiosamente, cuantas veces haga falta, el cach\u00e9 de Landa en el papel de navarro feliz de conocerse. El cach\u00e9 de Landa y el de quien lleve a la escena obras tan profundamente nuestras como aquella estrenada por aqu\u00ed a ra\u00edz de los fastos y gastos del Quinto Centenario: aquella del \u201cjuglar de la Cruzada\u201d; aquella, s\u00ed, del autor del Romancero carlista, que no gitano; aquella, en efecto, de Pem\u00e1n, del Pem\u00e1n franquista y nacionalcat\u00f3lico que glosara y loara cruzadas, javieradas y otras esencias navarras tan queridas por los Rodezno: \u201cNavarra, alcanfor de Espa\u00f1a y espliego de Occidente\u201d. El r\u00e9gimen paga esos cach\u00e9s y el de Mangado, cuya fundaci\u00f3n no qued\u00f3 olvidada, faltar\u00eda m\u00e1s, en los presupuestos. Pronto, en nuestros navarr\u00edsimos y consensuad\u00edsimos presupuestos \u2013qu\u00e9 afici\u00f3n al teatro, a la farsa\u2013 tendr\u00e1 que entrar ese veinte por cierto \u2013como poco\u2013 del gasto ordinario del Museo de los Sanfermines que ya antes de nacer el centro tem\u00e1tico, si no tom\u00e1tico, se supone que habr\u00e1 que ir poniendo por delante, a\u00f1o tras a\u00f1o, para su subsistencia a precio de museo de arte contempor\u00e1neo. Yolanda o \u201cyo, Landa\u201d. Hay donde elegir.<\/p>\n<p align=\"right\">Publicado en <a target=\"blank\" href=\"http:\/\/www.diariodenoticias.com\/opinion\/columnistas\/postal-expres\">Diario de Noticias<\/a><img class=\"lazyload\" decoding=\"async\" align=\"right\" title=\"dn\" alt=\"dn\" src=\"data:image\/gif;base64,R0lGODlhAQABAAAAACH5BAEKAAEALAAAAAABAAEAAAICTAEAOw==\" data-orig-src=\"https:\/\/www.edder.org\/images\/dn.gif\" \/><\/p>\n","protected":false},"excerpt":{"rendered":"<p>Yolanda, todo junto, y \u201cyo, Landa\u201d, por separado, no como Melinda y Melinda. Por un lado, Yolanda: esa se\u00f1ora que conjuga tradici\u00f3n y modernidad al vindicar la reacci\u00f3n integrista de los Rodezno y al ejecutar las m\u00e1s modernas obras de arquitectura, como el inminente Museo de los Sanfermines. Por otro lado, \u201cyo, Landa\u201d: la conocida y decidida opci\u00f3n cultural de UPN por el landismo, por un Alfredo Landa a lo Alfredo Jaime, castizo y a calz\u00f3n quitado; vamos, por ese actor deliberadamente \u2013sobreactuadamente\u2013 m\u00e1s navarro que el que m\u00e1s, del que tanto hemos disfrutado en el curso de los muchos y grandes agasajos que se le han rendido durante estos felices a\u00f1os de sanz-barcinismo. A\u00f1os para los asnales, si no para los anales \u2013del reyno, por supuesto\u2013.  [&#8230;]<\/p>\n","protected":false},"author":82,"featured_media":0,"comment_status":"open","ping_status":"open","sticky":false,"template":"","format":"standard","meta":{"jetpack_post_was_ever_published":false,"_jetpack_newsletter_access":"","_jetpack_dont_email_post_to_subs":false,"_jetpack_newsletter_tier_id":0,"_jetpack_memberships_contains_paywalled_content":false,"_jetpack_memberships_contains_paid_content":false,"footnotes":"","jetpack_publicize_message":"","jetpack_publicize_feature_enabled":true,"jetpack_social_post_already_shared":false,"jetpack_social_options":{"image_generator_settings":{"template":"highway","default_image_id":0,"font":"","enabled":false},"version":2}},"categories":[3],"tags":[],"class_list":["post-519","post","type-post","status-publish","format-standard","hentry","category-na"],"jetpack_publicize_connections":[],"jetpack_featured_media_url":"","jetpack_shortlink":"https:\/\/wp.me\/p6kHv-8n","jetpack_sharing_enabled":true,"jetpack-related-posts":[{"id":635,"url":"https:\/\/www.edder.org\/?p=635","url_meta":{"origin":519,"position":0},"title":"Ba\u00fal de los recuerdos","author":"Eder","date":"s\u00e1bado, 3 Abr, 2010","format":false,"excerpt":"Navarra en el Plan Divino Yolanda y \u00abyo, Landa\u00bb Alcanfor Alcanfor de Espa\u00f1a Pamplonesas todas","rel":"","context":"En \u00abNA\u00bb","block_context":{"text":"NA","link":"https:\/\/www.edder.org\/?cat=3"},"img":{"alt_text":"","src":"","width":0,"height":0},"classes":[]},{"id":560,"url":"https:\/\/www.edder.org\/?p=560","url_meta":{"origin":519,"position":1},"title":"P&#8217;alante y p&#8217;atr\u00e1s","author":"Eder","date":"viernes, 8 Ene, 2010","format":false,"excerpt":"Seg\u00fan consta en la grabaci\u00f3n que por pura casualidad hice, y que conservo por tener una prueba que me confirme no haberlo so\u00f1ado, el pasado s\u00e1bado, d\u00eda dos de enero del a\u00f1o primero de la segunda d\u00e9cada del siglo XXI, a las veintiuna horas y cuarenta minutos, en una de\u2026","rel":"","context":"En \u00abNA\u00bb","block_context":{"text":"NA","link":"https:\/\/www.edder.org\/?cat=3"},"img":{"alt_text":"","src":"","width":0,"height":0},"classes":[]},{"id":34,"url":"https:\/\/www.edder.org\/?p=34","url_meta":{"origin":519,"position":2},"title":"Nepotismo foral: una instant\u00e1nea","author":"Eder","date":"viernes, 30 Dic, 2005","format":false,"excerpt":"Siete a\u00f1o y medio despu\u00e9s de que el incombustible superconsejero Jos\u00e9 Ignacio Palacios \u2013sus pleitos van bien despacio\u2013\u2026 Siete a\u00f1os y medio despu\u00e9s de que Palacios y Sanz \u2013el otro Sanz\u2013, \u00bfregalasen?, \u00bfadjudicasen graciosamente?, \u00bfentregasen en un acto de nepotismo palaciego \u2013\u201cVoy a Palacio\u201d, que dicen ciertos exponentes de nuestra\u2026","rel":"","context":"En \u00abNA\u00bb","block_context":{"text":"NA","link":"https:\/\/www.edder.org\/?cat=3"},"img":{"alt_text":"","src":"","width":0,"height":0},"classes":[]},{"id":148,"url":"https:\/\/www.edder.org\/?p=148","url_meta":{"origin":519,"position":3},"title":"68","author":"Eder","date":"viernes, 2 May, 2008","format":false,"excerpt":"William Klein, Grands soirs & petits matins. De vuelta a algunas pel\u00edculas de o sobre el 68. El cine ayuda bastante a entender el 68, que empez\u00f3 en el 67 y del que el Mayo parisino es un episodio m\u00e1s. Son pel\u00edculas que no se ver\u00e1n en las salas del\u2026","rel":"","context":"En \u00abNA\u00bb","block_context":{"text":"NA","link":"https:\/\/www.edder.org\/?cat=3"},"img":{"alt_text":"","src":"","width":0,"height":0},"classes":[]},{"id":174,"url":"https:\/\/www.edder.org\/?p=174","url_meta":{"origin":519,"position":4},"title":"Foralit\u00e9","author":"Eder","date":"viernes, 12 Sep, 2008","format":false,"excerpt":"Aprovechen que se acaban. Que se acaban los vodeviles y sainetes de ese Alfredo Landa hiperforal que es nuestro gran Miguel Sanz. Aunque previsible, la \u00faltima actuaci\u00f3n de nuestro hiperforal histri\u00f3n \u2013Sanz, no Landa, que Landa es hiperforal en el Reyno, superdonostiarra en San Sebasti\u00e1n y el padre fundador de\u2026","rel":"","context":"En \u00abNA\u00bb","block_context":{"text":"NA","link":"https:\/\/www.edder.org\/?cat=3"},"img":{"alt_text":"","src":"","width":0,"height":0},"classes":[]},{"id":31,"url":"https:\/\/www.edder.org\/?p=31","url_meta":{"origin":519,"position":5},"title":"Feliz navidad, don Ricardo","author":"Eder","date":"viernes, 16 Dic, 2005","format":false,"excerpt":"Feliz navidad, don Ricardo, por descontado que de Le\u00f3n. Feliz navidad, sin m\u00e1s. Lo de una muy pr\u00f3spera jubilaci\u00f3n en el a\u00f1o nuevo, a don Ricardo ya se lo resolvi\u00f3 UPN este verano. Eso qued\u00f3 resuelto tras su relevo en la \u00ednsula navarra de Madrid, con un retiro a la\u2026","rel":"","context":"En \u00abNA\u00bb","block_context":{"text":"NA","link":"https:\/\/www.edder.org\/?cat=3"},"img":{"alt_text":"","src":"","width":0,"height":0},"classes":[]}],"jetpack_likes_enabled":true,"_links":{"self":[{"href":"https:\/\/www.edder.org\/index.php?rest_route=\/wp\/v2\/posts\/519","targetHints":{"allow":["GET"]}}],"collection":[{"href":"https:\/\/www.edder.org\/index.php?rest_route=\/wp\/v2\/posts"}],"about":[{"href":"https:\/\/www.edder.org\/index.php?rest_route=\/wp\/v2\/types\/post"}],"author":[{"embeddable":true,"href":"https:\/\/www.edder.org\/index.php?rest_route=\/wp\/v2\/users\/82"}],"replies":[{"embeddable":true,"href":"https:\/\/www.edder.org\/index.php?rest_route=%2Fwp%2Fv2%2Fcomments&post=519"}],"version-history":[{"count":0,"href":"https:\/\/www.edder.org\/index.php?rest_route=\/wp\/v2\/posts\/519\/revisions"}],"wp:attachment":[{"href":"https:\/\/www.edder.org\/index.php?rest_route=%2Fwp%2Fv2%2Fmedia&parent=519"}],"wp:term":[{"taxonomy":"category","embeddable":true,"href":"https:\/\/www.edder.org\/index.php?rest_route=%2Fwp%2Fv2%2Fcategories&post=519"},{"taxonomy":"post_tag","embeddable":true,"href":"https:\/\/www.edder.org\/index.php?rest_route=%2Fwp%2Fv2%2Ftags&post=519"}],"curies":[{"name":"wp","href":"https:\/\/api.w.org\/{rel}","templated":true}]}}