{"id":503,"date":"2009-11-06T10:02:18","date_gmt":"2009-11-06T09:02:18","guid":{"rendered":"https:\/\/www.edder.org\/?p=503"},"modified":"2018-07-27T16:38:06","modified_gmt":"2018-07-27T14:38:06","slug":"capitalidad-cultural","status":"publish","type":"post","link":"https:\/\/www.edder.org\/?p=503","title":{"rendered":"Capitalidad cultural"},"content":{"rendered":"<p>Francisco <em>Patxi<\/em> Mangado es el \u00fanico arquitecto del mundo que no ha sabido resolver lo que cualquier dise\u00f1ador, a fastidiosa y tard\u00eda petici\u00f3n del cliente, resolver\u00eda en segundos: c\u00f3mo meter en un espacio dado el doble de texto del inicialmente previsto. A Francisco Mangado se le olvid\u00f3 que se hac\u00eda llamar <em>Patxi<\/em> cuando rotul\u00f3 el Baluarte. De tama\u00f1o olvido surgi\u00f3 la fastidiosa y tard\u00eda requisitoria parlamentaria para que rotulase el edificio tambi\u00e9n en euskera. Cualquier dise\u00f1ador, con la inestimable ayuda de las herramientas tipogr\u00e1ficas propias de su oficio, hubiera resuelto eso en cuesti\u00f3n de segundos; pero Mangado no supo o simplemente no quiso resolverlo y salud\u00f3 a sus se\u00f1or\u00edas con el m\u00e1s profesional de sus desdenes. Hacer una plaza \u2013no hablemos ya de crear un espacio p\u00fablico\u2013 tampoco est\u00e1 entre las cosas que se le dan francamente bien a Mangado. Ya se sabe que la plaza del Baluarte hubo que levantarla y volverla a hacer. Por una reciente sentencia acabamos de conocer que entre los varios y diversos olvidos del arquitecto barciniense estuvo el de no acordarse de iluminar adecuadamente esa misma plaza, ni cuando la hizo al detalle ni al rehacerla. As\u00ed que el Ayuntamiento hubo de acudir al rescate para poner en ella lo que se dice que ped\u00eda Goethe al final de sus d\u00edas: m\u00e1s luz. Pero como es tan corriente en \u00e9poca barciniense, el Ayuntamiento pamplon\u00e9s quer\u00eda iluminar la plaza de Mangado salt\u00e1ndose la normativa a la torera. El Parlamento, dado que en sus paredes iban a caer literalmente algunos lamparones, protest\u00f3. Barcina replic\u00f3 que si Pr\u00edncipe de Viana, tan mirada como es con esas cosas, no rechistaba, \u00bfqu\u00e9 problema hab\u00eda? El juez acaba de sentenciar que aunque Pr\u00edncipe de Viana no rechistara \u2013como deb\u00eda haber hecho y como no suele hacer desde que impera Barcina\u2013, no puede iluminarse la plaza que Mangado olvid\u00f3 iluminar de tan grosera manera como el Ayuntamiento pretend\u00eda. Y as\u00ed, d\u00eda a d\u00eda, verso a verso, vamos peleando por las capitalidad europea de la cultura.<\/p>\n<p align=\"right\">Publicado en <a target=\"blank\" href=\"http:\/\/www.diariodenoticias.com\/opinion\/columnistas\/postal-expres\">Diario de Noticias<\/a><img class=\"lazyload\" decoding=\"async\" align=\"right\" title=\"dn\" alt=\"dn\" src=\"data:image\/gif;base64,R0lGODlhAQABAAAAACH5BAEKAAEALAAAAAABAAEAAAICTAEAOw==\" data-orig-src=\"https:\/\/www.edder.org\/images\/dn.gif\" \/><\/p>\n","protected":false},"excerpt":{"rendered":"<p>Francisco Patxi Mangado es el \u00fanico arquitecto del mundo que no ha sabido resolver lo que cualquier dise\u00f1ador, a fastidiosa y tard\u00eda petici\u00f3n del cliente, resolver\u00eda en segundos: c\u00f3mo meter en un espacio dado el doble de texto del inicialmente previsto. A Francisco Mangado se le olvid\u00f3 que se hac\u00eda llamar Patxi cuando rotul\u00f3 el Baluarte. De tama\u00f1o olvido surgi\u00f3 la fastidiosa y tard\u00eda requisitoria parlamentaria para que rotulase el edificio tambi\u00e9n en euskera. Cualquier dise\u00f1ador, con la inestimable ayuda de las herramientas tipogr\u00e1ficas propias de su oficio, hubiera resuelto eso en cuesti\u00f3n de segundos; pero Mangado no supo o simplemente no quiso resolverlo y salud\u00f3 a sus se\u00f1or\u00edas con el m\u00e1s profesional de sus desdenes. Hacer una plaza \u2013no hablemos ya de crear un espacio p\u00fablico\u2013  [&#8230;]<\/p>\n","protected":false},"author":82,"featured_media":0,"comment_status":"open","ping_status":"open","sticky":false,"template":"","format":"standard","meta":{"jetpack_post_was_ever_published":false,"_jetpack_newsletter_access":"","_jetpack_dont_email_post_to_subs":false,"_jetpack_newsletter_tier_id":0,"_jetpack_memberships_contains_paywalled_content":false,"_jetpack_memberships_contains_paid_content":false,"footnotes":"","jetpack_publicize_message":"","jetpack_publicize_feature_enabled":true,"jetpack_social_post_already_shared":false,"jetpack_social_options":{"image_generator_settings":{"template":"highway","default_image_id":0,"font":"","enabled":false},"version":2}},"categories":[3],"tags":[],"class_list":["post-503","post","type-post","status-publish","format-standard","hentry","category-na"],"jetpack_publicize_connections":[],"jetpack_featured_media_url":"","jetpack_shortlink":"https:\/\/wp.me\/p6kHv-87","jetpack_sharing_enabled":true,"jetpack-related-posts":[{"id":4195,"url":"https:\/\/www.edder.org\/?p=4195","url_meta":{"origin":503,"position":0},"title":"A Iosseliani no le gusta Mangado","author":"Eder","date":"lunes, 16 Feb, 2015","format":false,"excerpt":"Se conoce que a Iosseliani, a su paso por Pamplona, no le ha gustado la megaloman\u00eda arquitecton\u00edca de Francisco Mangado y otras proyecciones espectaculares del inmenso ombligo de algunos arquitectos. Iosseliani hoy en El Pa\u00eds: \u00a0 Entrevista completa con Otar Iosseliani: descargar PDF \u00a0 \u00a0 Iosseliani en edder.og: https:\/\/www.edder.org\/?p=3542 https:\/\/www.edder.org\/?p=3917\u2026","rel":"","context":"En \u00abArtes\u00bb","block_context":{"text":"Artes","link":"https:\/\/www.edder.org\/?cat=85"},"img":{"alt_text":"","src":"https:\/\/i0.wp.com\/edder.org\/images\/iosse.png?resize=350%2C200","width":350,"height":200},"classes":[]},{"id":569,"url":"https:\/\/www.edder.org\/?p=569","url_meta":{"origin":503,"position":1},"title":"Nuestra FAES","author":"Eder","date":"viernes, 5 Feb, 2010","format":false,"excerpt":"Casi me caigo de la silla al leer que el gran Francisco Mangado, ante la \u201cdebacle en valores\u201d que padecemos, reivindica ahora una arquitectura que, am\u00e9n de estar inspirada en la utilidad, el servicio y la vocaci\u00f3n social, piense en el interior de las viviendas m\u00e1s que en las fachadas.\u2026","rel":"","context":"En \u00abNA\u00bb","block_context":{"text":"NA","link":"https:\/\/www.edder.org\/?cat=3"},"img":{"alt_text":"","src":"","width":0,"height":0},"classes":[]},{"id":562,"url":"https:\/\/www.edder.org\/?p=562","url_meta":{"origin":503,"position":2},"title":"De Landa al infinito","author":"Eder","date":"viernes, 15 Ene, 2010","format":false,"excerpt":"Pues ten\u00eda raz\u00f3n Mangado, don Francisco, vamos, creo yo, y a cada uno su raz\u00f3n. El r\u00f3tulo \u201cPalacio Baluarte Jauregia\u201d, bien, bien, bien, lo que se dice bien, no es que le caiga al edificio, como el arquitecto ya profetizara que iba a ocurrir. Mal, mal, mal, pues tampoco, la\u2026","rel":"","context":"En \u00abNA\u00bb","block_context":{"text":"NA","link":"https:\/\/www.edder.org\/?cat=3"},"img":{"alt_text":"","src":"","width":0,"height":0},"classes":[]},{"id":37,"url":"https:\/\/www.edder.org\/?p=37","url_meta":{"origin":503,"position":3},"title":"De la polis al bar","author":"Eder","date":"viernes, 13 Ene, 2006","format":false,"excerpt":"La colecci\u00f3n de perlas cultivadas que el arquitecto Francisco Mangado dej\u00f3 caer en su d\u00eda sobre esa plaza \u2013la del Baluarte\u2013 que finalmente ser\u00e1 sede privilegiada del primer y m\u00e1s selecto bar-restaurante del Reyno \u2013encargado, c\u00f3mo no, al propio Mangado, cuyo talento en la concepci\u00f3n de espacios para la restauraci\u00f3n\u2026","rel":"","context":"En \u00abNA\u00bb","block_context":{"text":"NA","link":"https:\/\/www.edder.org\/?cat=3"},"img":{"alt_text":"","src":"","width":0,"height":0},"classes":[]},{"id":483,"url":"https:\/\/www.edder.org\/?p=483","url_meta":{"origin":503,"position":4},"title":"\u00a1Alonso, Alonso, Alonso!","author":"Eder","date":"viernes, 2 Oct, 2009","format":false,"excerpt":"Porque existe Google, que si no, no me hubiera acordado del nombre de aquel delegado del Gobierno tan din\u00e1mico que organizaba patri\u00f3ticas juras de bandera con nuestras arquistars. Arquistars quiere decir estrellas del firmamento arquitect\u00f3nico. Nuestras arquistars cab\u00edan casi todas juntas en una jura de bandera de las que organizaba\u2026","rel":"","context":"En \u00abNA\u00bb","block_context":{"text":"NA","link":"https:\/\/www.edder.org\/?cat=3"},"img":{"alt_text":"","src":"","width":0,"height":0},"classes":[]},{"id":330,"url":"https:\/\/www.edder.org\/?p=330","url_meta":{"origin":503,"position":5},"title":"El arte entre los doctores","author":"Eder","date":"viernes, 27 Mar, 2009","format":false,"excerpt":"Soy uno de los exc\u00e9ntricos que el otro mi\u00e9rcoles tir\u00f3 la tarde por la ventana con la lectura del Plan Global de Fomento y Desarrollo del Arte Contempor\u00e1neo en Navarra, plan en dos quinquenios que el consejero del ramo solt\u00f3 en el Parlamento sin que nadie rechistara \u2013nadie, nadie, que\u2026","rel":"","context":"En \u00abNA\u00bb","block_context":{"text":"NA","link":"https:\/\/www.edder.org\/?cat=3"},"img":{"alt_text":"","src":"","width":0,"height":0},"classes":[]}],"jetpack_likes_enabled":true,"_links":{"self":[{"href":"https:\/\/www.edder.org\/index.php?rest_route=\/wp\/v2\/posts\/503","targetHints":{"allow":["GET"]}}],"collection":[{"href":"https:\/\/www.edder.org\/index.php?rest_route=\/wp\/v2\/posts"}],"about":[{"href":"https:\/\/www.edder.org\/index.php?rest_route=\/wp\/v2\/types\/post"}],"author":[{"embeddable":true,"href":"https:\/\/www.edder.org\/index.php?rest_route=\/wp\/v2\/users\/82"}],"replies":[{"embeddable":true,"href":"https:\/\/www.edder.org\/index.php?rest_route=%2Fwp%2Fv2%2Fcomments&post=503"}],"version-history":[{"count":0,"href":"https:\/\/www.edder.org\/index.php?rest_route=\/wp\/v2\/posts\/503\/revisions"}],"wp:attachment":[{"href":"https:\/\/www.edder.org\/index.php?rest_route=%2Fwp%2Fv2%2Fmedia&parent=503"}],"wp:term":[{"taxonomy":"category","embeddable":true,"href":"https:\/\/www.edder.org\/index.php?rest_route=%2Fwp%2Fv2%2Fcategories&post=503"},{"taxonomy":"post_tag","embeddable":true,"href":"https:\/\/www.edder.org\/index.php?rest_route=%2Fwp%2Fv2%2Ftags&post=503"}],"curies":[{"name":"wp","href":"https:\/\/api.w.org\/{rel}","templated":true}]}}