{"id":5,"date":"2005-09-25T22:59:42","date_gmt":"2005-09-25T20:59:42","guid":{"rendered":"https:\/\/www.edder.org\/?p=5"},"modified":"2018-07-27T16:38:58","modified_gmt":"2018-07-27T14:38:58","slug":"embajadores-del-reyno","status":"publish","type":"post","link":"https:\/\/www.edder.org\/?p=5","title":{"rendered":"Embajadores del Reyno"},"content":{"rendered":"<p><img decoding=\"async\" src=\"data:image\/gif;base64,R0lGODlhAQABAAAAACH5BAEKAAEALAAAAAABAAEAAAICTAEAOw==\" data-orig-src=\"https:\/\/www.edder.org\/images\/pais.gif\" alt=\"pa\u00eds\" class=\"lazyload izquierda\" \/><br \/>\nEn la ma\u00f1ana del pasado martes 5 de julio se verific\u00f3 la primera mala cornada de los corrientes sanfermines. En efecto, esa ma\u00f1ana los peri\u00f3dicos informaban sucinta, escuetamente, de que el delegado del Gobierno de Navarra en Madrid, m\u00e1s popularmente conocido como el Se\u00f1or Embajador Plenipotenciario del Reyno <div class=\"fusion-fullwidth fullwidth-box fusion-builder-row-1 hundred-percent-fullwidth non-hundred-percent-height-scrolling\" style=\"--awb-border-radius-top-left:0px;--awb-border-radius-top-right:0px;--awb-border-radius-bottom-right:0px;--awb-border-radius-bottom-left:0px;--awb-overflow:visible;--awb-flex-wrap:wrap;\" ><div class=\"fusion-builder-row fusion-row\"><div class=\"fusion-layout-column fusion_builder_column fusion-builder-column-0 fusion_builder_column_1_1 1_1 fusion-one-full fusion-column-first fusion-column-last fusion-column-no-min-height\" style=\"--awb-bg-size:cover;--awb-margin-bottom:0px;\"><div class=\"fusion-column-wrapper fusion-flex-column-wrapper-legacy\">[sic], hab\u00eda cesado en el ejercicio de sus ignotas funciones. Eso dec\u00edan todos los peri\u00f3dicos, excepto uno. Uno que, seguramente con acceso a fuentes privilegiadas, nos informaba amplia, profusamente ???ya desde la primera plana y a tres columnas???, de que el Gobierno auton\u00f3mico, visto lo turbio de algunas cuentas de una fundaci\u00f3n del Embajador Plenipotenciario, hab\u00eda resuelto fulminarlo ipso facto. Preguntado el Se\u00f1or Embajador por sus impresiones tras el mal lance, dijo lo que es habitual en estas sanfermineras ocasiones: que se encontraba muy aturdido tras ser pateado por la manada y que su estado no era como para prodigarse en declaraciones a la prensa.<!--more--><br \/>\nEl cruento lance del que sali\u00f3 volteado y, previsiblemente, herido de muerte pol\u00edtica el Se\u00f1or Embajador, es ciertamente extra\u00f1o, y la alegr\u00eda sanferminera no va ayudar mucho a que se haga luz sobre el caso. Don Ricardo de Le\u00f3n, hombre de prol\u00edficas inquietudes humanitarias, compartidas en algunas fundaciones ben\u00e9ficas con esa ilustre visitante de los sanfermines que fue do\u00f1a Ana Botella, ya pas\u00f3 momentos de apuro en su \u00e9poca de consejero foral, cuando los parlamentarios le solicitaron explicaciones que no acert\u00f3 a dar. Pasado el mal rato, el Gobierno auton\u00f3mico, al quite, dio en crear la delegaci\u00f3n del Gobierno de Navarra en Madrid, organismo cuyas funciones son de una absoluta imprecisi\u00f3n, fuera de que el titular del alt\u00edsimo cargo ejerza con la debida dignidad la representaci\u00f3n del Reyno. Digo Reyno [sic] porque el gobierno que acaba de empitonar a su propio embajador est\u00e1 por la antigua, antiqu\u00edsima denominaci\u00f3n de la comunidad aut\u00f3noma.<br \/>\nLa indefinici\u00f3n de las funciones del delegado coadyuv\u00f3 a que, destinado don Ricardo en Madrid, se dedicase a sus consejos de administraci\u00f3n y a frecuentar la grata compa\u00f1\u00eda de gentes tan humanitariamente inquietas como do\u00f1a Ana Botella. Por el camino del humanitarismo, el Se\u00f1or Embajador lleg\u00f3 a una nueva comparecencia ante el parlamento foral. En el asunto que lo trajo de vuelta al legislativo, se mezclaban su condici\u00f3n de consejero de MTS Tobacco ???empresa participada por el Gobierno de Navarra??? y la de directivo de Humanismo y Democracia, fundaci\u00f3n de los populares, gracias a la que MTS Tobacco obtuvo ventajas en el Iraq de Sadam Hussein, poco antes del chaparr\u00f3n. El Gobierno estuvo de nuevo al quite.<br \/>\nDe Iraq tras el chaparr\u00f3n sabe mucho don Mario Vargas Llosa, que por esas cosas del regreso de la i griega ??????Reyno de Navarra, Tierra de Diversidad??? [sic]???, fue ayer solemnemente investido, por un sonriente jefe de Gobierno, Bodeguero Mayor del Reyno. El t\u00edtulo data de cuando los Teobaldos. Vamos, de la noche de los tiempos forales. Las funciones, m\u00e1s all\u00e1 de que no nos ag\u00fcen el vino y la alta representaci\u00f3n diplom\u00e1tica, son imprecisas. Como las de un embajador honorario ???cosa de la que est\u00e1bamos necesitados tras el mal lance del pasado martes??? o un nobel.<div class=\"fusion-clearfix\"><\/div><\/div><\/div><\/div><\/div><\/p>\n","protected":false},"excerpt":{"rendered":"<p>En la ma\u00f1ana del pasado martes 5 de julio se verific\u00f3 la primera mala cornada de los corrientes sanfermines. En efecto, esa ma\u00f1ana los peri\u00f3dicos informaban sucinta, escuetamente, de que el delegado del Gobierno de Navarra en Madrid, m\u00e1s popularmente conocido como el Se\u00f1or Embajador Plenipotenciario del Reyno [sic], hab\u00eda cesado en el ejercicio de sus ignotas funciones. Eso dec\u00edan todos los peri\u00f3dicos, excepto uno. Uno que, seguramente con acceso a fuentes privilegiadas, nos informaba amplia, profusamente ???ya desde la primera plana y a tres columnas???, de que el Gobierno auton\u00f3mico, visto lo turbio de algunas cuentas de una fundaci\u00f3n del Embajador Plenipotenciario, hab\u00eda resuelto fulminarlo ipso facto. Preguntado el Se\u00f1or Embajador por sus impresiones tras el mal lance, dijo lo que es habitual en estas sanfermineras  [&#8230;]<\/p>\n","protected":false},"author":82,"featured_media":0,"comment_status":"open","ping_status":"open","sticky":false,"template":"","format":"standard","meta":{"jetpack_post_was_ever_published":false,"_jetpack_newsletter_access":"","_jetpack_dont_email_post_to_subs":false,"_jetpack_newsletter_tier_id":0,"_jetpack_memberships_contains_paywalled_content":false,"_jetpack_memberships_contains_paid_content":false,"footnotes":"","jetpack_publicize_message":"","jetpack_publicize_feature_enabled":true,"jetpack_social_post_already_shared":false,"jetpack_social_options":{"image_generator_settings":{"template":"highway","default_image_id":0,"font":"","enabled":false},"version":2}},"categories":[3],"tags":[],"class_list":["post-5","post","type-post","status-publish","format-standard","hentry","category-na"],"jetpack_publicize_connections":[],"jetpack_featured_media_url":"","jetpack_shortlink":"https:\/\/wp.me\/p6kHv-5","jetpack_sharing_enabled":true,"jetpack-related-posts":[{"id":145,"url":"https:\/\/www.edder.org\/?p=145","url_meta":{"origin":5,"position":0},"title":"Cuando \u00e9ramos \u201creyno\u201d","author":"Eder","date":"viernes, 11 Abr, 2008","format":false,"excerpt":"","rel":"","context":"En \u00abNA\u00bb","block_context":{"text":"NA","link":"https:\/\/www.edder.org\/?cat=3"},"img":{"alt_text":"","src":"","width":0,"height":0},"classes":[]},{"id":327,"url":"https:\/\/www.edder.org\/?p=327","url_meta":{"origin":5,"position":1},"title":"Alcanfor","author":"Eder","date":"viernes, 20 Mar, 2009","format":false,"excerpt":"Trepidante actividad cultural en la arena \u2013pron\u00fanciese \u2018harina\u2019\u2013 del Reyno. Trepidante actividad cultural ante la inminencia de la Semana Santa y con el 2016 a la vuelta de la esquina. Javieradas aparte, trepidante actividad cultural en el reyno viejo; reino que, como dijera Pem\u00e1n \u2013el poeta del R\u00e9gimen que por\u2026","rel":"","context":"En \u00abNA\u00bb","block_context":{"text":"NA","link":"https:\/\/www.edder.org\/?cat=3"},"img":{"alt_text":"","src":"","width":0,"height":0},"classes":[]},{"id":28,"url":"https:\/\/www.edder.org\/?p=28","url_meta":{"origin":5,"position":2},"title":"\u00bfCentenario? \u00a1Terry!","author":"Eder","date":"viernes, 25 Nov, 2005","format":false,"excerpt":"Y la directora del Instituto Navarro de la Mujer, \u00bfqu\u00e9 dice de ese anuncio de los tintos del Reyno, en el que de la trasera de un sof\u00e1 emergen las piernas de una mujer desvestida, sobre la que yace un ejecutivo descorbatado? \u00bfNada que declarar? Pues va a ser que\u2026","rel":"","context":"En \u00abNA\u00bb","block_context":{"text":"NA","link":"https:\/\/www.edder.org\/?cat=3"},"img":{"alt_text":"","src":"","width":0,"height":0},"classes":[]},{"id":119,"url":"https:\/\/www.edder.org\/?p=119","url_meta":{"origin":5,"position":3},"title":"Con p\u00f3lvora del Reyno","author":"Eder","date":"viernes, 23 Nov, 2007","format":false,"excerpt":"Con p\u00f3lvora del Rey, \u00a1Dios qu\u00e9 buenos ca\u00f1onazos se tiran! Y con p\u00f3lvora del Reyno, qu\u00e9 bonitos saraos se organizan. Encantadora velada, seg\u00fan rezaban ayer las cr\u00f3nicas, la celebrada en Madrid \u2013con el ameno prop\u00f3sito de confraternizar\u2013 a instancia de nuestra delegaci\u00f3n diplom\u00e1tica en la Villa y Corte. S\u00ed, la\u2026","rel":"","context":"En \u00abNA\u00bb","block_context":{"text":"NA","link":"https:\/\/www.edder.org\/?cat=3"},"img":{"alt_text":"","src":"","width":0,"height":0},"classes":[]},{"id":700,"url":"https:\/\/www.edder.org\/?p=700","url_meta":{"origin":5,"position":4},"title":"En el \u201cReyno\u201d al rev\u00e9s","author":"Eder","date":"viernes, 30 Abr, 2010","format":false,"excerpt":"A los fariseos \u2013d\u00edcese de los hip\u00f3critas que fingen un alto rigor religioso y, lo que es m\u00e1s temible e inadmisible, tratan de imponer sus rigores a los dem\u00e1s\u2013, a los Sanz, Kutz, Sayas y Barcina que en materia de interrupci\u00f3n voluntaria del embarazo han hecho de este su Reyno\u2026","rel":"","context":"En \u00abNA\u00bb","block_context":{"text":"NA","link":"https:\/\/www.edder.org\/?cat=3"},"img":{"alt_text":"","src":"","width":0,"height":0},"classes":[]},{"id":26,"url":"https:\/\/www.edder.org\/?p=26","url_meta":{"origin":5,"position":5},"title":"\u00bfSe\u00f1or o Truh\u00e1n?","author":"Eder","date":"viernes, 11 Nov, 2005","format":false,"excerpt":"Ricardo de Le\u00f3n: el ex embajador plenipotenciario del Reyno en la Villa y Corte. Si es verdad, como se informaba ayer, de que en su calidad de gerente de Humanismo y Democracia ???con un sueldo de 44.619 euros anuales, entre otras remuneraciones??? se contrat\u00f3 a s\u00ed mismo en oficios de\u2026","rel":"","context":"En \u00abNA\u00bb","block_context":{"text":"NA","link":"https:\/\/www.edder.org\/?cat=3"},"img":{"alt_text":"","src":"","width":0,"height":0},"classes":[]}],"jetpack_likes_enabled":true,"_links":{"self":[{"href":"https:\/\/www.edder.org\/index.php?rest_route=\/wp\/v2\/posts\/5","targetHints":{"allow":["GET"]}}],"collection":[{"href":"https:\/\/www.edder.org\/index.php?rest_route=\/wp\/v2\/posts"}],"about":[{"href":"https:\/\/www.edder.org\/index.php?rest_route=\/wp\/v2\/types\/post"}],"author":[{"embeddable":true,"href":"https:\/\/www.edder.org\/index.php?rest_route=\/wp\/v2\/users\/82"}],"replies":[{"embeddable":true,"href":"https:\/\/www.edder.org\/index.php?rest_route=%2Fwp%2Fv2%2Fcomments&post=5"}],"version-history":[{"count":0,"href":"https:\/\/www.edder.org\/index.php?rest_route=\/wp\/v2\/posts\/5\/revisions"}],"wp:attachment":[{"href":"https:\/\/www.edder.org\/index.php?rest_route=%2Fwp%2Fv2%2Fmedia&parent=5"}],"wp:term":[{"taxonomy":"category","embeddable":true,"href":"https:\/\/www.edder.org\/index.php?rest_route=%2Fwp%2Fv2%2Fcategories&post=5"},{"taxonomy":"post_tag","embeddable":true,"href":"https:\/\/www.edder.org\/index.php?rest_route=%2Fwp%2Fv2%2Ftags&post=5"}],"curies":[{"name":"wp","href":"https:\/\/api.w.org\/{rel}","templated":true}]}}