{"id":483,"date":"2009-10-02T17:10:29","date_gmt":"2009-10-02T16:10:29","guid":{"rendered":"https:\/\/www.edder.org\/?p=483"},"modified":"2018-07-27T16:38:07","modified_gmt":"2018-07-27T14:38:07","slug":"alonso-alonso-alonso","status":"publish","type":"post","link":"https:\/\/www.edder.org\/?p=483","title":{"rendered":"\u00a1Alonso, Alonso, Alonso!"},"content":{"rendered":"<p>Porque existe Google, que si no, no me hubiera acordado del nombre de aquel delegado del Gobierno tan din&aacute;mico que organizaba patri&oacute;ticas juras de bandera con nuestras <em>arquistars<\/em>. <em>Arquistars<\/em> quiere decir estrellas del firmamento arquitect&oacute;nico. Nuestras <em>arquistars<\/em> cab&iacute;an casi todas juntas en una jura de bandera de las que organizaba Ripa en Aizo&aacute;in, que es donde casualmente volvieron a coincidir, una vez m&aacute;s &ndash;&eacute;sta en posici&oacute;n de firmes&ndash; Mangado y el marido de Barcina. No recuerdo ahora si compa&ntilde;eros de tantas fatigas como Mangado y Vallejo coincidieron o no en el patronato de la Fundaci&oacute;n Arte Viva Navarra, de tan grato recuerdo y que tantos &eacute;xitos cosechara en el <em>Reyno<\/em>. Los &eacute;xitos venideros quedan todos para la fundaci&oacute;n de Mangado, a la que no hay crisis que prive del apoy&oacute; incondicional de Sanz y Barcina, Barcina y Sanz. Pero a lo que iba: en la estela de Ripa y para mayor lucimiento del D&iacute;a de la Fiesta Nacional &ndash;enti&eacute;ndase fiesta patri&oacute;tica, no taurina&ndash;, la ministra de Defensa ha puesto a trabajar para la Patria a estrellas del firmamento medi&aacute;tico como Concha Velasco o Ferr&aacute;n Adri&agrave;. La una y el otro confraternizar&aacute;n el pr&oacute;ximo d&iacute;a 12 de octubre con la tropa, como ya hicieran en su momento ilustres predecesores tales que Mangado y Vallejo, Vallejo y Mangado. La verdad: encuentro ese gasto algo superfluo, precisamente ahora. Precisamente ahora que un h&eacute;roe patrio de las &eacute;picas dimensiones de Alonso ha fichado por la escuder&iacute;a del caballo rampante y los l&iacute;deres de opini&oacute;n radiof&oacute;nica, al grito de &ldquo;&iexcl;Alonso, Alonso, Alonso!&rdquo;, felicitan a Italia por la suerte que tiene al haber sido salvada, lo sepa o no, con la llegada de un espa&ntilde;ol providencial &ndash;as&iacute; que sea uno de esos espa&ntilde;oles providenciales que residen en alg&uacute;n para&iacute;so fiscal y dicen en <em>International English<\/em> una palabra de cada tres&ndash;. Qu&eacute; derroche, llamar a Adri&agrave;, pagar su cach&eacute; de estrella internacional &ndash;s&oacute;lo al alcance de Sanz y Barcina en campa&ntilde;a&ndash; en plena ola de euforia alonsista o furia patri&oacute;tica.<\/p>\n<p align=\"right\">Publicado en <a href=\"http:\/\/www.diariodenoticias.com\/opinion\/columnistas\/postal-expres\" target=\"blank\">Diario de Noticias<\/a><img class=\"lazyload\" decoding=\"async\" align=\"right\" alt=\"dn\" src=\"data:image\/gif;base64,R0lGODlhAQABAAAAACH5BAEKAAEALAAAAAABAAEAAAICTAEAOw==\" data-orig-src=\"https:\/\/www.edder.org\/images\/dn.gif\" title=\"dn\" \/><\/p>\n","protected":false},"excerpt":{"rendered":"<p>Porque existe Google, que si no, no me hubiera acordado del nombre de aquel delegado del Gobierno tan din&aacute;mico que organizaba patri&oacute;ticas juras de bandera con nuestras arquistars. Arquistars quiere decir estrellas del firmamento arquitect&oacute;nico. Nuestras arquistars cab&iacute;an casi todas juntas en una jura de bandera de las que organizaba Ripa en Aizo&aacute;in, que es donde casualmente volvieron a coincidir, una vez m&aacute;s &ndash;&eacute;sta en posici&oacute;n de firmes&ndash; Mangado y el marido de Barcina. No recuerdo ahora si compa&ntilde;eros de tantas fatigas como Mangado y Vallejo coincidieron o no en el patronato de la Fundaci&oacute;n Arte Viva Navarra, de tan grato recuerdo y que tantos &eacute;xitos cosechara en el Reyno. Los &eacute;xitos venideros quedan todos para la fundaci&oacute;n de Mangado, a la que no hay crisis que  [&#8230;]<\/p>\n","protected":false},"author":82,"featured_media":0,"comment_status":"open","ping_status":"open","sticky":false,"template":"","format":"standard","meta":{"jetpack_post_was_ever_published":false,"_jetpack_newsletter_access":"","_jetpack_dont_email_post_to_subs":false,"_jetpack_newsletter_tier_id":0,"_jetpack_memberships_contains_paywalled_content":false,"_jetpack_memberships_contains_paid_content":false,"footnotes":"","jetpack_publicize_message":"","jetpack_publicize_feature_enabled":true,"jetpack_social_post_already_shared":false,"jetpack_social_options":{"image_generator_settings":{"template":"highway","default_image_id":0,"font":"","enabled":false},"version":2}},"categories":[3,1],"tags":[],"class_list":["post-483","post","type-post","status-publish","format-standard","hentry","category-na","category-sin-categorizar"],"jetpack_publicize_connections":[],"jetpack_featured_media_url":"","jetpack_shortlink":"https:\/\/wp.me\/p6kHv-7N","jetpack_sharing_enabled":true,"jetpack-related-posts":[{"id":569,"url":"https:\/\/www.edder.org\/?p=569","url_meta":{"origin":483,"position":0},"title":"Nuestra FAES","author":"Eder","date":"viernes, 5 Feb, 2010","format":false,"excerpt":"Casi me caigo de la silla al leer que el gran Francisco Mangado, ante la \u201cdebacle en valores\u201d que padecemos, reivindica ahora una arquitectura que, am\u00e9n de estar inspirada en la utilidad, el servicio y la vocaci\u00f3n social, piense en el interior de las viviendas m\u00e1s que en las fachadas.\u2026","rel":"","context":"En \u00abNA\u00bb","block_context":{"text":"NA","link":"https:\/\/www.edder.org\/?cat=3"},"img":{"alt_text":"","src":"","width":0,"height":0},"classes":[]},{"id":503,"url":"https:\/\/www.edder.org\/?p=503","url_meta":{"origin":483,"position":1},"title":"Capitalidad cultural","author":"Eder","date":"viernes, 6 Nov, 2009","format":false,"excerpt":"Francisco Patxi Mangado es el \u00fanico arquitecto del mundo que no ha sabido resolver lo que cualquier dise\u00f1ador, a fastidiosa y tard\u00eda petici\u00f3n del cliente, resolver\u00eda en segundos: c\u00f3mo meter en un espacio dado el doble de texto del inicialmente previsto. A Francisco Mangado se le olvid\u00f3 que se hac\u00eda\u2026","rel":"","context":"En \u00abNA\u00bb","block_context":{"text":"NA","link":"https:\/\/www.edder.org\/?cat=3"},"img":{"alt_text":"","src":"","width":0,"height":0},"classes":[]},{"id":330,"url":"https:\/\/www.edder.org\/?p=330","url_meta":{"origin":483,"position":2},"title":"El arte entre los doctores","author":"Eder","date":"viernes, 27 Mar, 2009","format":false,"excerpt":"Soy uno de los exc\u00e9ntricos que el otro mi\u00e9rcoles tir\u00f3 la tarde por la ventana con la lectura del Plan Global de Fomento y Desarrollo del Arte Contempor\u00e1neo en Navarra, plan en dos quinquenios que el consejero del ramo solt\u00f3 en el Parlamento sin que nadie rechistara \u2013nadie, nadie, que\u2026","rel":"","context":"En \u00abNA\u00bb","block_context":{"text":"NA","link":"https:\/\/www.edder.org\/?cat=3"},"img":{"alt_text":"","src":"","width":0,"height":0},"classes":[]},{"id":158,"url":"https:\/\/www.edder.org\/?p=158","url_meta":{"origin":483,"position":3},"title":"Animales desnudos","author":"Eder","date":"viernes, 27 Jun, 2008","format":false,"excerpt":"En \u00faltimo t\u00e9rmino, lo que nos diferencia de los animales no es tanto la capacidad de hablar, razonar, re\u00edr o pensar en la muerte, cuanto la consciencia de la propia desnudez. No es s\u00f3lo que los animales sean completamente inconscientes de no ir vestidos; es que al no tener conciencia\u2026","rel":"","context":"En \u00abNA\u00bb","block_context":{"text":"NA","link":"https:\/\/www.edder.org\/?cat=3"},"img":{"alt_text":"","src":"","width":0,"height":0},"classes":[]},{"id":345,"url":"https:\/\/www.edder.org\/?p=345","url_meta":{"origin":483,"position":4},"title":"Para gente sin complejos","author":"Eder","date":"s\u00e1bado, 25 Abr, 2009","format":false,"excerpt":"Seguro que tanto Salaberri y todo junto no ser\u00e1 m\u00e1s que una casualidad. Salaberri en el Museo Oteiza. Salaberri en las paredes del ampliado y redecorado despacho que Miguel Sanz legar\u00e1 a Barcina \u2013\u00bfcrisis?, \u00bfqu\u00e9 crisis?\u2013. Salaberri en el proyecto del Ayuntamiento de Pamplona para mostrar a la parroquia el\u2026","rel":"","context":"En \u00abNA\u00bb","block_context":{"text":"NA","link":"https:\/\/www.edder.org\/?cat=3"},"img":{"alt_text":"","src":"","width":0,"height":0},"classes":[]},{"id":433,"url":"https:\/\/www.edder.org\/?p=433","url_meta":{"origin":483,"position":5},"title":"Yes, they Can","author":"Eder","date":"viernes, 26 Jun, 2009","format":false,"excerpt":"Yes, they Can, o lo que es mismo: Sanz y Barcina seguir\u00e1n estando en la Can cuando el \u00faltimo pol\u00edtico que se vaya de Caja Navarra cierre la puerta. Es m\u00e1s: Sanz estar\u00eda en las altas esferas de Caja Navarra incluso en el poco veros\u00edmil supuesto de que hoy mismo\u2026","rel":"","context":"En \u00abNA\u00bb","block_context":{"text":"NA","link":"https:\/\/www.edder.org\/?cat=3"},"img":{"alt_text":"","src":"","width":0,"height":0},"classes":[]}],"jetpack_likes_enabled":true,"_links":{"self":[{"href":"https:\/\/www.edder.org\/index.php?rest_route=\/wp\/v2\/posts\/483","targetHints":{"allow":["GET"]}}],"collection":[{"href":"https:\/\/www.edder.org\/index.php?rest_route=\/wp\/v2\/posts"}],"about":[{"href":"https:\/\/www.edder.org\/index.php?rest_route=\/wp\/v2\/types\/post"}],"author":[{"embeddable":true,"href":"https:\/\/www.edder.org\/index.php?rest_route=\/wp\/v2\/users\/82"}],"replies":[{"embeddable":true,"href":"https:\/\/www.edder.org\/index.php?rest_route=%2Fwp%2Fv2%2Fcomments&post=483"}],"version-history":[{"count":0,"href":"https:\/\/www.edder.org\/index.php?rest_route=\/wp\/v2\/posts\/483\/revisions"}],"wp:attachment":[{"href":"https:\/\/www.edder.org\/index.php?rest_route=%2Fwp%2Fv2%2Fmedia&parent=483"}],"wp:term":[{"taxonomy":"category","embeddable":true,"href":"https:\/\/www.edder.org\/index.php?rest_route=%2Fwp%2Fv2%2Fcategories&post=483"},{"taxonomy":"post_tag","embeddable":true,"href":"https:\/\/www.edder.org\/index.php?rest_route=%2Fwp%2Fv2%2Ftags&post=483"}],"curies":[{"name":"wp","href":"https:\/\/api.w.org\/{rel}","templated":true}]}}