{"id":481,"date":"2009-09-25T17:09:07","date_gmt":"2009-09-25T16:09:07","guid":{"rendered":"https:\/\/www.edder.org\/?p=481"},"modified":"2018-07-27T16:38:08","modified_gmt":"2018-07-27T14:38:08","slug":"los-intocables","status":"publish","type":"post","link":"https:\/\/www.edder.org\/?p=481","title":{"rendered":"Los intocables"},"content":{"rendered":"<p>Aciertan los dos artistas que obtuvieron una de las becas del Centro Huarte de Arte Contempor\u00e1neo y que con su obra han tratado de indagar en los secretos del monumento a los Ca\u00eddos: probablemente ser\u00e1n censurados. Ser\u00e1n censurados, no porque su trabajo no vaya a verse aqu\u00ed, que se ver\u00e1, hasta ah\u00ed pod\u00edamos llegar; sino porque, en primer lugar, se ver\u00e1 no donde tendr\u00eda que verse \u2013que ser\u00eda en el interior del propio monumento, costruido a partir de esa m\u00edstica nazi-fascista seg\u00fan la que la luz de los combatientes ca\u00eddos ha de iluminar los pasos de los camaradas vivos: cosa, el monumento y su sentido, que una mirada art\u00edstica puede intentar revelar\u2013, sino que su trabajo ser\u00e1 expuesto en  las tinieblas exteriores, que es donde queda el centro de arte que les bec\u00f3, por all\u00e1 por donde los centros comerciales y las hileras de adosados. Centro de arte, el de Huarte, nacido agonizante por expresa voluntad \u2013pol\u00edtica, por supuesto\u2013 de que as\u00ed fuese. Es interesante que un par de artistas for\u00e1neos hayan logrado que los Caballeros Voluntarios de la Cruz les muestren la cripta desde la que dos generales golpistas deben iluminarnos eternamente. Por cierto, que los Caballeros Voluntarios de la Cruz inventaron en 1940 la primera javierada. La palabra, no. La palabra \u201cjavierada\u201d la invent\u00f3 el obispo Olaechea, el mismo que descubriera que la guerra no era la guerra y sus matanzas sino una cruzada. Cruzada inmemorial, como muestran las pinturas de la c\u00fapula de los Ca\u00eddos, obra del mismo ilustrador que concibiera el tapiz de la Diputaci\u00f3n ante el que siguen fotografi\u00e1ndose nuestros presidentes como si fuese un bajorrelieve asirio o un mural azteca. Todo esto, m\u00e1s tomado en su conjunto, es interesante, pero ning\u00fan centro de arte de nuestras tinieblas exteriores, mucho menos ning\u00fan centro c\u00edvico del centro va abrir ning\u00fan debate a fondo sobre tales cuestiones. No al menos mientras nombres como el de Rodezno, en cuya plaza sigue ubic\u00e1ndose el monumento a los Ca\u00eddos, sean intocables.<\/p>\n<p align=\"right\">Publicado en <a target=\"blank\" href=\"http:\/\/www.diariodenoticias.com\/opinion\/columnistas\/postal-expres\">Diario de Noticias<\/a><img class=\"lazyload\" decoding=\"async\" align=\"right\" title=\"dn\" alt=\"dn\" src=\"data:image\/gif;base64,R0lGODlhAQABAAAAACH5BAEKAAEALAAAAAABAAEAAAICTAEAOw==\" data-orig-src=\"https:\/\/www.edder.org\/images\/dn.gif\" \/><\/p>\n","protected":false},"excerpt":{"rendered":"<p>Aciertan los dos artistas que obtuvieron una de las becas del Centro Huarte de Arte Contempor\u00e1neo y que con su obra han tratado de indagar en los secretos del monumento a los Ca\u00eddos: probablemente ser\u00e1n censurados. Ser\u00e1n censurados, no porque su trabajo no vaya a verse aqu\u00ed, que se ver\u00e1, hasta ah\u00ed pod\u00edamos llegar; sino porque, en primer lugar, se ver\u00e1 no donde tendr\u00eda que verse \u2013que ser\u00eda en el interior del propio monumento, costruido a partir de esa m\u00edstica nazi-fascista seg\u00fan la que la luz de los combatientes ca\u00eddos ha de iluminar los pasos de los camaradas vivos: cosa, el monumento y su sentido, que una mirada art\u00edstica puede intentar revelar\u2013, sino que su trabajo ser\u00e1 expuesto en las tinieblas exteriores, que es donde queda el  [&#8230;]<\/p>\n","protected":false},"author":82,"featured_media":0,"comment_status":"open","ping_status":"open","sticky":false,"template":"","format":"standard","meta":{"jetpack_post_was_ever_published":false,"_jetpack_newsletter_access":"","_jetpack_dont_email_post_to_subs":false,"_jetpack_newsletter_tier_id":0,"_jetpack_memberships_contains_paywalled_content":false,"_jetpack_memberships_contains_paid_content":false,"footnotes":"","jetpack_publicize_message":"","jetpack_publicize_feature_enabled":true,"jetpack_social_post_already_shared":false,"jetpack_social_options":{"image_generator_settings":{"template":"highway","default_image_id":0,"font":"","enabled":false},"version":2}},"categories":[3,1],"tags":[],"class_list":["post-481","post","type-post","status-publish","format-standard","hentry","category-na","category-sin-categorizar"],"jetpack_publicize_connections":[],"jetpack_featured_media_url":"","jetpack_shortlink":"https:\/\/wp.me\/p6kHv-7L","jetpack_sharing_enabled":true,"jetpack-related-posts":[{"id":12436,"url":"https:\/\/www.edder.org\/?p=12436","url_meta":{"origin":481,"position":0},"title":"Sobre los Ca\u00eddos (Anselm Kiefer: otras rehabilitaciones)","author":"Eder","date":"lunes, 12 Oct, 2015","format":false,"excerpt":"Veo que hay quien ha tomado en consideraci\u00f3n alguno de los argumentos que expuse en mi art\u00edculo sobre el cambio de nombre de la plaza Conde de Rodezno y rompe el cerrado silencio pamplon\u00e9s\u00a0sobre ese asunto (\u00abNo perjudiquemos a los nuestros\u00bb, cuando los nuestros deben ser criticados m\u00e1s que los\u2026","rel":"","context":"En \u00abSin categorizar\u00bb","block_context":{"text":"Sin categorizar","link":"https:\/\/www.edder.org\/?cat=1"},"img":{"alt_text":"","src":"https:\/\/i0.wp.com\/edder.org\/images\/kiefer\/kiefer1.jpg?resize=350%2C200","width":350,"height":200,"srcset":"https:\/\/i0.wp.com\/edder.org\/images\/kiefer\/kiefer1.jpg?resize=350%2C200 1x, https:\/\/i0.wp.com\/edder.org\/images\/kiefer\/kiefer1.jpg?resize=525%2C300 1.5x"},"classes":[]},{"id":55,"url":"https:\/\/www.edder.org\/?p=55","url_meta":{"origin":481,"position":1},"title":"Monumentos","author":"Eder","date":"viernes, 5 May, 2006","format":false,"excerpt":"Cinco de mayo: habemus cartel de Sanferm\u00edn. Pero no quer\u00eda hablar del cartel. Los carteles van adonde habita el olvido. No quiero hablar del olvido sino de la memoria. La memoria es el espejo de los ausentes. Monumento no significa m\u00e1s que lugar de la memoria. Los monumentos son espejos,\u2026","rel":"","context":"En \u00abNA\u00bb","block_context":{"text":"NA","link":"https:\/\/www.edder.org\/?cat=3"},"img":{"alt_text":"","src":"","width":0,"height":0},"classes":[]},{"id":12373,"url":"https:\/\/www.edder.org\/?p=12373","url_meta":{"origin":481,"position":2},"title":"Derruir Los Ca\u00eddos","author":"Eder","date":"viernes, 29 Oct, 1999","format":false,"excerpt":"","rel":"","context":"En \u00abPostal expr\u00e9s\u00bb","block_context":{"text":"Postal expr\u00e9s","link":"https:\/\/www.edder.org\/?cat=485"},"img":{"alt_text":"","src":"","width":0,"height":0},"classes":[]},{"id":13251,"url":"https:\/\/www.edder.org\/?p=13251","url_meta":{"origin":481,"position":3},"title":"Los Ca\u00eddos: \u00ab\u00a1Presente!\u00bb","author":"Eder","date":"viernes, 2 Sep, 2016","format":false,"excerpt":"","rel":"","context":"En \u00abSin categorizar\u00bb","block_context":{"text":"Sin categorizar","link":"https:\/\/www.edder.org\/?cat=1"},"img":{"alt_text":"","src":"https:\/\/i0.wp.com\/www.edder.org\/upload\/2016\/09\/caidos.jpg?resize=350%2C200&ssl=1","width":350,"height":200},"classes":[]},{"id":710,"url":"https:\/\/www.edder.org\/?p=710","url_meta":{"origin":481,"position":4},"title":"Las maletas del arquitecto","author":"Eder","date":"viernes, 7 May, 2010","format":false,"excerpt":"","rel":"","context":"En \u00abNA\u00bb","block_context":{"text":"NA","link":"https:\/\/www.edder.org\/?cat=3"},"img":{"alt_text":"","src":"https:\/\/i0.wp.com\/www.edder.org\/upload\/2010\/05\/huder_yarnoz.jpg?resize=350%2C200&ssl=1","width":350,"height":200,"srcset":"https:\/\/i0.wp.com\/www.edder.org\/upload\/2010\/05\/huder_yarnoz.jpg?resize=350%2C200&ssl=1 1x, https:\/\/i0.wp.com\/www.edder.org\/upload\/2010\/05\/huder_yarnoz.jpg?resize=525%2C300&ssl=1 1.5x"},"classes":[]},{"id":12352,"url":"https:\/\/www.edder.org\/?p=12352","url_meta":{"origin":481,"position":5},"title":"De Rodezno a Esparza","author":"Eder","date":"martes, 22 Sep, 2015","format":false,"excerpt":"\u00a0 \u00a0 En contra de lo que dice Woody Allen en Wild Man Blues \u2013\u00abLo peor son los alcaldes\u00bb\u2013, los alcaldes son de lo mejor que \u00abel cambio\u00bb ha tra\u00eddo por el momento. Si bien el acalde de Pamplona no anda \u00faltimamente muy atinado. Particularmente desacertado me ha parecido Asiron\u2026","rel":"","context":"En \u00abSin categorizar\u00bb","block_context":{"text":"Sin categorizar","link":"https:\/\/www.edder.org\/?cat=1"},"img":{"alt_text":"","src":"https:\/\/i0.wp.com\/www.edder.org\/upload\/2015\/09\/caidos.gif?resize=350%2C200&ssl=1","width":350,"height":200,"srcset":"https:\/\/i0.wp.com\/www.edder.org\/upload\/2015\/09\/caidos.gif?resize=350%2C200&ssl=1 1x, https:\/\/i0.wp.com\/www.edder.org\/upload\/2015\/09\/caidos.gif?resize=525%2C300&ssl=1 1.5x"},"classes":[]}],"jetpack_likes_enabled":true,"_links":{"self":[{"href":"https:\/\/www.edder.org\/index.php?rest_route=\/wp\/v2\/posts\/481","targetHints":{"allow":["GET"]}}],"collection":[{"href":"https:\/\/www.edder.org\/index.php?rest_route=\/wp\/v2\/posts"}],"about":[{"href":"https:\/\/www.edder.org\/index.php?rest_route=\/wp\/v2\/types\/post"}],"author":[{"embeddable":true,"href":"https:\/\/www.edder.org\/index.php?rest_route=\/wp\/v2\/users\/82"}],"replies":[{"embeddable":true,"href":"https:\/\/www.edder.org\/index.php?rest_route=%2Fwp%2Fv2%2Fcomments&post=481"}],"version-history":[{"count":0,"href":"https:\/\/www.edder.org\/index.php?rest_route=\/wp\/v2\/posts\/481\/revisions"}],"wp:attachment":[{"href":"https:\/\/www.edder.org\/index.php?rest_route=%2Fwp%2Fv2%2Fmedia&parent=481"}],"wp:term":[{"taxonomy":"category","embeddable":true,"href":"https:\/\/www.edder.org\/index.php?rest_route=%2Fwp%2Fv2%2Fcategories&post=481"},{"taxonomy":"post_tag","embeddable":true,"href":"https:\/\/www.edder.org\/index.php?rest_route=%2Fwp%2Fv2%2Ftags&post=481"}],"curies":[{"name":"wp","href":"https:\/\/api.w.org\/{rel}","templated":true}]}}