{"id":48,"date":"2006-03-17T10:00:30","date_gmt":"2006-03-17T08:00:30","guid":{"rendered":"https:\/\/www.edder.org\/?p=48"},"modified":"2018-07-27T16:38:42","modified_gmt":"2018-07-27T14:38:42","slug":"los-moritos-de-del-burgo","status":"publish","type":"post","link":"https:\/\/www.edder.org\/?p=48","title":{"rendered":"Los \u00abmoritos\u00bb de del Burgo"},"content":{"rendered":"<p><img class=\"lazyload\" decoding=\"async\" align=\"left\" alt=\"dn\" src=\"data:image\/gif;base64,R0lGODlhAQABAAAAACH5BAEKAAEALAAAAAABAAEAAAICTAEAOw==\" data-orig-src=\"https:\/\/www.edder.org\/images\/dn.gif\" title=\"dn\" \/>Que dice del Burgo que dijo Berlusconi que tras los atentados del 11M por fuerza ten&iacute;a que haber una mente espa&ntilde;ola. Mente y espa&ntilde;ola, en ese contexto, se entiende como algo redundante, pleon&aacute;stico. Por lo que del Burgo dice que dijo Berlusconi, se desprende que <em>il Cavaliere<\/em> no tiene mucha confianza en que haya mayores indicios de hervor intelectual en las cabezas de esos a los que del Burgo viene llamando &laquo;los moritos&raquo; &ndash;los mismos a los que las marquesas nacionalcat&oacute;licas llamaban &laquo;los chinitos&raquo;&ndash;. A decir de del Burgo, Berlusconi dijo que al Tunecino o al Egipcio no pod&iacute;a supon&eacute;rseles capacidad intelectual para calibrar las consecuencias pol&iacute;ticas de la masacre de Madrid, por lo que &ndash;sentado tan inamovible axioma&ndash; alguna mente, naturalmente que espa&ntilde;ola, planific&oacute; lo que fielmente ejecutaron &laquo;los moritos&raquo;. Mussolini tampoco ten&iacute;a una fe excesiva en la capacidad intelectual de &laquo;los moritos&raquo;, si bien Franco confiaba ciegamente en su despiadada fidelidad. Del Burgo no dice que &eacute;l diga, pero cualquiera que tenga un hervor intelectual y la nacionalidad espa&ntilde;ola deducir&aacute; la apabullante evidencia que se deriva de lo que del Burgo dice que Berlusconi dijo: que los &laquo;moritos&raquo; fueron los fieles ejecutores de un plan concebido por alguien con el carn&eacute; de espa&ntilde;ol en la cartera &ndash;incluso a su pesar&ndash; para precipitar el descalabro electoral de la familia popular. El descalabro popular y los subsiguientes delirios churriguerescos &ndash;Churriguera: cada d&iacute;a una nueva vuelta de tuerca a la columna salom&oacute;nica&ndash; que gentes de tan mal perder como del Burgo, sin mayor miedo al rid&iacute;culo, vienen escenificando desde la fat&iacute;dica noche electoral. La hip&oacute;tesis de la autor&iacute;a intelectual espa&ntilde;ola de los atentados del 11M se sostiene, sin el menor sonrojo, sobre un axioma al parecer tan incontrovertible hoy como ayer, dentro de esa eterna Espa&ntilde;a churrigueresca de la que del Burgo es un privilegiado exponente: el axioma de que &laquo;el moro&raquo;, de por s&iacute;, es tan fiel como falto de sustancia pensante.<br \/>\n\tPublicado en <a href=\"http:\/\/www.noticiasdenavarra.com\/ediciones\/2006\/03\/17\/opinion\/contra.php\" target=\"blank\">Diario de Noticias<\/a><\/p>\n","protected":false},"excerpt":{"rendered":"<p>Que dice del Burgo que dijo Berlusconi que tras los atentados del 11M por fuerza ten&iacute;a que haber una mente espa&ntilde;ola. Mente y espa&ntilde;ola, en ese contexto, se entiende como algo redundante, pleon&aacute;stico. Por lo que del Burgo dice que dijo Berlusconi, se desprende que il Cavaliere no tiene mucha confianza en que haya mayores indicios de hervor intelectual en las cabezas de esos a los que del Burgo viene llamando &laquo;los moritos&raquo; &ndash;los mismos a los que las marquesas nacionalcat&oacute;licas llamaban &laquo;los chinitos&raquo;&ndash;. A decir de del Burgo, Berlusconi dijo que al Tunecino o al Egipcio no pod&iacute;a supon&eacute;rseles capacidad intelectual para calibrar las consecuencias pol&iacute;ticas de la masacre de Madrid, por lo que &ndash;sentado tan inamovible axioma&ndash; alguna mente, naturalmente que espa&ntilde;ola, planific&oacute; lo que  [&#8230;]<\/p>\n","protected":false},"author":82,"featured_media":0,"comment_status":"open","ping_status":"open","sticky":false,"template":"","format":"standard","meta":{"jetpack_post_was_ever_published":false,"_jetpack_newsletter_access":"","_jetpack_dont_email_post_to_subs":false,"_jetpack_newsletter_tier_id":0,"_jetpack_memberships_contains_paywalled_content":false,"_jetpack_memberships_contains_paid_content":false,"footnotes":"","jetpack_publicize_message":"","jetpack_publicize_feature_enabled":true,"jetpack_social_post_already_shared":false,"jetpack_social_options":{"image_generator_settings":{"template":"highway","default_image_id":0,"font":"","enabled":false},"version":2}},"categories":[3],"tags":[],"class_list":["post-48","post","type-post","status-publish","format-standard","hentry","category-na"],"jetpack_publicize_connections":[],"jetpack_featured_media_url":"","jetpack_shortlink":"https:\/\/wp.me\/p6kHv-M","jetpack_sharing_enabled":true,"jetpack-related-posts":[{"id":95,"url":"https:\/\/www.edder.org\/?p=95","url_meta":{"origin":48,"position":0},"title":"Pr\u00f3logo y ep\u00edlogo","author":"Eder","date":"viernes, 13 Abr, 2007","format":false,"excerpt":"Gran ambiente: Mariano Rajoy, el prologuista del pr\u00f3ximo libro de saldo de del Burgo, en Pamplona. Es lo que hay: del Burgo no se rinde en su tenaz y fallido intento de escribir alg\u00fan d\u00eda un best-seller. La realidad, tozuda como ella sola, va enviando las ediciones de sus libros,\u2026","rel":"","context":"En \u00abNA\u00bb","block_context":{"text":"NA","link":"https:\/\/www.edder.org\/?cat=3"},"img":{"alt_text":"","src":"","width":0,"height":0},"classes":[]},{"id":199,"url":"https:\/\/www.edder.org\/?p=199","url_meta":{"origin":48,"position":1},"title":"Cosas de familia","author":"Eder","date":"viernes, 7 Nov, 2008","format":false,"excerpt":"La disputa en el seno de la derecha navarra\u2026 Pero vayamos por partes. Digo disputa porque cuanto hay de momento es eso: una disputa familiar, todo lo subida de tono que se quiera, pero nada m\u00e1s. Digo en el seno de la derecha navarra y no en el seno de\u2026","rel":"","context":"En \u00abNA\u00bb","block_context":{"text":"NA","link":"https:\/\/www.edder.org\/?cat=3"},"img":{"alt_text":"","src":"","width":0,"height":0},"classes":[]},{"id":485,"url":"https:\/\/www.edder.org\/?p=485","url_meta":{"origin":48,"position":2},"title":"Los Rodezno y su esp\u00edritu","author":"Eder","date":"viernes, 9 Oct, 2009","format":false,"excerpt":"Me hab\u00eda prometido no hablar en este curso m\u00e1s que de condados como el de Faulkner. Tambi\u00e9n pensaba hablar \u2013otro a\u00f1o ser\u00e1\u2013 de aquella pel\u00edcula en la que Burt Lancaster va de piscina en piscina: \u201c\u00a1Hoy es el d\u00eda en que Ned Merril atraviesa a nado el condado!\u201d. Pero pese\u2026","rel":"","context":"En \u00abNA\u00bb","block_context":{"text":"NA","link":"https:\/\/www.edder.org\/?cat=3"},"img":{"alt_text":"","src":"","width":0,"height":0},"classes":[]},{"id":98,"url":"https:\/\/www.edder.org\/?p=98","url_meta":{"origin":48,"position":3},"title":"Haciendo Historia (o no)","author":"Eder","date":"viernes, 4 May, 2007","format":false,"excerpt":"Pues nada: que si a esta hora hemos hecho Historia, divinamente, en el Olimpo; y si no, otro siglo ser\u00e1 \u2013no preocuparse: la Historia es larga\u2013. Por mi parte, no tendr\u00eda mucho m\u00e1s que declarar. Ya le dije a quien me pidi\u00f3 que escribiera hoy \u2013ayer\u2013 de Osasuna que de\u2026","rel":"","context":"En \u00abNA\u00bb","block_context":{"text":"NA","link":"https:\/\/www.edder.org\/?cat=3"},"img":{"alt_text":"","src":"","width":0,"height":0},"classes":[]},{"id":116,"url":"https:\/\/www.edder.org\/?p=116","url_meta":{"origin":48,"position":4},"title":"El chotis y el parn\u00e9","author":"Eder","date":"viernes, 2 Nov, 2007","format":false,"excerpt":"Por en\u00e9sima vez: \u00bfcu\u00e1nto cost\u00f3 al Erario navarro la magna manifestaci\u00f3n oficial de aquel s\u00e1bado de marzo que se bas\u00f3 en supuestos tan desmentidos por los hechos como los sostenidos por del Burgo en Navarra, el precio de la traici\u00f3n, el \u00faltimo de sus best seller llevado por el viento?\u2026","rel":"","context":"En \u00abNA\u00bb","block_context":{"text":"NA","link":"https:\/\/www.edder.org\/?cat=3"},"img":{"alt_text":"","src":"","width":0,"height":0},"classes":[]},{"id":66,"url":"https:\/\/www.edder.org\/?p=66","url_meta":{"origin":48,"position":5},"title":"La mili de los chusqueros","author":"Eder","date":"viernes, 13 Oct, 2006","format":false,"excerpt":"\u00abYo es que tengo mucho mili en pol\u00edtica.\u00bb Eso dec\u00eda el siempre ameno Miguel Sanz, sincer\u00e1ndose en su \u00faltima entrevista. No es nada la mili que usted tiene para la que le queda hasta llegar a esa jubilaci\u00f3n hacia la que marcha Del Burgo y a la que no s\u00e9\u2026","rel":"","context":"En \u00abNA\u00bb","block_context":{"text":"NA","link":"https:\/\/www.edder.org\/?cat=3"},"img":{"alt_text":"","src":"","width":0,"height":0},"classes":[]}],"jetpack_likes_enabled":true,"_links":{"self":[{"href":"https:\/\/www.edder.org\/index.php?rest_route=\/wp\/v2\/posts\/48","targetHints":{"allow":["GET"]}}],"collection":[{"href":"https:\/\/www.edder.org\/index.php?rest_route=\/wp\/v2\/posts"}],"about":[{"href":"https:\/\/www.edder.org\/index.php?rest_route=\/wp\/v2\/types\/post"}],"author":[{"embeddable":true,"href":"https:\/\/www.edder.org\/index.php?rest_route=\/wp\/v2\/users\/82"}],"replies":[{"embeddable":true,"href":"https:\/\/www.edder.org\/index.php?rest_route=%2Fwp%2Fv2%2Fcomments&post=48"}],"version-history":[{"count":0,"href":"https:\/\/www.edder.org\/index.php?rest_route=\/wp\/v2\/posts\/48\/revisions"}],"wp:attachment":[{"href":"https:\/\/www.edder.org\/index.php?rest_route=%2Fwp%2Fv2%2Fmedia&parent=48"}],"wp:term":[{"taxonomy":"category","embeddable":true,"href":"https:\/\/www.edder.org\/index.php?rest_route=%2Fwp%2Fv2%2Fcategories&post=48"},{"taxonomy":"post_tag","embeddable":true,"href":"https:\/\/www.edder.org\/index.php?rest_route=%2Fwp%2Fv2%2Ftags&post=48"}],"curies":[{"name":"wp","href":"https:\/\/api.w.org\/{rel}","templated":true}]}}