{"id":476,"date":"2009-09-11T17:01:18","date_gmt":"2009-09-11T16:01:18","guid":{"rendered":"https:\/\/www.edder.org\/?p=476"},"modified":"2018-07-27T16:38:08","modified_gmt":"2018-07-27T14:38:08","slug":"devocion","status":"publish","type":"post","link":"https:\/\/www.edder.org\/?p=476","title":{"rendered":"Devoci\u00f3n"},"content":{"rendered":"<p>Que el consejero Corpas ande repicando para que la prensa acuda al galope a hacerle fotos junto a un tal Olivier van der Zee &ndash;cineasta que quiz&aacute; se convierta con el tiempo en el nuevo Johan van der Keuken del documentalismo holand&eacute;s, aunque de su talento hay por ahora escasas muestras&ndash; sorprende tan poco como encontrarlo en la procesi&oacute;n de la Virgen de Roncesvalles, que es adonde devotamente hab&iacute;a acudido el consejero cuando descubri&oacute; al equipo de rodaje y los figurantes de la pel&iacute;cula hubieron de ponerse a figurar. Pasolini y Welles, en la pel&iacute;cula de 1963 en la que trabajaron juntos, se r&iacute;en mucho de esas situaciones en las que autoridades y prensa caen en un rodaje y los figurantes han de ponerse a figurar. Pero a lo que &iacute;bamos: al d&iacute;a siguiente de la devota comparecencia del consejero gubernamental en la procesi&oacute;n de la Virgen de Roncesvalles &ndash;con su s&uacute;bito y acelerado bandeo para la prensa&ndash; se verific&oacute; en C&aacute;seda, dentro del incomparable marco del D&iacute;a de las Santas Reliquias, la inauguraci&oacute;n de la segunda fase del alumbrado p&uacute;blico, a la que no faltaron, para mayor lustre del acto, todo un plantel de primeras, segundas y terceras autoridades o espadas del Reyno. Las informaciones con que contamos no elucidan si las dieciocho nuevas farolas recibieron el hisopazo del p&aacute;rroco de la localidad, como es a&uacute;n tan usual por estos pagos &ndash;no por los de los cineastas holandeses&ndash;, ni si alguna de las varias autoridades concurrentes se prostern&oacute; ante las santas reliquias. De prosternarse ante el santo patr&oacute;n, para gozo de la cristian&iacute;sima afici&oacute;n, vienen los jugadores del Osasuna, igual que viene Barcina de hincar la rodilla ante San Ferm&iacute;n o va Sanz hacia las consabidas genuflexiones del D&iacute;a de Navarra en Javier. Luego ya ser&aacute; por abril cuando el capell&aacute;n del santuario de Aralar se presente en el Parlamento con la imagen del &aacute;ngel para que sus se&ntilde;or&iacute;as, a derecha e izquierda, figuren tan devotamente en la foto como manda la Tradici&oacute;n, ella misma tan vieja y tan devota.<\/p>\n<p align=\"right\">Publicado en <a href=\"http:\/\/www.noticiasdenavarra.com\" target=\"blank\">Diario de Noticias<\/a><img class=\"lazyload\" decoding=\"async\" align=\"right\" alt=\"dn\" src=\"data:image\/gif;base64,R0lGODlhAQABAAAAACH5BAEKAAEALAAAAAABAAEAAAICTAEAOw==\" data-orig-src=\"https:\/\/www.edder.org\/images\/dn.gif\" title=\"dn\" \/><\/p>\n","protected":false},"excerpt":{"rendered":"<p>Que el consejero Corpas ande repicando para que la prensa acuda al galope a hacerle fotos junto a un tal Olivier van der Zee &ndash;cineasta que quiz&aacute; se convierta con el tiempo en el nuevo Johan van der Keuken del documentalismo holand&eacute;s, aunque de su talento hay por ahora escasas muestras&ndash; sorprende tan poco como encontrarlo en la procesi&oacute;n de la Virgen de Roncesvalles, que es adonde devotamente hab&iacute;a acudido el consejero cuando descubri&oacute; al equipo de rodaje y los figurantes de la pel&iacute;cula hubieron de ponerse a figurar. Pasolini y Welles, en la pel&iacute;cula de 1963 en la que trabajaron juntos, se r&iacute;en mucho de esas situaciones en las que autoridades y prensa caen en un rodaje y los figurantes han de ponerse a figurar. Pero  [&#8230;]<\/p>\n","protected":false},"author":82,"featured_media":12047,"comment_status":"open","ping_status":"open","sticky":false,"template":"","format":"standard","meta":{"jetpack_post_was_ever_published":false,"_jetpack_newsletter_access":"","_jetpack_dont_email_post_to_subs":false,"_jetpack_newsletter_tier_id":0,"_jetpack_memberships_contains_paywalled_content":false,"_jetpack_memberships_contains_paid_content":false,"footnotes":"","jetpack_publicize_message":"","jetpack_publicize_feature_enabled":true,"jetpack_social_post_already_shared":false,"jetpack_social_options":{"image_generator_settings":{"template":"highway","default_image_id":0,"font":"","enabled":false},"version":2}},"categories":[3],"tags":[303],"class_list":["post-476","post","type-post","status-publish","format-standard","has-post-thumbnail","hentry","category-na","tag-nacionalcatolicismo"],"jetpack_publicize_connections":[],"jetpack_featured_media_url":"https:\/\/www.edder.org\/upload\/2009\/09\/Sin-ti\u0301tulo-1.gif","jetpack_shortlink":"https:\/\/wp.me\/s6kHv-devocion","jetpack_sharing_enabled":true,"jetpack-related-posts":[{"id":333,"url":"https:\/\/www.edder.org\/?p=333","url_meta":{"origin":476,"position":0},"title":"Emergencias","author":"Eder","date":"viernes, 3 Abr, 2009","format":false,"excerpt":"M\u00e1s sorprendente que el consejero del ramo tur\u00edstico-cultural disponga de un helic\u00f3ptero de emergencias para menesteres tan dudosamente apremiantes como hacerse fotos con un director de cine \u2013luego enviadas en exclusiva a la prensa de su predilecci\u00f3n\u2013; m\u00e1s sorprendente que eso, y dejando de lado lo grotesco del episodio, del\u2026","rel":"","context":"En \u00abNA\u00bb","block_context":{"text":"NA","link":"https:\/\/www.edder.org\/?cat=3"},"img":{"alt_text":"","src":"","width":0,"height":0},"classes":[]},{"id":40,"url":"https:\/\/www.edder.org\/?p=40","url_meta":{"origin":476,"position":1},"title":"San(z)cho el Continuador","author":"Eder","date":"viernes, 27 Ene, 2006","format":false,"excerpt":"Por falta de devoci\u00f3n hacia las monarqu\u00edas en general ???Karl Marx: el principio sobre el que se asienta la monarqu\u00eda es el hombre despreciado, deshumanizado, reducido a \u00abpopulacho\u00bb??? y a las sagas reales navarras en particular, no puedo decir si el consejero navarro del ramo tur\u00edstico-cultural incurre en una solemne\u2026","rel":"","context":"En \u00abNA\u00bb","block_context":{"text":"NA","link":"https:\/\/www.edder.org\/?cat=3"},"img":{"alt_text":"","src":"","width":0,"height":0},"classes":[]},{"id":335,"url":"https:\/\/www.edder.org\/?p=335","url_meta":{"origin":476,"position":2},"title":"Astracanada","author":"Eder","date":"viernes, 10 Abr, 2009","format":false,"excerpt":"La comparecencia parlamentaria por el uso del helic\u00f3ptero que lleva estampado el n\u00famero de emergencias pas\u00f3 de lo esperp\u00e9ntico a la astracanada cuando el consejero Corpas se qued\u00f3 tan fresco despu\u00e9s de decir que, de haberse producido una emergencia mientras \u00e9l y su sufrido equipo volaban hacia la inexpugnable cumbre\u2026","rel":"","context":"En \u00abNA\u00bb","block_context":{"text":"NA","link":"https:\/\/www.edder.org\/?cat=3"},"img":{"alt_text":"","src":"","width":0,"height":0},"classes":[]},{"id":151,"url":"https:\/\/www.edder.org\/?p=151","url_meta":{"origin":476,"position":3},"title":"Distancia","author":"Eder","date":"viernes, 23 May, 2008","format":false,"excerpt":"Dir\u00edase que sinceramente abrumado por el descubrimiento, el consejero de Educaci\u00f3n, en la firma de un convenio divulgativo junto a la presidenta del Parlamento, declaraba el pasado mi\u00e9rcoles que \u201ces sorprendente el desconocimiento y la lejan\u00eda que hay entre los escolares con respecto a las instituciones navarras\u201d. El susto que\u2026","rel":"","context":"En \u00abNA\u00bb","block_context":{"text":"NA","link":"https:\/\/www.edder.org\/?cat=3"},"img":{"alt_text":"","src":"","width":0,"height":0},"classes":[]},{"id":35,"url":"https:\/\/www.edder.org\/?p=35","url_meta":{"origin":476,"position":4},"title":"El h\u00e1bito regener\u00f3 al monde","author":"Eder","date":"viernes, 6 Ene, 2006","format":false,"excerpt":"La desfachatez que ha llevado a Sanz \u2013Sanz Sesma\u2013 a interpretar la sentencia judicial por la que se anula la concesi\u00f3n de licencias de radio hecha en su d\u00eda por Sanz \u2013Sanz Barea\u2013 y Palacios como otro \u00e9xito del Gobierno de UPN \u2013otro m\u00e1s de la cascada incesante de \u00e9xitos\u2026","rel":"","context":"En \u00abNA\u00bb","block_context":{"text":"NA","link":"https:\/\/www.edder.org\/?cat=3"},"img":{"alt_text":"","src":"","width":0,"height":0},"classes":[]},{"id":12800,"url":"https:\/\/www.edder.org\/?p=12800","url_meta":{"origin":476,"position":5},"title":"Berlanga y las Javieradas: el nacionalcatolicismo que no cesa","author":"Eder","date":"domingo, 6 Mar, 2016","format":false,"excerpt":"Berlanga:","rel":"","context":"En \u00abNA\u00bb","block_context":{"text":"NA","link":"https:\/\/www.edder.org\/?cat=3"},"img":{"alt_text":"","src":"","width":0,"height":0},"classes":[]}],"jetpack_likes_enabled":true,"_links":{"self":[{"href":"https:\/\/www.edder.org\/index.php?rest_route=\/wp\/v2\/posts\/476","targetHints":{"allow":["GET"]}}],"collection":[{"href":"https:\/\/www.edder.org\/index.php?rest_route=\/wp\/v2\/posts"}],"about":[{"href":"https:\/\/www.edder.org\/index.php?rest_route=\/wp\/v2\/types\/post"}],"author":[{"embeddable":true,"href":"https:\/\/www.edder.org\/index.php?rest_route=\/wp\/v2\/users\/82"}],"replies":[{"embeddable":true,"href":"https:\/\/www.edder.org\/index.php?rest_route=%2Fwp%2Fv2%2Fcomments&post=476"}],"version-history":[{"count":0,"href":"https:\/\/www.edder.org\/index.php?rest_route=\/wp\/v2\/posts\/476\/revisions"}],"wp:featuredmedia":[{"embeddable":true,"href":"https:\/\/www.edder.org\/index.php?rest_route=\/wp\/v2\/media\/12047"}],"wp:attachment":[{"href":"https:\/\/www.edder.org\/index.php?rest_route=%2Fwp%2Fv2%2Fmedia&parent=476"}],"wp:term":[{"taxonomy":"category","embeddable":true,"href":"https:\/\/www.edder.org\/index.php?rest_route=%2Fwp%2Fv2%2Fcategories&post=476"},{"taxonomy":"post_tag","embeddable":true,"href":"https:\/\/www.edder.org\/index.php?rest_route=%2Fwp%2Fv2%2Ftags&post=476"}],"curies":[{"name":"wp","href":"https:\/\/api.w.org\/{rel}","templated":true}]}}