{"id":4440,"date":"2015-04-10T18:39:58","date_gmt":"2015-04-10T17:39:58","guid":{"rendered":"https:\/\/www.edder.org\/?p=4440"},"modified":"2015-04-10T18:39:58","modified_gmt":"2015-04-10T17:39:58","slug":"llamame-orson","status":"publish","type":"post","link":"https:\/\/www.edder.org\/?p=4440","title":{"rendered":"Ll\u00e1mame Orson"},"content":{"rendered":"<p>Hay confianza, ll&aacute;mame Orson:<\/p>\n<p style=\"text-align: center;\"><div class=\"video-shortcode\"><iframe title=\"Ll\u00e1mame Orson\" width=\"1200\" height=\"675\" src=\"https:\/\/www.youtube.com\/embed\/gE_l_aD9YS0?feature=oembed\" frameborder=\"0\" allow=\"accelerometer; autoplay; clipboard-write; encrypted-media; gyroscope; picture-in-picture; web-share\" allowfullscreen><\/iframe><\/div><\/p>\n<p style=\"text-align: center;\">&nbsp;<\/p>\n","protected":false},"excerpt":{"rendered":"<p>Hay confianza, ll&aacute;mame Orson: &nbsp;<\/p>\n","protected":false},"author":82,"featured_media":0,"comment_status":"open","ping_status":"closed","sticky":false,"template":"","format":"standard","meta":{"jetpack_post_was_ever_published":false,"_jetpack_newsletter_access":"","_jetpack_dont_email_post_to_subs":false,"_jetpack_newsletter_tier_id":0,"_jetpack_memberships_contains_paywalled_content":false,"_jetpack_memberships_contains_paid_content":false,"footnotes":"","jetpack_publicize_message":"","jetpack_publicize_feature_enabled":true,"jetpack_social_post_already_shared":false,"jetpack_social_options":{"image_generator_settings":{"template":"highway","default_image_id":0,"font":"","enabled":false},"version":2}},"categories":[3],"tags":[345,137],"class_list":["post-4440","post","type-post","status-publish","format-standard","hentry","category-na","tag-linklater","tag-orson-welles"],"jetpack_publicize_connections":[],"jetpack_featured_media_url":"","jetpack_shortlink":"https:\/\/wp.me\/p6kHv-19C","jetpack_sharing_enabled":true,"jetpack-related-posts":[{"id":4470,"url":"https:\/\/www.edder.org\/?p=4470","url_meta":{"origin":4440,"position":0},"title":"\u00c1vila y Teresa de","author":"Eder","date":"viernes, 17 Abr, 2015","format":false,"excerpt":"\u00c1vila, un lugar extra\u00f1o y tr\u00e1gico: \u00a0 Y Teresa de \u00c1vila a\u00a0 la extra\u00f1a y tr\u00e1gica manera de Orson Welles:","rel":"","context":"En \u00abCine\u00bb","block_context":{"text":"Cine","link":"https:\/\/www.edder.org\/?cat=79"},"img":{"alt_text":"","src":"https:\/\/i0.wp.com\/www.edder.org\/upload\/2015\/04\/welles.jpg?resize=350%2C200&ssl=1","width":350,"height":200,"srcset":"https:\/\/i0.wp.com\/www.edder.org\/upload\/2015\/04\/welles.jpg?resize=350%2C200&ssl=1 1x, https:\/\/i0.wp.com\/www.edder.org\/upload\/2015\/04\/welles.jpg?resize=525%2C300&ssl=1 1.5x, https:\/\/i0.wp.com\/www.edder.org\/upload\/2015\/04\/welles.jpg?resize=700%2C400&ssl=1 2x"},"classes":[]},{"id":2196,"url":"https:\/\/www.edder.org\/?p=2196","url_meta":{"origin":4440,"position":1},"title":"Con ustedes, Orson Welles","author":"Eder","date":"s\u00e1bado, 3 Dic, 2011","format":false,"excerpt":"","rel":"","context":"En \u00abCine\u00bb","block_context":{"text":"Cine","link":"https:\/\/www.edder.org\/?cat=79"},"img":{"alt_text":"","src":"","width":0,"height":0},"classes":[]},{"id":1294,"url":"https:\/\/www.edder.org\/?p=1294","url_meta":{"origin":4440,"position":2},"title":"Con ustedes, Orson Welles\u2026","author":"Eder","date":"jueves, 9 Dic, 2010","format":false,"excerpt":"","rel":"","context":"En \u00abArtes\u00bb","block_context":{"text":"Artes","link":"https:\/\/www.edder.org\/?cat=85"},"img":{"alt_text":"","src":"","width":0,"height":0},"classes":[]},{"id":38754,"url":"https:\/\/www.edder.org\/?p=38754","url_meta":{"origin":4440,"position":3},"title":"Magia potagia con Beloso al fondo, mira","author":"Eder","date":"martes, 26 May, 2020","format":false,"excerpt":"Magia potagia: cinco duros salidos de la nada. Otros magos en edder.org: Ali el Mago, Orson el Charlat\u00e1n y la magia del maquis:","rel":"","context":"En \u00abCine\u00bb","block_context":{"text":"Cine","link":"https:\/\/www.edder.org\/?cat=79"},"img":{"alt_text":"","src":"https:\/\/i0.wp.com\/www.edder.org\/upload\/2020\/05\/vlcsnap-2020-05-26-18h09m31s799.png?resize=350%2C200&ssl=1","width":350,"height":200,"srcset":"https:\/\/i0.wp.com\/www.edder.org\/upload\/2020\/05\/vlcsnap-2020-05-26-18h09m31s799.png?resize=350%2C200&ssl=1 1x, https:\/\/i0.wp.com\/www.edder.org\/upload\/2020\/05\/vlcsnap-2020-05-26-18h09m31s799.png?resize=525%2C300&ssl=1 1.5x, https:\/\/i0.wp.com\/www.edder.org\/upload\/2020\/05\/vlcsnap-2020-05-26-18h09m31s799.png?resize=700%2C400&ssl=1 2x"},"classes":[]},{"id":335,"url":"https:\/\/www.edder.org\/?p=335","url_meta":{"origin":4440,"position":4},"title":"Astracanada","author":"Eder","date":"viernes, 10 Abr, 2009","format":false,"excerpt":"La comparecencia parlamentaria por el uso del helic\u00f3ptero que lleva estampado el n\u00famero de emergencias pas\u00f3 de lo esperp\u00e9ntico a la astracanada cuando el consejero Corpas se qued\u00f3 tan fresco despu\u00e9s de decir que, de haberse producido una emergencia mientras \u00e9l y su sufrido equipo volaban hacia la inexpugnable cumbre\u2026","rel":"","context":"En \u00abNA\u00bb","block_context":{"text":"NA","link":"https:\/\/www.edder.org\/?cat=3"},"img":{"alt_text":"","src":"","width":0,"height":0},"classes":[]},{"id":573,"url":"https:\/\/www.edder.org\/?p=573","url_meta":{"origin":4440,"position":5},"title":"Hemingway y amigos","author":"Eder","date":"viernes, 19 Feb, 2010","format":false,"excerpt":"","rel":"","context":"En \u00abNA\u00bb","block_context":{"text":"NA","link":"https:\/\/www.edder.org\/?cat=3"},"img":{"alt_text":"","src":"","width":0,"height":0},"classes":[]}],"jetpack_likes_enabled":true,"_links":{"self":[{"href":"https:\/\/www.edder.org\/index.php?rest_route=\/wp\/v2\/posts\/4440","targetHints":{"allow":["GET"]}}],"collection":[{"href":"https:\/\/www.edder.org\/index.php?rest_route=\/wp\/v2\/posts"}],"about":[{"href":"https:\/\/www.edder.org\/index.php?rest_route=\/wp\/v2\/types\/post"}],"author":[{"embeddable":true,"href":"https:\/\/www.edder.org\/index.php?rest_route=\/wp\/v2\/users\/82"}],"replies":[{"embeddable":true,"href":"https:\/\/www.edder.org\/index.php?rest_route=%2Fwp%2Fv2%2Fcomments&post=4440"}],"version-history":[{"count":0,"href":"https:\/\/www.edder.org\/index.php?rest_route=\/wp\/v2\/posts\/4440\/revisions"}],"wp:attachment":[{"href":"https:\/\/www.edder.org\/index.php?rest_route=%2Fwp%2Fv2%2Fmedia&parent=4440"}],"wp:term":[{"taxonomy":"category","embeddable":true,"href":"https:\/\/www.edder.org\/index.php?rest_route=%2Fwp%2Fv2%2Fcategories&post=4440"},{"taxonomy":"post_tag","embeddable":true,"href":"https:\/\/www.edder.org\/index.php?rest_route=%2Fwp%2Fv2%2Ftags&post=4440"}],"curies":[{"name":"wp","href":"https:\/\/api.w.org\/{rel}","templated":true}]}}