{"id":44,"date":"2006-02-24T13:42:02","date_gmt":"2006-02-24T11:42:02","guid":{"rendered":"https:\/\/www.edder.org\/?p=44"},"modified":"2015-09-22T21:59:07","modified_gmt":"2015-09-22T20:59:07","slug":"gente-de-roma","status":"publish","type":"post","link":"https:\/\/www.edder.org\/?p=44","title":{"rendered":"Gente de Roma"},"content":{"rendered":"<p>Me gustar&iacute;a hablar de un peque&ntilde;o documental de Ettore Scola, sobre gente corriente &ndash;esa a la que suele llamarse &laquo;insignificante&raquo;&ndash; titulado <em>Gente de Roma<\/em>. Pero, bueno, hablar&eacute; de la fugaz traves&iacute;a romana de Miguel Sanz, menos interesante que otros paseos romanos, pero m&aacute;s &laquo;nuestra&raquo;. &laquo;Estoy con vosotros&raquo;, le dijo el Papa. Ya. Sin la complicidad de lo sobrenatural no somos nada: gente &laquo;insignificante&raquo; de aqu&iacute; o de all&aacute;, nadas descoloridas, de esas a las que s&oacute;lo un Scola o un Faulkner devuelven su color. Pero si hay un &laquo;nosotros&raquo;, no digamos si hay un &laquo;estoy con vosotros&raquo; dicho por un heraldo de lo sobrenatural, a lo lejos empiezan a perfilarse horizontes en un explosivo tecnicolor. Sanz vio Roma desde la terraza del general de los jesuitas. S&iacute;, lo de &laquo;general&raquo; est&aacute; bien, porque los jesuitas, como soldados de la fe, como heraldos mesi&aacute;nicos de una misi&oacute;n salvadora, so&ntilde;aron, vieron &ndash;tuvieron visiones de&ndash; la inmensidad del horizonte. &iquest;Hablamos de las pinturas de la c&uacute;pula del Monumento a los Ca&iacute;dos? En ellas, a los pies de &laquo;nuestro&raquo; soldado y misionero mayor, todo un parque tem&aacute;tico de la humanidad &ndash;chinos de todos los mares de China, samur&aacute;is a caballo, indios con su elefante&mdash; ans&iacute;a ser liberado de su descolorida nada. Por la derecha avanzan &laquo;por un pe&ntilde;asco perfilado en horizontes de grandeza&raquo;, con la espada y con la cruz, los gloriosos soldados del &laquo;General&iacute;simo&raquo;. Tras ellos viene, siguiendo a &laquo;la General&iacute;sima&raquo; &ndash;la bandera de la Sant&iacute;sima Virgen&ndash; la amalgama de combatientes que hicieron todas &laquo;nuestras&raquo; guerras de religi&oacute;n. Este abigarrado croquis de la &laquo;evoluci&oacute;n humana&raquo; desciende hasta su primer pelda&ntilde;o. En &eacute;l vemos a &laquo;nuestro&raquo; Sancho atacando con la maza en la cruzada que precedi&oacute; a todas las dem&aacute;s. No es un lugar, el monumento, para echar pel&iacute;culas de gente corriente. S&iacute; digno de que lo vea el romano que, como era de temer y suponer, &laquo;est&aacute; con nosotros&raquo;. Con &laquo;nosotros&raquo;, desde el mazazo fundacional y mientras, adem&aacute;s de pan, haya quien necesite para vivir milagros y horizontes en tecnicolor.<\/p>\n<p>\tPublicado en <a href=\"http:\/\/www.noticiasdenavarra.com\/ediciones\/2006\/02\/24\/opinion\/contra.php\" target=\"blank\">Diario de Noticias<\/a>, en febrero de 2006<\/p>\n","protected":false},"excerpt":{"rendered":"<p>Me gustar&iacute;a hablar de un peque&ntilde;o documental de Ettore Scola, sobre gente corriente &ndash;esa a la que suele llamarse &laquo;insignificante&raquo;&ndash; titulado Gente de Roma. Pero, bueno, hablar&eacute; de la fugaz traves&iacute;a romana de Miguel Sanz, menos interesante que otros paseos romanos, pero m&aacute;s &laquo;nuestra&raquo;. &laquo;Estoy con vosotros&raquo;, le dijo el Papa. Ya. Sin la complicidad de lo sobrenatural no somos nada: gente &laquo;insignificante&raquo; de aqu&iacute; o de all&aacute;, nadas descoloridas, de esas a las que s&oacute;lo un Scola o un Faulkner devuelven su color. Pero si hay un &laquo;nosotros&raquo;, no digamos si hay un &laquo;estoy con vosotros&raquo; dicho por un heraldo de lo sobrenatural, a lo lejos empiezan a perfilarse horizontes en un explosivo tecnicolor. Sanz vio Roma desde la terraza del general de los jesuitas. S&iacute;,  [&#8230;]<\/p>\n","protected":false},"author":82,"featured_media":0,"comment_status":"open","ping_status":"open","sticky":false,"template":"","format":"standard","meta":{"jetpack_post_was_ever_published":false,"_jetpack_newsletter_access":"","_jetpack_dont_email_post_to_subs":false,"_jetpack_newsletter_tier_id":0,"_jetpack_memberships_contains_paywalled_content":false,"_jetpack_memberships_contains_paid_content":false,"footnotes":"","jetpack_publicize_message":"","jetpack_publicize_feature_enabled":true,"jetpack_social_post_already_shared":false,"jetpack_social_options":{"image_generator_settings":{"template":"highway","default_image_id":0,"font":"","enabled":false},"version":2}},"categories":[3],"tags":[],"class_list":["post-44","post","type-post","status-publish","format-standard","hentry","category-na"],"jetpack_publicize_connections":[],"jetpack_featured_media_url":"","jetpack_shortlink":"https:\/\/wp.me\/p6kHv-I","jetpack_sharing_enabled":true,"jetpack-related-posts":[{"id":12711,"url":"https:\/\/www.edder.org\/?p=12711","url_meta":{"origin":44,"position":0},"title":"L&#8217;inglese, una lingua per tutti (Scola &#038; friends)","author":"Eder","date":"domingo, 31 Ene, 2016","format":false,"excerpt":"Inglese, una lingua per tutti. Ettore Scola & friends:","rel":"","context":"En \u00abCine\u00bb","block_context":{"text":"Cine","link":"https:\/\/www.edder.org\/?cat=79"},"img":{"alt_text":"","src":"https:\/\/i0.wp.com\/www.edder.org\/upload\/2016\/01\/vlcsnap-2016-01-31-13h39m07s127.png?resize=350%2C200&ssl=1","width":350,"height":200,"srcset":"https:\/\/i0.wp.com\/www.edder.org\/upload\/2016\/01\/vlcsnap-2016-01-31-13h39m07s127.png?resize=350%2C200&ssl=1 1x, https:\/\/i0.wp.com\/www.edder.org\/upload\/2016\/01\/vlcsnap-2016-01-31-13h39m07s127.png?resize=525%2C300&ssl=1 1.5x, https:\/\/i0.wp.com\/www.edder.org\/upload\/2016\/01\/vlcsnap-2016-01-31-13h39m07s127.png?resize=700%2C400&ssl=1 2x"},"classes":[]},{"id":113,"url":"https:\/\/www.edder.org\/?p=113","url_meta":{"origin":44,"position":1},"title":"Fariseos, filisteos, fide\u00edstas y fun\u00e1mbulos","author":"Eder","date":"viernes, 12 Oct, 2007","format":false,"excerpt":"","rel":"","context":"En \u00abNA\u00bb","block_context":{"text":"NA","link":"https:\/\/www.edder.org\/?cat=3"},"img":{"alt_text":"","src":"","width":0,"height":0},"classes":[]},{"id":12695,"url":"https:\/\/www.edder.org\/?p=12695","url_meta":{"origin":44,"position":2},"title":"Echar un drink (the Scola-Tati connection)","author":"Eder","date":"lunes, 25 Ene, 2016","format":false,"excerpt":"Echar un drink de scotch en un glass:","rel":"","context":"En \u00abCine\u00bb","block_context":{"text":"Cine","link":"https:\/\/www.edder.org\/?cat=79"},"img":{"alt_text":"","src":"","width":0,"height":0},"classes":[]},{"id":103,"url":"https:\/\/www.edder.org\/?p=103","url_meta":{"origin":44,"position":3},"title":"Cambiazo","author":"Eder","date":"viernes, 8 Jun, 2007","format":false,"excerpt":"Si descartamos que el repentino ataque de sensatez sufrido en horas recientes por Miguel Sanz se deba a alg\u00fan accidente neurol\u00f3gico, no nos queda m\u00e1s que aceptar que la sensatez, de la que ahora parece dispuesto a dar muestras a manos llenas, es una de las virtudes constitutivas de su\u2026","rel":"","context":"En \u00abNA\u00bb","block_context":{"text":"NA","link":"https:\/\/www.edder.org\/?cat=3"},"img":{"alt_text":"","src":"","width":0,"height":0},"classes":[]},{"id":35,"url":"https:\/\/www.edder.org\/?p=35","url_meta":{"origin":44,"position":4},"title":"El h\u00e1bito regener\u00f3 al monde","author":"Eder","date":"viernes, 6 Ene, 2006","format":false,"excerpt":"La desfachatez que ha llevado a Sanz \u2013Sanz Sesma\u2013 a interpretar la sentencia judicial por la que se anula la concesi\u00f3n de licencias de radio hecha en su d\u00eda por Sanz \u2013Sanz Barea\u2013 y Palacios como otro \u00e9xito del Gobierno de UPN \u2013otro m\u00e1s de la cascada incesante de \u00e9xitos\u2026","rel":"","context":"En \u00abNA\u00bb","block_context":{"text":"NA","link":"https:\/\/www.edder.org\/?cat=3"},"img":{"alt_text":"","src":"","width":0,"height":0},"classes":[]},{"id":199,"url":"https:\/\/www.edder.org\/?p=199","url_meta":{"origin":44,"position":5},"title":"Cosas de familia","author":"Eder","date":"viernes, 7 Nov, 2008","format":false,"excerpt":"La disputa en el seno de la derecha navarra\u2026 Pero vayamos por partes. Digo disputa porque cuanto hay de momento es eso: una disputa familiar, todo lo subida de tono que se quiera, pero nada m\u00e1s. Digo en el seno de la derecha navarra y no en el seno de\u2026","rel":"","context":"En \u00abNA\u00bb","block_context":{"text":"NA","link":"https:\/\/www.edder.org\/?cat=3"},"img":{"alt_text":"","src":"","width":0,"height":0},"classes":[]}],"jetpack_likes_enabled":true,"_links":{"self":[{"href":"https:\/\/www.edder.org\/index.php?rest_route=\/wp\/v2\/posts\/44","targetHints":{"allow":["GET"]}}],"collection":[{"href":"https:\/\/www.edder.org\/index.php?rest_route=\/wp\/v2\/posts"}],"about":[{"href":"https:\/\/www.edder.org\/index.php?rest_route=\/wp\/v2\/types\/post"}],"author":[{"embeddable":true,"href":"https:\/\/www.edder.org\/index.php?rest_route=\/wp\/v2\/users\/82"}],"replies":[{"embeddable":true,"href":"https:\/\/www.edder.org\/index.php?rest_route=%2Fwp%2Fv2%2Fcomments&post=44"}],"version-history":[{"count":0,"href":"https:\/\/www.edder.org\/index.php?rest_route=\/wp\/v2\/posts\/44\/revisions"}],"wp:attachment":[{"href":"https:\/\/www.edder.org\/index.php?rest_route=%2Fwp%2Fv2%2Fmedia&parent=44"}],"wp:term":[{"taxonomy":"category","embeddable":true,"href":"https:\/\/www.edder.org\/index.php?rest_route=%2Fwp%2Fv2%2Fcategories&post=44"},{"taxonomy":"post_tag","embeddable":true,"href":"https:\/\/www.edder.org\/index.php?rest_route=%2Fwp%2Fv2%2Ftags&post=44"}],"curies":[{"name":"wp","href":"https:\/\/api.w.org\/{rel}","templated":true}]}}