{"id":433,"date":"2009-06-26T16:37:27","date_gmt":"2009-06-26T15:37:27","guid":{"rendered":"https:\/\/www.edder.org\/?p=433"},"modified":"2019-09-12T09:10:40","modified_gmt":"2019-09-12T07:10:40","slug":"yes-they-can","status":"publish","type":"post","link":"https:\/\/www.edder.org\/?p=433","title":{"rendered":"Yes, they Can"},"content":{"rendered":"<p><span style=\"font-size:14px;\"><em>Yes, they<\/em> Can, o lo que es mismo: Sanz y Barcina seguir&aacute;n estando en la Can cuando el &uacute;ltimo pol&iacute;tico que se vaya de Caja Navarra cierre la puerta. Es m&aacute;s: Sanz estar&iacute;a en las altas esferas de Caja Navarra incluso en el poco veros&iacute;mil supuesto de que hoy mismo abandonase la pol&iacute;tica. <em>Yes, they<\/em> &ndash;Sanz y Barcina, Barcina y Sanz, tanto monta, monta tanto&ndash; Can: s&iacute;, ellos pod&iacute;an quedarse en la Can y se quedar&aacute;n. Seg&uacute;n medio informaba ayer el propio Sanz, ya falta poco para que pol&iacute;ticos como &eacute;l dejen definitivamente la Can. Sanz comunic&oacute; esto a la ministra de Econom&iacute;a, que se felicit&oacute; por la noticia e hizo votos para que el ejemplo navarro cunda entre las comunidades aut&oacute;nomas. Esperemos que el ejemplo de Sanz no cunda tanto o no cunda del todo. Esperemos que no, porque Sanz tambi&eacute;n nos medio inform&oacute; ayer de que, para cuando todos los pol&iacute;ticos se hayan ido de los &oacute;rganos rectores de Caja Navarra, se habr&aacute; creado en la Can un &oacute;rgano consultivo en el que de todas todas va estar, como poco, el propio Sanz y mientras quiera. Sanz estar&aacute; de todas todas en la futura Junta de Entidades Fundadoras de la Can, que as&iacute; es como se llamar&aacute; el &oacute;rgano consultivo, porque dicho &oacute;rgano &ndash;m&aacute;s bien decorativo, aunque se estudia cu&aacute;l ser&aacute; la adecuada remuneraci&oacute;n de sus miembros&ndash; estar&aacute; compuesto, entre otros miembros de origen pol&iacute;tico, por quienes en su momento ostenten la presidencia del Gobierno de Navarra o la alcald&iacute;a de Pamplona &ndash;Barcina de todas todas&ndash; y por los expresidentes del consejo general de Caja Navarra, cosa que de momento no es nadie, pero que de todas todas ser&aacute; Sanz a perpetuidad cuando deje de ser presidente del consejo general de la Can. No est&aacute;, pues, lejos el d&iacute;a en el que Sanz y Barcina &ndash;esa pareja ya cl&aacute;sica entre nosotros que &uacute;ltimamente tanto recuerda a Jeckyll y Hyde&ndash; saldr&aacute;n de la Can por una puerta para entrar ipso facto por otra, no tanto porque su presencia resulte imprescindible cuanto porque quieren y pueden hacerla m&aacute;s larga y duradera: <em>yes, they<\/em> Can.<\/span><\/p>\n<p align=\"right\"><span style=\"font-size:14px;\">Publicado en <a href=\"http:\/\/www.noticiasdenavarra.com\/ediciones\/2009\/06\/26\/opinion\/contra.php\" rel=\"noopener noreferrer\" target=\"blank\">Diario de Noticias<\/a><\/span><img class=\"lazyload\" decoding=\"async\" align=\"right\" alt=\"dn\" src=\"data:image\/gif;base64,R0lGODlhAQABAAAAACH5BAEKAAEALAAAAAABAAEAAAICTAEAOw==\" data-orig-src=\"https:\/\/www.edder.org\/images\/dn.gif\" title=\"dn\" \/><\/p>\n","protected":false},"excerpt":{"rendered":"<p>Yes, they Can, o lo que es mismo: Sanz y Barcina seguir&aacute;n estando en la Can cuando el &uacute;ltimo pol&iacute;tico que se vaya de Caja Navarra cierre la puerta. Es m&aacute;s: Sanz estar&iacute;a en las altas esferas de Caja Navarra incluso en el poco veros&iacute;mil supuesto de que hoy mismo abandonase la pol&iacute;tica. Yes, they &ndash;Sanz y Barcina, Barcina y Sanz, tanto monta, monta tanto&ndash; Can: s&iacute;, ellos pod&iacute;an quedarse en la Can y se quedar&aacute;n. Seg&uacute;n medio informaba ayer el propio Sanz, ya falta poco para que pol&iacute;ticos como &eacute;l dejen definitivamente la Can. Sanz comunic&oacute; esto a la ministra de Econom&iacute;a, que se felicit&oacute; por la noticia e hizo votos para que el ejemplo navarro cunda entre las comunidades aut&oacute;nomas. Esperemos que el ejemplo de  [&#8230;]<\/p>\n","protected":false},"author":82,"featured_media":0,"comment_status":"open","ping_status":"open","sticky":false,"template":"","format":"standard","meta":{"jetpack_post_was_ever_published":false,"_jetpack_newsletter_access":"","_jetpack_dont_email_post_to_subs":false,"_jetpack_newsletter_tier_id":0,"_jetpack_memberships_contains_paywalled_content":false,"_jetpack_memberships_contains_paid_content":false,"footnotes":"","jetpack_publicize_message":"","jetpack_publicize_feature_enabled":true,"jetpack_social_post_already_shared":false,"jetpack_social_options":{"image_generator_settings":{"template":"highway","default_image_id":0,"font":"","enabled":false},"version":2}},"categories":[3],"tags":[],"class_list":["post-433","post","type-post","status-publish","format-standard","hentry","category-na"],"jetpack_publicize_connections":[],"jetpack_featured_media_url":"","jetpack_shortlink":"https:\/\/wp.me\/p6kHv-6Z","jetpack_sharing_enabled":true,"jetpack-related-posts":[{"id":483,"url":"https:\/\/www.edder.org\/?p=483","url_meta":{"origin":433,"position":0},"title":"\u00a1Alonso, Alonso, Alonso!","author":"Eder","date":"viernes, 2 Oct, 2009","format":false,"excerpt":"Porque existe Google, que si no, no me hubiera acordado del nombre de aquel delegado del Gobierno tan din\u00e1mico que organizaba patri\u00f3ticas juras de bandera con nuestras arquistars. Arquistars quiere decir estrellas del firmamento arquitect\u00f3nico. Nuestras arquistars cab\u00edan casi todas juntas en una jura de bandera de las que organizaba\u2026","rel":"","context":"En \u00abNA\u00bb","block_context":{"text":"NA","link":"https:\/\/www.edder.org\/?cat=3"},"img":{"alt_text":"","src":"","width":0,"height":0},"classes":[]},{"id":12475,"url":"https:\/\/www.edder.org\/?p=12475","url_meta":{"origin":433,"position":1},"title":"Barcina y ol\u00e9 (el Yoli Style)","author":"Eder","date":"mi\u00e9rcoles, 14 Oct, 2015","format":false,"excerpt":"Probablemente, la persona con menos verg\u00fcenza de la historia navarra del siglo XXI y parte del XX (desde que se apropi\u00f3 de los desvanes de su edificio para hacer un \u00e1tico de lujo al desembarco en Moviestar +, pasando por las dietas de la CAN luego trasmutadas en complemento gubernamental).\u2026","rel":"","context":"En \u00abSin categorizar\u00bb","block_context":{"text":"Sin categorizar","link":"https:\/\/www.edder.org\/?cat=1"},"img":{"alt_text":"","src":"https:\/\/i0.wp.com\/edder.org\/images\/Barcina\/barcina_shameless2.jpg?resize=350%2C200","width":350,"height":200,"srcset":"https:\/\/i0.wp.com\/edder.org\/images\/Barcina\/barcina_shameless2.jpg?resize=350%2C200 1x, https:\/\/i0.wp.com\/edder.org\/images\/Barcina\/barcina_shameless2.jpg?resize=525%2C300 1.5x, https:\/\/i0.wp.com\/edder.org\/images\/Barcina\/barcina_shameless2.jpg?resize=700%2C400 2x"},"classes":[]},{"id":190,"url":"https:\/\/www.edder.org\/?p=190","url_meta":{"origin":433,"position":2},"title":"\u201cAy, pero perd\u00f3name, Conzencia\u201d","author":"Eder","date":"viernes, 17 Oct, 2008","format":false,"excerpt":"Cuando la otra ma\u00f1ana le o\u00ed a Cervera leer una columna en la SER, en mi cabeza empez\u00f3 a repiquetear, a ritmo de bolero, la primera estrofa de una \u00f3pera-salsa puertorrique\u00f1a que dec\u00eda as\u00ed: \u201cAy, pero perd\u00f3name, Conzencia, pues no s\u00e9 entodav\u00eda\u201d. Y ya no me acuerdo de m\u00e1s, salvo\u2026","rel":"","context":"En \u00abNA\u00bb","block_context":{"text":"NA","link":"https:\/\/www.edder.org\/?cat=3"},"img":{"alt_text":"","src":"","width":0,"height":0},"classes":[]},{"id":85,"url":"https:\/\/www.edder.org\/?p=85","url_meta":{"origin":433,"position":3},"title":"Cocodrilos Lacoste","author":"Eder","date":"viernes, 23 Feb, 2007","format":false,"excerpt":"Vino Bono. En vaqueros. Lo que no llevaba era un polo Lacoste. Y sin embargo, si hemos de hacer caso a la leyenda ???la de Lacoste???, Bono y otros profesionales de la pol\u00edtica son nuestros viejos cocodrilos. De Ren\u00e9 Lacoste, el tenista, dice la leyenda que se pegaba a la\u2026","rel":"","context":"En \u00abNA\u00bb","block_context":{"text":"NA","link":"https:\/\/www.edder.org\/?cat=3"},"img":{"alt_text":"","src":"","width":0,"height":0},"classes":[]},{"id":80,"url":"https:\/\/www.edder.org\/?p=80","url_meta":{"origin":433,"position":4},"title":"Las mentiras de los Sanz","author":"Eder","date":"viernes, 19 Ene, 2007","format":false,"excerpt":"Alguno de los Sanz miente. Alguno de los Sanz miente y no es Alejandro. O si Alejandro Sanz miente, all\u00e1 pel\u00edculas: el cantante no preside ning\u00fan gobierno auton\u00f3mico. Por su parte, parece m\u00e1s que comprobado que Miguel Sanz enton\u00f3 el pasado s\u00e1bado sentidas jotas de su repertorio en la localidad\u2026","rel":"","context":"En \u00abNA\u00bb","block_context":{"text":"NA","link":"https:\/\/www.edder.org\/?cat=3"},"img":{"alt_text":"","src":"","width":0,"height":0},"classes":[]},{"id":569,"url":"https:\/\/www.edder.org\/?p=569","url_meta":{"origin":433,"position":5},"title":"Nuestra FAES","author":"Eder","date":"viernes, 5 Feb, 2010","format":false,"excerpt":"Casi me caigo de la silla al leer que el gran Francisco Mangado, ante la \u201cdebacle en valores\u201d que padecemos, reivindica ahora una arquitectura que, am\u00e9n de estar inspirada en la utilidad, el servicio y la vocaci\u00f3n social, piense en el interior de las viviendas m\u00e1s que en las fachadas.\u2026","rel":"","context":"En \u00abNA\u00bb","block_context":{"text":"NA","link":"https:\/\/www.edder.org\/?cat=3"},"img":{"alt_text":"","src":"","width":0,"height":0},"classes":[]}],"jetpack_likes_enabled":true,"_links":{"self":[{"href":"https:\/\/www.edder.org\/index.php?rest_route=\/wp\/v2\/posts\/433","targetHints":{"allow":["GET"]}}],"collection":[{"href":"https:\/\/www.edder.org\/index.php?rest_route=\/wp\/v2\/posts"}],"about":[{"href":"https:\/\/www.edder.org\/index.php?rest_route=\/wp\/v2\/types\/post"}],"author":[{"embeddable":true,"href":"https:\/\/www.edder.org\/index.php?rest_route=\/wp\/v2\/users\/82"}],"replies":[{"embeddable":true,"href":"https:\/\/www.edder.org\/index.php?rest_route=%2Fwp%2Fv2%2Fcomments&post=433"}],"version-history":[{"count":0,"href":"https:\/\/www.edder.org\/index.php?rest_route=\/wp\/v2\/posts\/433\/revisions"}],"wp:attachment":[{"href":"https:\/\/www.edder.org\/index.php?rest_route=%2Fwp%2Fv2%2Fmedia&parent=433"}],"wp:term":[{"taxonomy":"category","embeddable":true,"href":"https:\/\/www.edder.org\/index.php?rest_route=%2Fwp%2Fv2%2Fcategories&post=433"},{"taxonomy":"post_tag","embeddable":true,"href":"https:\/\/www.edder.org\/index.php?rest_route=%2Fwp%2Fv2%2Ftags&post=433"}],"curies":[{"name":"wp","href":"https:\/\/api.w.org\/{rel}","templated":true}]}}