{"id":43163,"date":"2024-12-10T20:33:24","date_gmt":"2024-12-10T19:33:24","guid":{"rendered":"https:\/\/www.edder.org\/?p=43163"},"modified":"2025-05-20T10:40:03","modified_gmt":"2025-05-20T08:40:03","slug":"despertad-mortales-por-vladimir-jankelevitch","status":"publish","type":"post","link":"https:\/\/www.edder.org\/?p=43163","title":{"rendered":"\u00abDespertad, mortales\u00bb, por Vladimir Jank\u00e9l\u00e9vitch"},"content":{"rendered":"<p><div class=\"fusion-fullwidth fullwidth-box fusion-builder-row-1 fusion-flex-container has-pattern-background has-mask-background nonhundred-percent-fullwidth non-hundred-percent-height-scrolling\" style=\"--awb-border-radius-top-left:0px;--awb-border-radius-top-right:0px;--awb-border-radius-bottom-right:0px;--awb-border-radius-bottom-left:0px;--awb-flex-wrap:wrap;\" ><div class=\"fusion-builder-row fusion-row fusion-flex-align-items-flex-start fusion-flex-content-wrap\" style=\"max-width:1248px;margin-left: calc(-4% \/ 2 );margin-right: calc(-4% \/ 2 );\"><div class=\"fusion-layout-column fusion_builder_column fusion-builder-column-0 fusion_builder_column_1_1 1_1 fusion-flex-column\" style=\"--awb-bg-size:cover;--awb-width-large:100%;--awb-margin-top-large:0px;--awb-spacing-right-large:1.92%;--awb-margin-bottom-large:20px;--awb-spacing-left-large:1.92%;--awb-width-medium:100%;--awb-order-medium:0;--awb-spacing-right-medium:1.92%;--awb-spacing-left-medium:1.92%;--awb-width-small:100%;--awb-order-small:0;--awb-spacing-right-small:1.92%;--awb-spacing-left-small:1.92%;\"><div class=\"fusion-column-wrapper fusion-column-has-shadow fusion-flex-justify-content-flex-start fusion-content-layout-column\"><div class=\"fusion-image-element \" style=\"text-align:center;--awb-max-width:1600px;--awb-caption-title-font-family:var(--h2_typography-font-family);--awb-caption-title-font-weight:var(--h2_typography-font-weight);--awb-caption-title-font-style:var(--h2_typography-font-style);--awb-caption-title-size:var(--h2_typography-font-size);--awb-caption-title-transform:var(--h2_typography-text-transform);--awb-caption-title-line-height:var(--h2_typography-line-height);--awb-caption-title-letter-spacing:var(--h2_typography-letter-spacing);\"><span class=\" fusion-imageframe imageframe-none imageframe-1 hover-type-none\"><img decoding=\"async\" width=\"1600\" height=\"1111\" title=\"El jardi\u0301n de Armida\" src=\"https:\/\/www.edder.org\/upload\/2024\/12\/El-jardin-de-Armida.jpg\" data-orig-src=\"https:\/\/www.edder.org\/upload\/2024\/12\/El-jardin-de-Armida.jpg\" alt class=\"lazyload img-responsive wp-image-43168\" srcset=\"data:image\/svg+xml,%3Csvg%20xmlns%3D%27http%3A%2F%2Fwww.w3.org%2F2000%2Fsvg%27%20width%3D%271600%27%20height%3D%271111%27%20viewBox%3D%270%200%201600%201111%27%3E%3Crect%20width%3D%271600%27%20height%3D%271111%27%20fill-opacity%3D%220%22%2F%3E%3C%2Fsvg%3E\" data-srcset=\"https:\/\/www.edder.org\/upload\/2024\/12\/El-jardin-de-Armida-200x139.jpg 200w, https:\/\/www.edder.org\/upload\/2024\/12\/El-jardin-de-Armida-400x278.jpg 400w, https:\/\/www.edder.org\/upload\/2024\/12\/El-jardin-de-Armida-600x417.jpg 600w, https:\/\/www.edder.org\/upload\/2024\/12\/El-jardin-de-Armida-800x556.jpg 800w, https:\/\/www.edder.org\/upload\/2024\/12\/El-jardin-de-Armida-1200x833.jpg 1200w, https:\/\/www.edder.org\/upload\/2024\/12\/El-jardin-de-Armida.jpg 1600w\" data-sizes=\"auto\" data-orig-sizes=\"(max-width: 1024px) 100vw, (max-width: 640px) 100vw, 1200px\" \/><\/span><\/div><div class=\"fusion-separator fusion-full-width-sep\" style=\"align-self: center;margin-left: auto;margin-right: auto;margin-top:60px;width:100%;\"><\/div><\/div><\/div><\/div><\/div><div class=\"fusion-fullwidth fullwidth-box fusion-builder-row-2 fusion-flex-container has-pattern-background has-mask-background nonhundred-percent-fullwidth non-hundred-percent-height-scrolling\" style=\"--awb-border-radius-top-left:0px;--awb-border-radius-top-right:0px;--awb-border-radius-bottom-right:0px;--awb-border-radius-bottom-left:0px;--awb-flex-wrap:wrap;\" ><div class=\"fusion-builder-row fusion-row fusion-flex-align-items-flex-start fusion-flex-content-wrap\" style=\"max-width:1248px;margin-left: calc(-4% \/ 2 );margin-right: calc(-4% \/ 2 );\"><div class=\"fusion-layout-column fusion_builder_column fusion-builder-column-1 fusion_builder_column_1_2 1_2 fusion-flex-column\" style=\"--awb-bg-size:cover;--awb-width-large:50%;--awb-margin-top-large:0px;--awb-spacing-right-large:3.84%;--awb-margin-bottom-large:20px;--awb-spacing-left-large:3.84%;--awb-width-medium:100%;--awb-order-medium:0;--awb-spacing-right-medium:1.92%;--awb-spacing-left-medium:1.92%;--awb-width-small:100%;--awb-order-small:0;--awb-spacing-right-small:1.92%;--awb-spacing-left-small:1.92%;\"><div class=\"fusion-column-wrapper fusion-column-has-shadow fusion-flex-justify-content-flex-start fusion-content-layout-column\"><\/div><\/div><div class=\"fusion-layout-column fusion_builder_column fusion-builder-column-2 fusion_builder_column_1_2 1_2 fusion-flex-column\" style=\"--awb-bg-size:cover;--awb-width-large:50%;--awb-margin-top-large:0px;--awb-spacing-right-large:3.84%;--awb-margin-bottom-large:20px;--awb-spacing-left-large:3.84%;--awb-width-medium:100%;--awb-order-medium:0;--awb-spacing-right-medium:1.92%;--awb-spacing-left-medium:1.92%;--awb-width-small:100%;--awb-order-small:0;--awb-spacing-right-small:1.92%;--awb-spacing-left-small:1.92%;\"><div class=\"fusion-column-wrapper fusion-column-has-shadow fusion-flex-justify-content-flex-start fusion-content-layout-column\"><div class=\"fusion-text fusion-text-1\" style=\"--awb-font-size:19px;\"><p style=\"text-align: left;\">\u00abVamos, mortales, despertaos: el d\u00eda renace; la verdad regresa<br \/>\na la tierra y las vanas im\u00e1genes se desvanecen.\u00bb<\/p>\n<p style=\"text-align: center;\">Leopardi<\/p>\n<\/div><div class=\"fusion-separator fusion-full-width-sep\" style=\"align-self: center;margin-left: auto;margin-right: auto;margin-top:40px;width:100%;\"><\/div><\/div><\/div><\/div><\/div><div class=\"fusion-fullwidth fullwidth-box fusion-builder-row-3 fusion-flex-container has-pattern-background has-mask-background nonhundred-percent-fullwidth non-hundred-percent-height-scrolling\" style=\"--awb-border-radius-top-left:0px;--awb-border-radius-top-right:0px;--awb-border-radius-bottom-right:0px;--awb-border-radius-bottom-left:0px;--awb-flex-wrap:wrap;\" ><div class=\"fusion-builder-row fusion-row fusion-flex-align-items-flex-start fusion-flex-content-wrap\" style=\"max-width:1248px;margin-left: calc(-4% \/ 2 );margin-right: calc(-4% \/ 2 );\"><div class=\"fusion-layout-column fusion_builder_column fusion-builder-column-3 fusion_builder_column_1_5 1_5 fusion-flex-column\" style=\"--awb-bg-size:cover;--awb-width-large:20%;--awb-margin-top-large:0px;--awb-spacing-right-large:9.6%;--awb-margin-bottom-large:20px;--awb-spacing-left-large:9.6%;--awb-width-medium:100%;--awb-order-medium:0;--awb-spacing-right-medium:1.92%;--awb-spacing-left-medium:1.92%;--awb-width-small:100%;--awb-order-small:0;--awb-spacing-right-small:1.92%;--awb-spacing-left-small:1.92%;\"><div class=\"fusion-column-wrapper fusion-column-has-shadow fusion-flex-justify-content-flex-start fusion-content-layout-column\"><div class=\"fusion-separator fusion-full-width-sep\" style=\"align-self: center;margin-left: auto;margin-right: auto;margin-top:40px;width:100%;\"><\/div><div class=\"fusion-image-element \" style=\"--awb-caption-title-font-family:var(--h2_typography-font-family);--awb-caption-title-font-weight:var(--h2_typography-font-weight);--awb-caption-title-font-style:var(--h2_typography-font-style);--awb-caption-title-size:var(--h2_typography-font-size);--awb-caption-title-transform:var(--h2_typography-text-transform);--awb-caption-title-line-height:var(--h2_typography-line-height);--awb-caption-title-letter-spacing:var(--h2_typography-letter-spacing);\"><span class=\" fusion-imageframe imageframe-none imageframe-2 hover-type-none\"><img decoding=\"async\" width=\"640\" height=\"644\" title=\"Janke\u0301le\u0301vitch\" src=\"https:\/\/www.edder.org\/upload\/2024\/12\/Jankelevitch.png\" data-orig-src=\"https:\/\/www.edder.org\/upload\/2024\/12\/Jankelevitch.png\" alt class=\"lazyload img-responsive wp-image-43172\" srcset=\"data:image\/svg+xml,%3Csvg%20xmlns%3D%27http%3A%2F%2Fwww.w3.org%2F2000%2Fsvg%27%20width%3D%27640%27%20height%3D%27644%27%20viewBox%3D%270%200%20640%20644%27%3E%3Crect%20width%3D%27640%27%20height%3D%27644%27%20fill-opacity%3D%220%22%2F%3E%3C%2Fsvg%3E\" data-srcset=\"https:\/\/www.edder.org\/upload\/2024\/12\/Jankelevitch-200x201.png 200w, https:\/\/www.edder.org\/upload\/2024\/12\/Jankelevitch-400x403.png 400w, https:\/\/www.edder.org\/upload\/2024\/12\/Jankelevitch-600x604.png 600w, https:\/\/www.edder.org\/upload\/2024\/12\/Jankelevitch.png 640w\" data-sizes=\"auto\" data-orig-sizes=\"(max-width: 1024px) 100vw, (max-width: 640px) 100vw, 200px\" \/><\/span><\/div><div class=\"fusion-separator fusion-full-width-sep\" style=\"align-self: center;margin-left: auto;margin-right: auto;margin-top:40px;width:100%;\"><\/div><div class=\"fusion-text fusion-text-2\" style=\"--awb-font-size:14px;\"><p style=\"text-align: center;\">Vladimir Jank\u00e9l\u00e9vitch<\/p>\n<\/div><\/div><\/div><div class=\"fusion-layout-column fusion_builder_column fusion-builder-column-4 fusion_builder_column_4_5 4_5 fusion-flex-column\" style=\"--awb-bg-size:cover;--awb-width-large:80%;--awb-margin-top-large:0px;--awb-spacing-right-large:2.4%;--awb-margin-bottom-large:20px;--awb-spacing-left-large:2.4%;--awb-width-medium:100%;--awb-order-medium:0;--awb-spacing-right-medium:1.92%;--awb-spacing-left-medium:1.92%;--awb-width-small:100%;--awb-order-small:0;--awb-spacing-right-small:1.92%;--awb-spacing-left-small:1.92%;\"><div class=\"fusion-column-wrapper fusion-column-has-shadow fusion-flex-justify-content-flex-start fusion-content-layout-column\"><div class=\"fusion-text fusion-text-3\" style=\"--awb-font-size:23px;\"><p>\u00abQu\u00e9 amarga es la verdad de la ma\u00f1ana. Qu\u00e9 decepcionante el despertar. Bien es verdad que al llegar la claridad del d\u00eda se esfuman miedos rid\u00edculos y hechizos nocturnos; <a href=\"https:\/\/es.wikipedia.org\/wiki\/Carnaval_(Schumann)\" target=\"_blank\" rel=\"noopener\"><span style=\"color: #808000;\">Estrella, Chiarina y Florest\u00e1n<\/span><\/a> desaparecen al sonar las seis en los campanarios de la ciudad; pero Chernogob, Kachtchei y los esp\u00edritus de las tinieblas del <a href=\"https:\/\/es.wikipedia.org\/wiki\/Una_noche_en_el_Monte_Pelado\" target=\"_blank\" rel=\"noopener\"><em><span style=\"color: #808000;\">Monte Pelado<\/span><\/em> <\/a>desaparecen con ellos. Porque <em>la fe declina al alba<\/em> (Dostoievski, <em>Demonios<\/em>, II, 7, 1)\u2026 El pa\u00eds de las maravillas y los prodigios se extingue. Los encantamientos del <a href=\"https:\/\/www.museodelprado.es\/coleccion\/obra-de-arte\/el-jardin-de-armida\/0122491a-49cf-4365-8830-955dc835a5b0\" target=\"_blank\" rel=\"noopener\"><span style=\"color: #808000;\">jard\u00edn de Armida<\/span><\/a> y la <a href=\"https:\/\/es.wikipedia.org\/wiki\/La_noche_de_mayo\" target=\"_blank\" rel=\"noopener\"><span style=\"color: #808000;\">Noche de Mayo<\/span><\/a> o la <a href=\"https:\/\/es.wikipedia.org\/wiki\/La_noche_de_Navidad_(%C3%B3pera)\" target=\"_blank\" rel=\"noopener\"><span style=\"color: #808000;\">Noche de Navidad<\/span><\/a> se disipan con el sol matinal junto a las brujas de <span style=\"color: #808000;\"><a style=\"color: #808000;\" href=\"https:\/\/en.wikipedia.org\/wiki\/Mlada_(Rimsky-Korsakov)\" target=\"_blank\" rel=\"noopener\">Mlada<\/a><\/span>. Las ocho, es hora de ponerse serio. El hombre reci\u00e9n levantado, sereno y l\u00facido, el hombre en ayunas, decepcionado pero tranquilo, abandona sus fantas\u00edas y sus pesadillas. Es la hora en que el pianista hace sus escalas. Al principio de sus <a href=\"https:\/\/www.youtube.com\/watch?v=rA-y3MdZcmM\" target=\"_blank\" rel=\"noopener\"><em><span style=\"color: #808000;\">Sports et divertissements<\/span><\/em><\/a> Satie escribe: \u00abPor la ma\u00f1ana, en ayunas\u00bb\u2026 La seriedad se traduce en una sonrisa desenga\u00f1ada, en una sonrisa que excluye tanto las locas ilusiones como la desesperaci\u00f3n. Retomando las palabras de un escritor contempor\u00e1neo (Jean Cassou) hay un humor infinitamente disponible que consiste en \u00abno tomarse las cosas en serio\u00bb, algo muy distinto a \u00abno tomar nada en serio\u00bb. En conclusi\u00f3n, lo \u00fanico serio en este mundo es el humor.\u00bb<\/p>\n<\/div><\/div><\/div><\/div><\/div><\/p>\n","protected":false},"excerpt":{"rendered":"","protected":false},"author":82,"featured_media":43182,"comment_status":"open","ping_status":"open","sticky":false,"template":"","format":"standard","meta":{"jetpack_post_was_ever_published":false,"_jetpack_newsletter_access":"","_jetpack_dont_email_post_to_subs":false,"_jetpack_newsletter_tier_id":0,"_jetpack_memberships_contains_paywalled_content":false,"_jetpack_memberships_contains_paid_content":false,"footnotes":"","jetpack_publicize_message":"","jetpack_publicize_feature_enabled":true,"jetpack_social_post_already_shared":true,"jetpack_social_options":{"image_generator_settings":{"template":"highway","default_image_id":0,"font":"","enabled":false},"version":2}},"categories":[85,93],"tags":[82],"class_list":["post-43163","post","type-post","status-publish","format-standard","has-post-thumbnail","hentry","category-artes","category-letras","tag-jankelevitch"],"jetpack_publicize_connections":[],"jetpack_featured_media_url":"https:\/\/www.edder.org\/upload\/2024\/12\/armida1.png","jetpack_shortlink":"https:\/\/wp.me\/p6kHv-beb","jetpack_sharing_enabled":true,"jetpack-related-posts":[{"id":922,"url":"https:\/\/www.edder.org\/?p=922","url_meta":{"origin":43163,"position":0},"title":"El d\u00eda renace, por V. Jank\u00e9l\u00e9vitch","author":"Eder","date":"martes, 17 Ago, 2010","format":false,"excerpt":"","rel":"","context":"En \u00abLetras\u00bb","block_context":{"text":"Letras","link":"https:\/\/www.edder.org\/?cat=93"},"img":{"alt_text":"","src":"","width":0,"height":0},"classes":[]},{"id":42997,"url":"https:\/\/www.edder.org\/?p=42997","url_meta":{"origin":43163,"position":1},"title":"Futbolmarianismo y regionalcatolicismo de los siglos XX y XXI","author":"Eder","date":"mi\u00e9rcoles, 21 Ago, 2024","format":false,"excerpt":"","rel":"","context":"En \u00abPrehistoria contempor\u00e1nea\u00bb","block_context":{"text":"Prehistoria contempor\u00e1nea","link":"https:\/\/www.edder.org\/?cat=90"},"img":{"alt_text":"","src":"https:\/\/i0.wp.com\/www.edder.org\/upload\/2024\/08\/athletic_begogna.png?resize=350%2C200&ssl=1","width":350,"height":200,"srcset":"https:\/\/i0.wp.com\/www.edder.org\/upload\/2024\/08\/athletic_begogna.png?resize=350%2C200&ssl=1 1x, https:\/\/i0.wp.com\/www.edder.org\/upload\/2024\/08\/athletic_begogna.png?resize=525%2C300&ssl=1 1.5x, https:\/\/i0.wp.com\/www.edder.org\/upload\/2024\/08\/athletic_begogna.png?resize=700%2C400&ssl=1 2x, https:\/\/i0.wp.com\/www.edder.org\/upload\/2024\/08\/athletic_begogna.png?resize=1050%2C600&ssl=1 3x"},"classes":[]},{"id":646,"url":"https:\/\/www.edder.org\/?p=646","url_meta":{"origin":43163,"position":2},"title":"El juez (y los verdugos)","author":"Eder","date":"domingo, 9 Ene, 2011","format":false,"excerpt":"Fotograma de Elogio del amor, de J-L. Godard. \u2022\u2022\u2022 Lo dec\u00eda todo el cronista de este peri\u00f3dico que ayer relataba la exhumaci\u00f3n de los cad\u00e1veres de cuatro desaparecidos, por fin hallados al cabo de tantos a\u00f1os, en una cuneta de Aibar: \u201cVolvieron a ver la luz que se les neg\u00f3\u2026","rel":"","context":"En \u00abSin categorizar\u00bb","block_context":{"text":"Sin categorizar","link":"https:\/\/www.edder.org\/?cat=1"},"img":{"alt_text":"","src":"","width":0,"height":0},"classes":[]},{"id":39232,"url":"https:\/\/www.edder.org\/?p=39232","url_meta":{"origin":43163,"position":3},"title":"Mi t\u00edo Toby silbaba el lilliburlero","author":"Eder","date":"martes, 24 Nov, 2020","format":false,"excerpt":"","rel":"","context":"En \u00abCine\u00bb","block_context":{"text":"Cine","link":"https:\/\/www.edder.org\/?cat=79"},"img":{"alt_text":"","src":"https:\/\/i0.wp.com\/www.edder.org\/upload\/2020\/11\/lilliburlero2.jpg?resize=350%2C200&ssl=1","width":350,"height":200},"classes":[]},{"id":40290,"url":"https:\/\/www.edder.org\/?p=40290","url_meta":{"origin":43163,"position":4},"title":"La politesse","author":"Eder","date":"martes, 2 Mar, 2021","format":false,"excerpt":"","rel":"","context":"En \u00abCine\u00bb","block_context":{"text":"Cine","link":"https:\/\/www.edder.org\/?cat=79"},"img":{"alt_text":"","src":"https:\/\/i0.wp.com\/www.edder.org\/upload\/2021\/03\/politesse.png?resize=350%2C200&ssl=1","width":350,"height":200,"srcset":"https:\/\/i0.wp.com\/www.edder.org\/upload\/2021\/03\/politesse.png?resize=350%2C200&ssl=1 1x, https:\/\/i0.wp.com\/www.edder.org\/upload\/2021\/03\/politesse.png?resize=525%2C300&ssl=1 1.5x, https:\/\/i0.wp.com\/www.edder.org\/upload\/2021\/03\/politesse.png?resize=700%2C400&ssl=1 2x"},"classes":[]},{"id":40255,"url":"https:\/\/www.edder.org\/?p=40255","url_meta":{"origin":43163,"position":5},"title":"Tucumcari (Nuevo M\u00e9xico, EE. UU), 1970. Me &#038; Bobby McGee","author":"Eder","date":"domingo, 28 Feb, 2021","format":false,"excerpt":"","rel":"","context":"En \u00abCine\u00bb","block_context":{"text":"Cine","link":"https:\/\/www.edder.org\/?cat=79"},"img":{"alt_text":"","src":"https:\/\/i0.wp.com\/www.edder.org\/upload\/2021\/02\/Screenshot-2021-03-07-at-21.59.21.png?resize=350%2C200&ssl=1","width":350,"height":200},"classes":[]}],"jetpack_likes_enabled":true,"_links":{"self":[{"href":"https:\/\/www.edder.org\/index.php?rest_route=\/wp\/v2\/posts\/43163","targetHints":{"allow":["GET"]}}],"collection":[{"href":"https:\/\/www.edder.org\/index.php?rest_route=\/wp\/v2\/posts"}],"about":[{"href":"https:\/\/www.edder.org\/index.php?rest_route=\/wp\/v2\/types\/post"}],"author":[{"embeddable":true,"href":"https:\/\/www.edder.org\/index.php?rest_route=\/wp\/v2\/users\/82"}],"replies":[{"embeddable":true,"href":"https:\/\/www.edder.org\/index.php?rest_route=%2Fwp%2Fv2%2Fcomments&post=43163"}],"version-history":[{"count":0,"href":"https:\/\/www.edder.org\/index.php?rest_route=\/wp\/v2\/posts\/43163\/revisions"}],"wp:featuredmedia":[{"embeddable":true,"href":"https:\/\/www.edder.org\/index.php?rest_route=\/wp\/v2\/media\/43182"}],"wp:attachment":[{"href":"https:\/\/www.edder.org\/index.php?rest_route=%2Fwp%2Fv2%2Fmedia&parent=43163"}],"wp:term":[{"taxonomy":"category","embeddable":true,"href":"https:\/\/www.edder.org\/index.php?rest_route=%2Fwp%2Fv2%2Fcategories&post=43163"},{"taxonomy":"post_tag","embeddable":true,"href":"https:\/\/www.edder.org\/index.php?rest_route=%2Fwp%2Fv2%2Ftags&post=43163"}],"curies":[{"name":"wp","href":"https:\/\/api.w.org\/{rel}","templated":true}]}}