{"id":4313,"date":"2015-03-17T15:38:12","date_gmt":"2015-03-17T14:38:12","guid":{"rendered":"https:\/\/www.edder.org\/?p=4313"},"modified":"2015-04-25T12:31:05","modified_gmt":"2015-04-25T11:31:05","slug":"tras-un-shock-se-despierta-navarra-y-euskaldun","status":"publish","type":"post","link":"https:\/\/www.edder.org\/?p=4313","title":{"rendered":"Culebr\u00f3n: sufre un shock y se despierta navarra y euskaldun"},"content":{"rendered":"<p>Extraordinario fen&oacute;meno: sufre una regresi&oacute;n en M&eacute;xico y se despierta pose&iacute;da por todos los demonios, navarra desde siempre y hablando en vascuen&ccedil;.<\/p>\n<p>Cap&iacute;tulo 1:<\/p>\n<p style=\"text-align: center;\"><div class=\"video-shortcode\"><iframe title=\"Sufre una regresi\u00f3n en M\u00e9xico y amanece navarra y euskaldun\" width=\"1200\" height=\"675\" src=\"https:\/\/www.youtube.com\/embed\/M9uy81q5mB8?feature=oembed\" frameborder=\"0\" allow=\"accelerometer; autoplay; clipboard-write; encrypted-media; gyroscope; picture-in-picture; web-share\" allowfullscreen><\/iframe><\/div><\/p>\n<p>&nbsp;<\/p>\n<p>&nbsp;<\/p>\n","protected":false},"excerpt":{"rendered":"<p>Extraordinario fen&oacute;meno: sufre una regresi&oacute;n en M&eacute;xico y se despierta pose&iacute;da por todos los demonios, navarra desde siempre y hablando en vascuen&ccedil;. Cap&iacute;tulo 1: &nbsp; &nbsp;<\/p>\n","protected":false},"author":82,"featured_media":0,"comment_status":"open","ping_status":"closed","sticky":false,"template":"","format":"standard","meta":{"jetpack_post_was_ever_published":false,"_jetpack_newsletter_access":"","_jetpack_dont_email_post_to_subs":false,"_jetpack_newsletter_tier_id":0,"_jetpack_memberships_contains_paywalled_content":false,"_jetpack_memberships_contains_paid_content":false,"footnotes":"","jetpack_publicize_message":"","jetpack_publicize_feature_enabled":true,"jetpack_social_post_already_shared":false,"jetpack_social_options":{"image_generator_settings":{"template":"highway","default_image_id":0,"font":"","enabled":false},"version":2}},"categories":[3],"tags":[],"class_list":["post-4313","post","type-post","status-publish","format-standard","hentry","category-na"],"jetpack_publicize_connections":[],"jetpack_featured_media_url":"","jetpack_shortlink":"https:\/\/wp.me\/p6kHv-17z","jetpack_sharing_enabled":true,"jetpack-related-posts":[{"id":657,"url":"https:\/\/www.edder.org\/?p=657","url_meta":{"origin":4313,"position":0},"title":"14 de abril, D\u00eda de la Rep\u00fablica","author":"Eder","date":"mi\u00e9rcoles, 14 Abr, 2010","format":false,"excerpt":"El Gobierno de Navarra, hoy, 14 de abril de 2010. Procesi\u00f3n y misa en el Palacio de Navarra, sede del Ejecutivo navarro: Noticia e im\u00e1genes de la NA-DA foral. Procesi\u00f3n y misa en el Parlamento de Navarra, sede del Legislativo navarro: Noticia e im\u00e1genes. En este momento no disponemos de\u2026","rel":"","context":"En \u00abNA\u00bb","block_context":{"text":"NA","link":"https:\/\/www.edder.org\/?cat=3"},"img":{"alt_text":"","src":"https:\/\/i0.wp.com\/www.edder.org\/upload\/2010\/04\/gobierno.gif?resize=350%2C200&ssl=1","width":350,"height":200},"classes":[]},{"id":54,"url":"https:\/\/www.edder.org\/?p=54","url_meta":{"origin":4313,"position":1},"title":"Erre que erre","author":"Eder","date":"viernes, 28 Abr, 2006","format":false,"excerpt":"","rel":"","context":"En \u00abNA\u00bb","block_context":{"text":"NA","link":"https:\/\/www.edder.org\/?cat=3"},"img":{"alt_text":"","src":"","width":0,"height":0},"classes":[]},{"id":3551,"url":"https:\/\/www.edder.org\/?p=3551","url_meta":{"origin":4313,"position":2},"title":"Ayer en el Parlamento de Navarra","author":"Eder","date":"mi\u00e9rcoles, 12 Feb, 2014","format":false,"excerpt":"Extracto de la declaraci\u00f3n de Idoia Nieves en el Parlamento de Navarra (7 minutos): \u00a0","rel":"","context":"En \u00abNA\u00bb","block_context":{"text":"NA","link":"https:\/\/www.edder.org\/?cat=3"},"img":{"alt_text":"","src":"","width":0,"height":0},"classes":[]},{"id":4092,"url":"https:\/\/www.edder.org\/?p=4092","url_meta":{"origin":4313,"position":3},"title":"Oteiza en la llamada Universidad de Navarra","author":"Eder","date":"viernes, 23 Ene, 2015","format":false,"excerpt":"\u00a0 Seguro que ironiza \u2013m\u00e1s iron\u00edas con el Opus de por medio\u2013 quien hoy escribe en Diario de Noticias: \u00abSi hubiera vivido doce a\u00f1os m\u00e1s, el gran artista Jorge Oteiza hubiera tenido ayer varias razones para estar contento. La primera, que el reci\u00e9n estrenado Museo de la Universidad de Navarra\u2026","rel":"","context":"En \u00abArtes\u00bb","block_context":{"text":"Artes","link":"https:\/\/www.edder.org\/?cat=85"},"img":{"alt_text":"","src":"","width":0,"height":0},"classes":[]},{"id":94,"url":"https:\/\/www.edder.org\/?p=94","url_meta":{"origin":4313,"position":4},"title":"Apasionados por t\u00ed y por ty","author":"Eder","date":"viernes, 6 Abr, 2007","format":false,"excerpt":"S\u00ed, lo s\u00e9: por mucho que ???s\u00ed??? o ???m\u00ed??? deban llevar tilde a menudo, no hay ninguna raz\u00f3n gramatical para ponerla sobre la i de ti ???y menos para escribir ty???. Pero el coraz\u00f3n conoce razones que la ortograf\u00eda no entiende y hay tis tan apasionados que c\u00f3mo no remarcarlos\u2026","rel":"","context":"En \u00abNA\u00bb","block_context":{"text":"NA","link":"https:\/\/www.edder.org\/?cat=3"},"img":{"alt_text":"","src":"","width":0,"height":0},"classes":[]},{"id":1989,"url":"https:\/\/www.edder.org\/?p=1989","url_meta":{"origin":4313,"position":5},"title":"Navarra 1936","author":"Eder","date":"martes, 19 Jul, 2011","format":false,"excerpt":"Esquema aut\u00f3grafo del conde de Rodezno sobre la estructura del poder en Navarra tras el golpe faccioso de 1936. \u00a0 \u2022 \u00a0 El conde de Rodezno, en 1939, desfilando por Pamplona con los insurrectos victoriosos.","rel":"","context":"En \u00abNA\u00bb","block_context":{"text":"NA","link":"https:\/\/www.edder.org\/?cat=3"},"img":{"alt_text":"","src":"https:\/\/i0.wp.com\/www.edder.org\/upload\/2011\/07\/rodezno2.jpg?resize=350%2C200&ssl=1","width":350,"height":200,"srcset":"https:\/\/i0.wp.com\/www.edder.org\/upload\/2011\/07\/rodezno2.jpg?resize=350%2C200&ssl=1 1x, https:\/\/i0.wp.com\/www.edder.org\/upload\/2011\/07\/rodezno2.jpg?resize=525%2C300&ssl=1 1.5x, https:\/\/i0.wp.com\/www.edder.org\/upload\/2011\/07\/rodezno2.jpg?resize=700%2C400&ssl=1 2x, https:\/\/i0.wp.com\/www.edder.org\/upload\/2011\/07\/rodezno2.jpg?resize=1050%2C600&ssl=1 3x"},"classes":[]}],"jetpack_likes_enabled":true,"_links":{"self":[{"href":"https:\/\/www.edder.org\/index.php?rest_route=\/wp\/v2\/posts\/4313","targetHints":{"allow":["GET"]}}],"collection":[{"href":"https:\/\/www.edder.org\/index.php?rest_route=\/wp\/v2\/posts"}],"about":[{"href":"https:\/\/www.edder.org\/index.php?rest_route=\/wp\/v2\/types\/post"}],"author":[{"embeddable":true,"href":"https:\/\/www.edder.org\/index.php?rest_route=\/wp\/v2\/users\/82"}],"replies":[{"embeddable":true,"href":"https:\/\/www.edder.org\/index.php?rest_route=%2Fwp%2Fv2%2Fcomments&post=4313"}],"version-history":[{"count":0,"href":"https:\/\/www.edder.org\/index.php?rest_route=\/wp\/v2\/posts\/4313\/revisions"}],"wp:attachment":[{"href":"https:\/\/www.edder.org\/index.php?rest_route=%2Fwp%2Fv2%2Fmedia&parent=4313"}],"wp:term":[{"taxonomy":"category","embeddable":true,"href":"https:\/\/www.edder.org\/index.php?rest_route=%2Fwp%2Fv2%2Fcategories&post=4313"},{"taxonomy":"post_tag","embeddable":true,"href":"https:\/\/www.edder.org\/index.php?rest_route=%2Fwp%2Fv2%2Ftags&post=4313"}],"curies":[{"name":"wp","href":"https:\/\/api.w.org\/{rel}","templated":true}]}}