{"id":430,"date":"2009-06-19T16:29:49","date_gmt":"2009-06-19T15:29:49","guid":{"rendered":"https:\/\/www.edder.org\/?p=430"},"modified":"2018-07-27T16:38:09","modified_gmt":"2018-07-27T14:38:09","slug":"algunas-preguntas-sobre-el-fuerte-de-san-cristobal","status":"publish","type":"post","link":"https:\/\/www.edder.org\/?p=430","title":{"rendered":"Algunas preguntas sobre el fuerte de San Crist\u00f3bal"},"content":{"rendered":"<p><img class=\"lazyload\" decoding=\"async\" src=\"data:image\/gif;base64,R0lGODlhAQABAAAAACH5BAEKAAEALAAAAAABAAEAAAICTAEAOw==\" data-orig-src=\"http:\/\/edder.org\/images\/fuerte.gif\" alt=\"fuerte\" \/><\/p>\n<p>La primera y m\u00e1s obvia de las preguntas es: \u00bfpero no fue el fuerte de San Crist\u00f3bal declarado en su d\u00eda \u201cbien de inter\u00e9s cultural con categor\u00eda de monumento\u201d? Si el fuerte es un monumento desde el 16 de noviembre de 2001, como declara el real decreto 1265\/2001 de esa misma fecha, es de suponer que el conjunto monumental estar\u00e1 amparado por las leyes de protecci\u00f3n del patrimonio que rigen tanto en el \u00e1mbito estatal como en el auton\u00f3mico. Si as\u00ed fuese, malamente el propietario del monumento \u2013que, a decir verdad, no s\u00e9 qui\u00e9n es: \u00bfel Ej\u00e9rcito, que hace obras en el monumento como quien reforma su vieja cocina?, \u00bfNavarra, cuyo Gobierno nunca ha mostrado mucho inter\u00e9s ni mayor prisa en hacerse cargo de ese bien de inter\u00e9s cultural?\u2013, malamente, digo, podr\u00eda meter la piqueta en el mismo sin los preceptivos informes y autorizaciones de, vuelvo a suponer, la Instituci\u00f3n Pr\u00edncipe de Viana. Pero entonces, \u00bfsolicit\u00f3 quienquiera que sea el due\u00f1o de ese bien de inter\u00e9s cultural con categor\u00eda monumental los permisos necesarios para reformar o borrar las partes del fuerte relacionadas con el uso del mismo como penal de castigo en \u00e9pocas republicana y de la guerra civil? En la hip\u00f3tesis por verificar de que dichos permisos fuesen solicitados, \u00bfautoriz\u00f3 la instituci\u00f3n encargada de velar por la conservaci\u00f3n del patrimonio hist\u00f3rico que el due\u00f1o del monumento reformase o destruyese la parte del mismo relacionada con la represi\u00f3n franquista? \u00bfDesconoc\u00eda quien no solicit\u00f3 los preceptivos permisos para hacer obras en el monumento, o quien los otorg\u00f3 pese a que no deb\u00eda haberlos concedido, los acuerdos tanto del Congreso de los Diputados como del Parlamento navarro por los que se insta a la recuperaci\u00f3n del fuerte, sin olvidar \u2013cito textualmente\u2013 el \u201chomenaje a todas las v\u00edctimas\u201d habidas en \u00e9l durante las \u00e9pocas que, al parecer, recientemente han sido borradas por la piqueta? \u00bfHasta qu\u00e9 punto ha quedado borrada la huella de una \u00e9poca? \u00bfD\u00f3nde se pregunta esto y qui\u00e9n responde de todo eso?<\/p>\n<p align=\"right\">Publicado en <a target=\"blank\" href=\"http:\/\/www.noticiasdenavarra.com\/ediciones\/2009\/06\/19\/opinion\/contra.php\">Diario de Noticias<\/a><img class=\"lazyload\" decoding=\"async\" align=\"right\" title=\"dn\" alt=\"dn\" src=\"data:image\/gif;base64,R0lGODlhAQABAAAAACH5BAEKAAEALAAAAAABAAEAAAICTAEAOw==\" data-orig-src=\"https:\/\/www.edder.org\/images\/dn.gif\" \/><\/p>\n","protected":false},"excerpt":{"rendered":"<p>La primera y m\u00e1s obvia de las preguntas es: \u00bfpero no fue el fuerte de San Crist\u00f3bal declarado en su d\u00eda \u201cbien de inter\u00e9s cultural con categor\u00eda de monumento\u201d? Si el fuerte es un monumento desde el 16 de noviembre de 2001, como declara el real decreto 1265\/2001 de esa misma fecha, es de suponer que el conjunto monumental estar\u00e1 amparado por las leyes de protecci\u00f3n del patrimonio que rigen tanto en el \u00e1mbito estatal como en el auton\u00f3mico. Si as\u00ed fuese, malamente el propietario del monumento \u2013que, a decir verdad, no s\u00e9 qui\u00e9n es: \u00bfel Ej\u00e9rcito, que hace obras en el monumento como quien reforma su vieja cocina?, \u00bfNavarra, cuyo Gobierno nunca ha mostrado mucho inter\u00e9s ni mayor prisa en hacerse cargo de ese bien de  [&#8230;]<\/p>\n","protected":false},"author":82,"featured_media":0,"comment_status":"open","ping_status":"open","sticky":false,"template":"","format":"standard","meta":{"jetpack_post_was_ever_published":false,"_jetpack_newsletter_access":"","_jetpack_dont_email_post_to_subs":false,"_jetpack_newsletter_tier_id":0,"_jetpack_memberships_contains_paywalled_content":false,"_jetpack_memberships_contains_paid_content":false,"footnotes":"","jetpack_publicize_message":"","jetpack_publicize_feature_enabled":true,"jetpack_social_post_already_shared":false,"jetpack_social_options":{"image_generator_settings":{"template":"highway","default_image_id":0,"font":"","enabled":false},"version":2}},"categories":[3],"tags":[],"class_list":["post-430","post","type-post","status-publish","format-standard","hentry","category-na"],"jetpack_publicize_connections":[],"jetpack_featured_media_url":"","jetpack_shortlink":"https:\/\/wp.me\/p6kHv-6W","jetpack_sharing_enabled":true,"jetpack-related-posts":[{"id":406,"url":"https:\/\/www.edder.org\/?p=406","url_meta":{"origin":430,"position":0},"title":"Gente de bien","author":"Eder","date":"viernes, 5 Jun, 2009","format":false,"excerpt":"Qu\u00e9 querr\u00eda decir el general que el otro d\u00eda dijo a la prensa que \u201cmi idea es facilitar que el ciudadano de bien\u201d que quiera visitar el fuerte de San Crist\u00f3bal pueda hacerlo. Qu\u00e9 querr\u00eda decir, digo, con la expresi\u00f3n \u201cciudadano de bien\u201d. Probablemente nada. Echar\u00eda mano del t\u00f3pico y\u2026","rel":"","context":"En \u00abNA\u00bb","block_context":{"text":"NA","link":"https:\/\/www.edder.org\/?cat=3"},"img":{"alt_text":"","src":"","width":0,"height":0},"classes":[]},{"id":12369,"url":"https:\/\/www.edder.org\/?p=12369","url_meta":{"origin":430,"position":1},"title":"Peligro: \u00a1sonrisa!","author":"Eder","date":"viernes, 27 May, 2005","format":false,"excerpt":"Peligro: la sonrisa liofilizada de la alcaldesa de Pamplona en lo alto del Monte San Crist\u00f3bal \u2013foto de prensa del pasado s\u00e1bado\u2013. Liofilizada, s\u00ed; como la Walt Disney, la de san Josemar\u00eda Escriv\u00e1 o la de los anuncios de Colgate Total. Liofilizaci\u00f3n: proceso por el que, tras extraer el agua\u2026","rel":"","context":"En \u00abSin categorizar\u00bb","block_context":{"text":"Sin categorizar","link":"https:\/\/www.edder.org\/?cat=1"},"img":{"alt_text":"","src":"","width":0,"height":0},"classes":[]},{"id":12436,"url":"https:\/\/www.edder.org\/?p=12436","url_meta":{"origin":430,"position":2},"title":"Sobre los Ca\u00eddos (Anselm Kiefer: otras rehabilitaciones)","author":"Eder","date":"lunes, 12 Oct, 2015","format":false,"excerpt":"Veo que hay quien ha tomado en consideraci\u00f3n alguno de los argumentos que expuse en mi art\u00edculo sobre el cambio de nombre de la plaza Conde de Rodezno y rompe el cerrado silencio pamplon\u00e9s\u00a0sobre ese asunto (\u00abNo perjudiquemos a los nuestros\u00bb, cuando los nuestros deben ser criticados m\u00e1s que los\u2026","rel":"","context":"En \u00abSin categorizar\u00bb","block_context":{"text":"Sin categorizar","link":"https:\/\/www.edder.org\/?cat=1"},"img":{"alt_text":"","src":"https:\/\/i0.wp.com\/edder.org\/images\/kiefer\/kiefer1.jpg?resize=350%2C200","width":350,"height":200,"srcset":"https:\/\/i0.wp.com\/edder.org\/images\/kiefer\/kiefer1.jpg?resize=350%2C200 1x, https:\/\/i0.wp.com\/edder.org\/images\/kiefer\/kiefer1.jpg?resize=525%2C300 1.5x"},"classes":[]},{"id":12373,"url":"https:\/\/www.edder.org\/?p=12373","url_meta":{"origin":430,"position":3},"title":"Derruir Los Ca\u00eddos","author":"Eder","date":"viernes, 29 Oct, 1999","format":false,"excerpt":"","rel":"","context":"En \u00abPostal expr\u00e9s\u00bb","block_context":{"text":"Postal expr\u00e9s","link":"https:\/\/www.edder.org\/?cat=485"},"img":{"alt_text":"","src":"","width":0,"height":0},"classes":[]},{"id":481,"url":"https:\/\/www.edder.org\/?p=481","url_meta":{"origin":430,"position":4},"title":"Los intocables","author":"Eder","date":"viernes, 25 Sep, 2009","format":false,"excerpt":"Aciertan los dos artistas que obtuvieron una de las becas del Centro Huarte de Arte Contempor\u00e1neo y que con su obra han tratado de indagar en los secretos del monumento a los Ca\u00eddos: probablemente ser\u00e1n censurados. Ser\u00e1n censurados, no porque su trabajo no vaya a verse aqu\u00ed, que se ver\u00e1,\u2026","rel":"","context":"En \u00abNA\u00bb","block_context":{"text":"NA","link":"https:\/\/www.edder.org\/?cat=3"},"img":{"alt_text":"","src":"","width":0,"height":0},"classes":[]},{"id":44,"url":"https:\/\/www.edder.org\/?p=44","url_meta":{"origin":430,"position":5},"title":"Gente de Roma","author":"Eder","date":"viernes, 24 Feb, 2006","format":false,"excerpt":"Me gustar\u00eda hablar de un peque\u00f1o documental de Ettore Scola, sobre gente corriente \u2013esa a la que suele llamarse \u00abinsignificante\u00bb\u2013 titulado Gente de Roma. Pero, bueno, hablar\u00e9 de la fugaz traves\u00eda romana de Miguel Sanz, menos interesante que otros paseos romanos, pero m\u00e1s \u00abnuestra\u00bb. \u00abEstoy con vosotros\u00bb, le dijo el\u2026","rel":"","context":"En \u00abNA\u00bb","block_context":{"text":"NA","link":"https:\/\/www.edder.org\/?cat=3"},"img":{"alt_text":"","src":"","width":0,"height":0},"classes":[]}],"jetpack_likes_enabled":true,"_links":{"self":[{"href":"https:\/\/www.edder.org\/index.php?rest_route=\/wp\/v2\/posts\/430","targetHints":{"allow":["GET"]}}],"collection":[{"href":"https:\/\/www.edder.org\/index.php?rest_route=\/wp\/v2\/posts"}],"about":[{"href":"https:\/\/www.edder.org\/index.php?rest_route=\/wp\/v2\/types\/post"}],"author":[{"embeddable":true,"href":"https:\/\/www.edder.org\/index.php?rest_route=\/wp\/v2\/users\/82"}],"replies":[{"embeddable":true,"href":"https:\/\/www.edder.org\/index.php?rest_route=%2Fwp%2Fv2%2Fcomments&post=430"}],"version-history":[{"count":0,"href":"https:\/\/www.edder.org\/index.php?rest_route=\/wp\/v2\/posts\/430\/revisions"}],"wp:attachment":[{"href":"https:\/\/www.edder.org\/index.php?rest_route=%2Fwp%2Fv2%2Fmedia&parent=430"}],"wp:term":[{"taxonomy":"category","embeddable":true,"href":"https:\/\/www.edder.org\/index.php?rest_route=%2Fwp%2Fv2%2Fcategories&post=430"},{"taxonomy":"post_tag","embeddable":true,"href":"https:\/\/www.edder.org\/index.php?rest_route=%2Fwp%2Fv2%2Ftags&post=430"}],"curies":[{"name":"wp","href":"https:\/\/api.w.org\/{rel}","templated":true}]}}