{"id":43,"date":"2006-02-17T21:25:05","date_gmt":"2006-02-17T19:25:05","guid":{"rendered":"https:\/\/www.edder.org\/?p=43"},"modified":"2018-07-27T16:38:43","modified_gmt":"2018-07-27T14:38:43","slug":"los-fastos-que-no-cesan","status":"publish","type":"post","link":"https:\/\/www.edder.org\/?p=43","title":{"rendered":"Los fastos que no cesan"},"content":{"rendered":"<p><img decoding=\"async\" alt=\"dn\" class=\"lazyload izquierda\" src=\"data:image\/gif;base64,R0lGODlhAQABAAAAACH5BAEKAAEALAAAAAABAAEAAAICTAEAOw==\" data-orig-src=\"https:\/\/www.edder.org\/images\/dn.gif\" \/>Brillante, s\u00ed. No me refiero a la genial idea de intentar traerse para aqu\u00ed, en pleno fervor sanferminero, al gran te\u00f3logo y \u2013antes que gran jefe de Estado\u2013 gran inquisidor Joseph Ratzinger. Me refiero a lo de ponerle a V\u00edctor Manuel Arbeloa al frente de una exposici\u00f3n de nada m\u00e1s que 3 millones de euros, con una partida de 60.000 euros en concepto de honorarios y dem\u00e1s menudencias. La idea es brillante, reconozc\u00e1moslo: mientras est\u00e9 entretenido en emplear fastuosamente los 500 millones de pesetas, ese poeta no caer\u00e1 en la tentaci\u00f3n de flagelarnos con el zurriago de sus rimas. 10 millones no son demasiados si, mientras los va cobrando, no ataca de nuevo con sus ripios. Ripios como aquellos, a la altura de los de <em>La venganza de don Mendo<\/em> \u2013s\u00f3lo que escritos en serio\u2013, que dec\u00edan: \u00abUn alav\u00e9s ya debiera \/ saber qu\u00e9 es y no es Navarra \/ viejo Reyno, noble fiera \/ que a quien le cite y le hiera \/sabe plantarle su garra\u00bb. Es de temer que por entonces el fiero vate navarro estuviera m\u00e1s cerca del severo comisariado pol\u00edtico que de la lucrativa organizaci\u00f3n de fastos millonarios. De ah\u00ed que escribiera lo que es de suponer que hoy no suscribir\u00eda: \u00abYa est\u00e1 la Diputaci\u00f3n \/ con su antiforal tabarra \/ ya est\u00e1n las notas de Ollarra\u00bb. Las tabarras de hoy son m\u00e1s o menos las de ayer; las furias del poeta son muy otras. En este Quinto Centenario que dar\u00e1 lugar a que nuestro vate sea el comisario de uno de esos sensacionales fastos con que celebramos el magno evento, se cumple el medio siglo de que, seg\u00fan cuentan las antiguas cr\u00f3nicas, un joven V\u00edctor Manuel Arbeloa \u2013a la saz\u00f3n joven seminarista\u2013, pronunciase ante monse\u00f1or Antoniutti un discurso alabado por el propio Nuncio de Su Santidad. Antoniutti hab\u00eda venido, claro, por lo de los magnos fastos mariano eucar\u00edsticos de entonces. \u00bfHabr\u00e1 copia \u2013el cielo no lo quiera\u2013 de aquel discurso? De haberla \u2013Dios nos asista\u2013, podr\u00eda ser le\u00eddo, hoy como ayer, si finalmente al jolgorio de los Sanfermines se suma la visita papal y nuevos fastos misioneros.<\/p>\n<p>Publicado en <a target=\"blank\" href=\"http:\/\/www.noticiasdenavarra.com\/ediciones\/2006\/02\/17\/opinion\/contra.php\">Diario de Noticias<\/a>.<\/p>\n","protected":false},"excerpt":{"rendered":"<p>Brillante, s\u00ed. No me refiero a la genial idea de intentar traerse para aqu\u00ed, en pleno fervor sanferminero, al gran te\u00f3logo y \u2013antes que gran jefe de Estado\u2013 gran inquisidor Joseph Ratzinger. Me refiero a lo de ponerle a V\u00edctor Manuel Arbeloa al frente de una exposici\u00f3n de nada m\u00e1s que 3 millones de euros, con una partida de 60.000 euros en concepto de honorarios y dem\u00e1s menudencias. La idea es brillante, reconozc\u00e1moslo: mientras est\u00e9 entretenido en emplear fastuosamente los 500 millones de pesetas, ese poeta no caer\u00e1 en la tentaci\u00f3n de flagelarnos con el zurriago de sus rimas. 10 millones no son demasiados si, mientras los va cobrando, no ataca de nuevo con sus ripios. Ripios como aquellos, a la altura de los de La venganza  [&#8230;]<\/p>\n","protected":false},"author":82,"featured_media":0,"comment_status":"open","ping_status":"open","sticky":false,"template":"","format":"standard","meta":{"jetpack_post_was_ever_published":false,"_jetpack_newsletter_access":"","_jetpack_dont_email_post_to_subs":false,"_jetpack_newsletter_tier_id":0,"_jetpack_memberships_contains_paywalled_content":false,"_jetpack_memberships_contains_paid_content":false,"footnotes":"","jetpack_publicize_message":"","jetpack_publicize_feature_enabled":true,"jetpack_social_post_already_shared":false,"jetpack_social_options":{"image_generator_settings":{"template":"highway","default_image_id":0,"font":"","enabled":false},"version":2}},"categories":[3],"tags":[],"class_list":["post-43","post","type-post","status-publish","format-standard","hentry","category-na"],"jetpack_publicize_connections":[],"jetpack_featured_media_url":"","jetpack_shortlink":"https:\/\/wp.me\/p6kHv-H","jetpack_sharing_enabled":true,"jetpack-related-posts":[{"id":45,"url":"https:\/\/www.edder.org\/?p=45","url_meta":{"origin":43,"position":0},"title":"Mitolog\u00eda: la arp\u00eda","author":"Eder","date":"viernes, 3 Mar, 2006","format":false,"excerpt":"","rel":"","context":"En \u00abNA\u00bb","block_context":{"text":"NA","link":"https:\/\/www.edder.org\/?cat=3"},"img":{"alt_text":"","src":"","width":0,"height":0},"classes":[]},{"id":12791,"url":"https:\/\/www.edder.org\/?p=12791","url_meta":{"origin":43,"position":1},"title":"El precariado: nuevos a\u00f1os triunfales","author":"Eder","date":"jueves, 3 Mar, 2016","format":false,"excerpt":"\u2022 Despu\u00e9s de Letonia, Espa\u00f1a es el pa\u00eds europeo que m\u00e1s desigualmente reparte sus rentas de trabajo. \u2022 Desde hace 30 a\u00f1os, Espa\u00f1a es el pa\u00eds del mundo con una m\u00e1s baja tasa de natalidad. \u2022 En \u00e9poca reciente, los salarios m\u00e1s bajos han descendido en Espa\u00f1a un 25 %,\u2026","rel":"","context":"En \u00abSin categorizar\u00bb","block_context":{"text":"Sin categorizar","link":"https:\/\/www.edder.org\/?cat=1"},"img":{"alt_text":"","src":"https:\/\/i0.wp.com\/www.edder.org\/upload\/2016\/03\/el-roto-problems.gif?resize=350%2C200&ssl=1","width":350,"height":200},"classes":[]},{"id":210,"url":"https:\/\/www.edder.org\/?p=210","url_meta":{"origin":43,"position":2},"title":"Lo que cuesta una imagen","author":"Eder","date":"viernes, 12 Dic, 2008","format":false,"excerpt":"Barcina: entre pitos y flautas \u2013entre tambores y trompetas\u2013, alrededor de dos millones de presupuesto municipal en eso que ahora se llama imagen y antes \u2013antes de Goebbels y Riefenstahl\u2013 se llamaba propaganda. No s\u00e9 por qu\u00e9 hay quien considera a Riefenstahl una gran maestra del cine. El cine es\u2026","rel":"","context":"En \u00abNA\u00bb","block_context":{"text":"NA","link":"https:\/\/www.edder.org\/?cat=3"},"img":{"alt_text":"","src":"","width":0,"height":0},"classes":[]},{"id":65,"url":"https:\/\/www.edder.org\/?p=65","url_meta":{"origin":43,"position":3},"title":"La propaganda del Reich (del Reich-no de Navarra)","author":"Eder","date":"viernes, 6 Oct, 2006","format":false,"excerpt":"","rel":"","context":"En \u00abNA\u00bb","block_context":{"text":"NA","link":"https:\/\/www.edder.org\/?cat=3"},"img":{"alt_text":"","src":"","width":0,"height":0},"classes":[]},{"id":500,"url":"https:\/\/www.edder.org\/?p=500","url_meta":{"origin":43,"position":4},"title":"Velocidad","author":"Eder","date":"viernes, 30 Oct, 2009","format":false,"excerpt":"A los que nos tira m\u00e1s el Moliner que otros diccionarios\u2026 Y hablando de esa gran se\u00f1ora que fue Mar\u00eda Moliner: en alguno de sus civivox, el Ayuntamiento de Pamplona viene homenajeando durante esta semana a Mar\u00eda del Socorro Tellado L\u00f3pez, infinitamente m\u00e1s conocida como Cor\u00edn Tellado \u2013la ingenua porn\u00f3grafa,\u2026","rel":"","context":"En \u00abNA\u00bb","block_context":{"text":"NA","link":"https:\/\/www.edder.org\/?cat=3"},"img":{"alt_text":"","src":"","width":0,"height":0},"classes":[]},{"id":136,"url":"https:\/\/www.edder.org\/?p=136","url_meta":{"origin":43,"position":5},"title":"Cosa navarrorum","author":"Eder","date":"viernes, 15 Feb, 2008","format":false,"excerpt":"Habr\u00e1 cosas que la C\u00e1mara de Comptos no nos puede decir. Tampoco el Parlamento. Ejemplo: \u00bfexist\u00eda alguna relaci\u00f3n de parentesco entre el comisario de la exposici\u00f3n Navarra, un futuro entre todos y la que fuera directora de la oficina del comisario? Que existiera o no tal relaci\u00f3n tiene un inter\u00e9s\u2026","rel":"","context":"En \u00abNA\u00bb","block_context":{"text":"NA","link":"https:\/\/www.edder.org\/?cat=3"},"img":{"alt_text":"","src":"","width":0,"height":0},"classes":[]}],"jetpack_likes_enabled":true,"_links":{"self":[{"href":"https:\/\/www.edder.org\/index.php?rest_route=\/wp\/v2\/posts\/43","targetHints":{"allow":["GET"]}}],"collection":[{"href":"https:\/\/www.edder.org\/index.php?rest_route=\/wp\/v2\/posts"}],"about":[{"href":"https:\/\/www.edder.org\/index.php?rest_route=\/wp\/v2\/types\/post"}],"author":[{"embeddable":true,"href":"https:\/\/www.edder.org\/index.php?rest_route=\/wp\/v2\/users\/82"}],"replies":[{"embeddable":true,"href":"https:\/\/www.edder.org\/index.php?rest_route=%2Fwp%2Fv2%2Fcomments&post=43"}],"version-history":[{"count":0,"href":"https:\/\/www.edder.org\/index.php?rest_route=\/wp\/v2\/posts\/43\/revisions"}],"wp:attachment":[{"href":"https:\/\/www.edder.org\/index.php?rest_route=%2Fwp%2Fv2%2Fmedia&parent=43"}],"wp:term":[{"taxonomy":"category","embeddable":true,"href":"https:\/\/www.edder.org\/index.php?rest_route=%2Fwp%2Fv2%2Fcategories&post=43"},{"taxonomy":"post_tag","embeddable":true,"href":"https:\/\/www.edder.org\/index.php?rest_route=%2Fwp%2Fv2%2Ftags&post=43"}],"curies":[{"name":"wp","href":"https:\/\/api.w.org\/{rel}","templated":true}]}}