{"id":4241,"date":"2015-03-03T20:03:26","date_gmt":"2015-03-03T19:03:26","guid":{"rendered":"https:\/\/www.edder.org\/?p=4241"},"modified":"2018-07-27T16:36:57","modified_gmt":"2018-07-27T14:36:57","slug":"comentarios-marginales-a-la-campana-de-upn","status":"publish","type":"post","link":"https:\/\/www.edder.org\/?p=4241","title":{"rendered":"Comentarios marginales a la campa\u00f1a de UPN"},"content":{"rendered":"<p style=\"text-align: center;\">Mis comentarios marginales&#8230;<\/p>\n<p style=\"text-align: center;\"><img decoding=\"async\" alt=\"\" class=\"lazyload aligncenter\" height=\"781\" src=\"data:image\/svg+xml,%3Csvg%20xmlns%3D%27http%3A%2F%2Fwww.w3.org%2F2000%2Fsvg%27%20width%3D%27567%27%20height%3D%27781%27%20viewBox%3D%270%200%20567%20781%27%3E%3Crect%20width%3D%27567%27%20height%3D%27781%27%20fill-opacity%3D%220%22%2F%3E%3C%2Fsvg%3E\" data-orig-src=\"http:\/\/edder.org\/images\/comentarios1.jpg\" width=\"567\" \/><\/p>\n<p style=\"text-align: center;\">&nbsp;<\/p>\n<p style=\"text-align: center;\">a la campa&ntilde;a de UPN:<\/p>\n<p><img decoding=\"async\" alt=\"\" class=\"lazyload aligncenter\" height=\"698\" src=\"data:image\/svg+xml,%3Csvg%20xmlns%3D%27http%3A%2F%2Fwww.w3.org%2F2000%2Fsvg%27%20width%3D%27567%27%20height%3D%27698%27%20viewBox%3D%270%200%20567%20698%27%3E%3Crect%20width%3D%27567%27%20height%3D%27698%27%20fill-opacity%3D%220%22%2F%3E%3C%2Fsvg%3E\" data-orig-src=\"http:\/\/edder.org\/images\/comentarios.jpg\" width=\"567\" \/><\/p>\n<p style=\"text-align: center;\">&nbsp;<\/p>\n<p style=\"text-align: center;\">&bull;<\/p>\n<p style=\"text-align: center;\">&nbsp;<\/p>\n<p style=\"text-align: center;\">La campa&ntilde;a de UPN:<\/p>\n<p><img decoding=\"async\" alt=\"\" class=\"lazyload aligncenter\" height=\"694\" src=\"data:image\/svg+xml,%3Csvg%20xmlns%3D%27http%3A%2F%2Fwww.w3.org%2F2000%2Fsvg%27%20width%3D%27567%27%20height%3D%27694%27%20viewBox%3D%270%200%20567%20694%27%3E%3Crect%20width%3D%27567%27%20height%3D%27694%27%20fill-opacity%3D%220%22%2F%3E%3C%2Fsvg%3E\" data-orig-src=\"http:\/\/edder.org\/images\/esparza_currante.jpg\" width=\"567\" \/><\/p>\n<p>&nbsp;<\/p>\n<p>&nbsp;<\/p>\n<p style=\"text-align: center;\">Mis comentarios marginales:<\/p>\n<p><img decoding=\"async\" alt=\"\" class=\"lazyload aligncenter\" height=\"880\" src=\"data:image\/svg+xml,%3Csvg%20xmlns%3D%27http%3A%2F%2Fwww.w3.org%2F2000%2Fsvg%27%20width%3D%27637%27%20height%3D%27880%27%20viewBox%3D%270%200%20637%20880%27%3E%3Crect%20width%3D%27637%27%20height%3D%27880%27%20fill-opacity%3D%220%22%2F%3E%3C%2Fsvg%3E\" data-orig-src=\"http:\/\/edder.org\/images\/esparza_currante2.png\" width=\"637\" \/><\/p>\n<p>&nbsp;<\/p>\n<p style=\"text-align: center;\">&bull;<\/p>\n<p>&nbsp;<\/p>\n<p>&laquo;Se vogliamo che tutto rimanga come &egrave;, bisogna che tutto cambi&raquo;.<\/p>\n<p style=\"text-align: center;\"><img decoding=\"async\" alt=\"\" class=\"lazyload aligncenter\" height=\"842\" src=\"data:image\/svg+xml,%3Csvg%20xmlns%3D%27http%3A%2F%2Fwww.w3.org%2F2000%2Fsvg%27%20width%3D%27595%27%20height%3D%27842%27%20viewBox%3D%270%200%20595%20842%27%3E%3Crect%20width%3D%27595%27%20height%3D%27842%27%20fill-opacity%3D%220%22%2F%3E%3C%2Fsvg%3E\" data-orig-src=\"http:\/\/edder.org\/images\/esparza4.jpg\" width=\"595\" \/><\/p>\n<p><img decoding=\"async\" alt=\"\" class=\"lazyload aligncenter\" height=\"87\" src=\"data:image\/svg+xml,%3Csvg%20xmlns%3D%27http%3A%2F%2Fwww.w3.org%2F2000%2Fsvg%27%20width%3D%27595%27%20height%3D%2787%27%20viewBox%3D%270%200%20595%2087%27%3E%3Crect%20width%3D%27595%27%20height%3D%2787%27%20fill-opacity%3D%220%22%2F%3E%3C%2Fsvg%3E\" data-orig-src=\"http:\/\/edder.org\/images\/lampedusa.jpeg\" width=\"595\" \/><\/p>\n","protected":false},"excerpt":{"rendered":"<p>Mis comentarios marginales&#8230; &nbsp; a la campa&ntilde;a de UPN: &nbsp; &bull; &nbsp; La campa&ntilde;a de UPN: &nbsp; &nbsp; Mis comentarios marginales: &nbsp; &bull; &nbsp; &laquo;Se vogliamo che tutto rimanga come &egrave;, bisogna che tutto cambi&raquo;.<\/p>\n","protected":false},"author":82,"featured_media":4594,"comment_status":"open","ping_status":"closed","sticky":false,"template":"","format":"standard","meta":{"jetpack_post_was_ever_published":false,"_jetpack_newsletter_access":"","_jetpack_dont_email_post_to_subs":false,"_jetpack_newsletter_tier_id":0,"_jetpack_memberships_contains_paywalled_content":false,"_jetpack_memberships_contains_paid_content":false,"footnotes":"","jetpack_publicize_message":"","jetpack_publicize_feature_enabled":true,"jetpack_social_post_already_shared":false,"jetpack_social_options":{"image_generator_settings":{"template":"highway","default_image_id":0,"font":"","enabled":false},"version":2}},"categories":[3],"tags":[],"class_list":["post-4241","post","type-post","status-publish","format-standard","has-post-thumbnail","hentry","category-na"],"jetpack_publicize_connections":[],"jetpack_featured_media_url":"https:\/\/www.edder.org\/upload\/2015\/03\/comentarios1.jpg","jetpack_shortlink":"https:\/\/wp.me\/p6kHv-16p","jetpack_sharing_enabled":true,"jetpack-related-posts":[{"id":38,"url":"https:\/\/www.edder.org\/?p=38","url_meta":{"origin":4241,"position":0},"title":"Y el Servicio, \u00bfc\u00f3mo est\u00e1?","author":"Eder","date":"viernes, 20 Ene, 2006","format":false,"excerpt":"","rel":"","context":"En \u00abNA\u00bb","block_context":{"text":"NA","link":"https:\/\/www.edder.org\/?cat=3"},"img":{"alt_text":"","src":"","width":0,"height":0},"classes":[]},{"id":31,"url":"https:\/\/www.edder.org\/?p=31","url_meta":{"origin":4241,"position":1},"title":"Feliz navidad, don Ricardo","author":"Eder","date":"viernes, 16 Dic, 2005","format":false,"excerpt":"Feliz navidad, don Ricardo, por descontado que de Le\u00f3n. Feliz navidad, sin m\u00e1s. Lo de una muy pr\u00f3spera jubilaci\u00f3n en el a\u00f1o nuevo, a don Ricardo ya se lo resolvi\u00f3 UPN este verano. Eso qued\u00f3 resuelto tras su relevo en la \u00ednsula navarra de Madrid, con un retiro a la\u2026","rel":"","context":"En \u00abNA\u00bb","block_context":{"text":"NA","link":"https:\/\/www.edder.org\/?cat=3"},"img":{"alt_text":"","src":"","width":0,"height":0},"classes":[]},{"id":94,"url":"https:\/\/www.edder.org\/?p=94","url_meta":{"origin":4241,"position":2},"title":"Apasionados por t\u00ed y por ty","author":"Eder","date":"viernes, 6 Abr, 2007","format":false,"excerpt":"S\u00ed, lo s\u00e9: por mucho que ???s\u00ed??? o ???m\u00ed??? deban llevar tilde a menudo, no hay ninguna raz\u00f3n gramatical para ponerla sobre la i de ti ???y menos para escribir ty???. Pero el coraz\u00f3n conoce razones que la ortograf\u00eda no entiende y hay tis tan apasionados que c\u00f3mo no remarcarlos\u2026","rel":"","context":"En \u00abNA\u00bb","block_context":{"text":"NA","link":"https:\/\/www.edder.org\/?cat=3"},"img":{"alt_text":"","src":"","width":0,"height":0},"classes":[]},{"id":123,"url":"https:\/\/www.edder.org\/?p=123","url_meta":{"origin":4241,"position":3},"title":"As\u00ed es la vida","author":"Eder","date":"viernes, 21 Dic, 2007","format":false,"excerpt":"La vida es as\u00ed, o lo que es mismo, as\u00ed es la vida. Tan f\u00fanebre frase, adecuada para cuando ya no hay vida, la pronunci\u00f3 en el Congreso el presidente Zapatero: los socialistas sostienen en Navarra el gobierno de UPN \u2013que acaba de renovar su pacto con el PP, por\u2026","rel":"","context":"En \u00abNA\u00bb","block_context":{"text":"NA","link":"https:\/\/www.edder.org\/?cat=3"},"img":{"alt_text":"","src":"","width":0,"height":0},"classes":[]},{"id":4509,"url":"https:\/\/www.edder.org\/?p=4509","url_meta":{"origin":4241,"position":4},"title":"Navarr\u00edsimo: Reyno de Navarra Arena","author":"Eder","date":"mi\u00e9rcoles, 22 Abr, 2015","format":false,"excerpt":"\u00a0 Lo que UPN se atrevi\u00f3 a construir, pero no a inaugurar:","rel":"","context":"En \u00abNA\u00bb","block_context":{"text":"NA","link":"https:\/\/www.edder.org\/?cat=3"},"img":{"alt_text":"","src":"https:\/\/i0.wp.com\/www.edder.org\/upload\/2015\/04\/navarrisimo-1.jpg?resize=350%2C200&ssl=1","width":350,"height":200},"classes":[]},{"id":11674,"url":"https:\/\/www.edder.org\/?p=11674","url_meta":{"origin":4241,"position":5},"title":"Ideas navarr\u00edsimas: tortilla verdosa","author":"Eder","date":"domingo, 17 May, 2015","format":false,"excerpt":"Ideas navarr\u00edsimas: como la tortilla verdosa que se sirvi\u00f3 en los hospitales de Navarra tras la privatizaci\u00f3n de las cocinas de los mismos por parte de UPN.","rel":"","context":"En \u00abNA\u00bb","block_context":{"text":"NA","link":"https:\/\/www.edder.org\/?cat=3"},"img":{"alt_text":"","src":"https:\/\/i0.wp.com\/www.edder.org\/upload\/2015\/05\/mini2.jpg?resize=350%2C200&ssl=1","width":350,"height":200},"classes":[]}],"jetpack_likes_enabled":true,"_links":{"self":[{"href":"https:\/\/www.edder.org\/index.php?rest_route=\/wp\/v2\/posts\/4241","targetHints":{"allow":["GET"]}}],"collection":[{"href":"https:\/\/www.edder.org\/index.php?rest_route=\/wp\/v2\/posts"}],"about":[{"href":"https:\/\/www.edder.org\/index.php?rest_route=\/wp\/v2\/types\/post"}],"author":[{"embeddable":true,"href":"https:\/\/www.edder.org\/index.php?rest_route=\/wp\/v2\/users\/82"}],"replies":[{"embeddable":true,"href":"https:\/\/www.edder.org\/index.php?rest_route=%2Fwp%2Fv2%2Fcomments&post=4241"}],"version-history":[{"count":0,"href":"https:\/\/www.edder.org\/index.php?rest_route=\/wp\/v2\/posts\/4241\/revisions"}],"wp:featuredmedia":[{"embeddable":true,"href":"https:\/\/www.edder.org\/index.php?rest_route=\/wp\/v2\/media\/4594"}],"wp:attachment":[{"href":"https:\/\/www.edder.org\/index.php?rest_route=%2Fwp%2Fv2%2Fmedia&parent=4241"}],"wp:term":[{"taxonomy":"category","embeddable":true,"href":"https:\/\/www.edder.org\/index.php?rest_route=%2Fwp%2Fv2%2Fcategories&post=4241"},{"taxonomy":"post_tag","embeddable":true,"href":"https:\/\/www.edder.org\/index.php?rest_route=%2Fwp%2Fv2%2Ftags&post=4241"}],"curies":[{"name":"wp","href":"https:\/\/api.w.org\/{rel}","templated":true}]}}