{"id":424,"date":"2009-06-01T11:29:23","date_gmt":"2009-06-01T10:29:23","guid":{"rendered":"https:\/\/www.edder.org\/?p=424"},"modified":"2009-06-12T15:04:43","modified_gmt":"2009-06-12T14:04:43","slug":"une-autre-journee-de-campagne","status":"publish","type":"post","link":"https:\/\/www.edder.org\/?p=424","title":{"rendered":"Une (autre) partie de campagne"},"content":{"rendered":"<div class=\"video-shortcode\"><iframe title=\"Une (autre) journ\u00e9e de campagne\" width=\"1200\" height=\"900\" src=\"https:\/\/www.youtube.com\/embed\/hY0DCue_RX0?feature=oembed\" frameborder=\"0\" allow=\"accelerometer; autoplay; clipboard-write; encrypted-media; gyroscope; picture-in-picture; web-share\" allowfullscreen><\/iframe><\/div>\n","protected":false},"excerpt":{"rendered":"","protected":false},"author":82,"featured_media":0,"comment_status":"open","ping_status":"open","sticky":false,"template":"","format":"standard","meta":{"jetpack_post_was_ever_published":false,"_jetpack_newsletter_access":"","_jetpack_dont_email_post_to_subs":false,"_jetpack_newsletter_tier_id":0,"_jetpack_memberships_contains_paywalled_content":false,"_jetpack_memberships_contains_paid_content":false,"footnotes":"","jetpack_publicize_message":"","jetpack_publicize_feature_enabled":true,"jetpack_social_post_already_shared":false,"jetpack_social_options":{"image_generator_settings":{"template":"highway","default_image_id":0,"font":"","enabled":false},"version":2}},"categories":[7],"tags":[],"class_list":["post-424","post","type-post","status-publish","format-standard","hentry","category-video"],"jetpack_publicize_connections":[],"jetpack_featured_media_url":"","jetpack_shortlink":"https:\/\/wp.me\/p6kHv-6Q","jetpack_sharing_enabled":true,"jetpack-related-posts":[{"id":3726,"url":"https:\/\/www.edder.org\/?p=3726","url_meta":{"origin":424,"position":0},"title":"YouTube is fantastic","author":"Eder","date":"domingo, 27 Jul, 2014","format":false,"excerpt":"I love YouTube:","rel":"","context":"En \u00abCine\u00bb","block_context":{"text":"Cine","link":"https:\/\/www.edder.org\/?cat=79"},"img":{"alt_text":"","src":"https:\/\/i0.wp.com\/www.edder.org\/upload\/2014\/07\/vlcsnap-2015-08-16-11h14m52s47.png?resize=350%2C200&ssl=1","width":350,"height":200},"classes":[]},{"id":1364,"url":"https:\/\/www.edder.org\/?p=1364","url_meta":{"origin":424,"position":1},"title":"Le Havre","author":"Eder","date":"s\u00e1bado, 12 Feb, 2011","format":false,"excerpt":"Niebla en la cabeza camino a Le Havre\u2026 \u00a0 Y lo que es peor, humo en la cabeza camino de Le Havre:","rel":"","context":"En \u00abV\u00eddeo\u00bb","block_context":{"text":"V\u00eddeo","link":"https:\/\/www.edder.org\/?cat=7"},"img":{"alt_text":"","src":"","width":0,"height":0},"classes":[]},{"id":1067,"url":"https:\/\/www.edder.org\/?p=1067","url_meta":{"origin":424,"position":2},"title":"Parlez-vous fran\u00e7ais ?","author":"Eder","date":"s\u00e1bado, 12 Mar, 2011","format":false,"excerpt":"Y otro m\u00e1s:","rel":"","context":"En \u00abCine\u00bb","block_context":{"text":"Cine","link":"https:\/\/www.edder.org\/?cat=79"},"img":{"alt_text":"","src":"","width":0,"height":0},"classes":[]},{"id":1377,"url":"https:\/\/www.edder.org\/?p=1377","url_meta":{"origin":424,"position":3},"title":"Marcel Oph\u00fcls: camino de Somport","author":"Eder","date":"martes, 1 Feb, 2011","format":false,"excerpt":"","rel":"","context":"En \u00abV\u00eddeo\u00bb","block_context":{"text":"V\u00eddeo","link":"https:\/\/www.edder.org\/?cat=7"},"img":{"alt_text":"","src":"","width":0,"height":0},"classes":[]},{"id":1225,"url":"https:\/\/www.edder.org\/?p=1225","url_meta":{"origin":424,"position":4},"title":"Ceremonia del adi\u00f3s","author":"Eder","date":"viernes, 10 Dic, 2010","format":false,"excerpt":"De El espejo, una pel\u00edcula de Andrei Tarkovski:","rel":"","context":"En \u00abCine\u00bb","block_context":{"text":"Cine","link":"https:\/\/www.edder.org\/?cat=79"},"img":{"alt_text":"","src":"","width":0,"height":0},"classes":[]},{"id":3010,"url":"https:\/\/www.edder.org\/?p=3010","url_meta":{"origin":424,"position":5},"title":"Hijo de la villa de Par\u00eds","author":"Eder","date":"domingo, 31 Mar, 2013","format":false,"excerpt":"","rel":"","context":"En \u00abLetras\u00bb","block_context":{"text":"Letras","link":"https:\/\/www.edder.org\/?cat=93"},"img":{"alt_text":"","src":"https:\/\/i0.wp.com\/edder.org\/images\/murphy_marty.jpg?resize=350%2C200","width":350,"height":200},"classes":[]}],"jetpack_likes_enabled":true,"_links":{"self":[{"href":"https:\/\/www.edder.org\/index.php?rest_route=\/wp\/v2\/posts\/424","targetHints":{"allow":["GET"]}}],"collection":[{"href":"https:\/\/www.edder.org\/index.php?rest_route=\/wp\/v2\/posts"}],"about":[{"href":"https:\/\/www.edder.org\/index.php?rest_route=\/wp\/v2\/types\/post"}],"author":[{"embeddable":true,"href":"https:\/\/www.edder.org\/index.php?rest_route=\/wp\/v2\/users\/82"}],"replies":[{"embeddable":true,"href":"https:\/\/www.edder.org\/index.php?rest_route=%2Fwp%2Fv2%2Fcomments&post=424"}],"version-history":[{"count":0,"href":"https:\/\/www.edder.org\/index.php?rest_route=\/wp\/v2\/posts\/424\/revisions"}],"wp:attachment":[{"href":"https:\/\/www.edder.org\/index.php?rest_route=%2Fwp%2Fv2%2Fmedia&parent=424"}],"wp:term":[{"taxonomy":"category","embeddable":true,"href":"https:\/\/www.edder.org\/index.php?rest_route=%2Fwp%2Fv2%2Fcategories&post=424"},{"taxonomy":"post_tag","embeddable":true,"href":"https:\/\/www.edder.org\/index.php?rest_route=%2Fwp%2Fv2%2Ftags&post=424"}],"curies":[{"name":"wp","href":"https:\/\/api.w.org\/{rel}","templated":true}]}}