{"id":42,"date":"2006-02-10T19:20:26","date_gmt":"2006-02-10T17:20:26","guid":{"rendered":"https:\/\/www.edder.org\/?p=42"},"modified":"2018-07-27T16:38:43","modified_gmt":"2018-07-27T14:38:43","slug":"mahoma-y-la-virgen-de-ujue","status":"publish","type":"post","link":"https:\/\/www.edder.org\/?p=42","title":{"rendered":"Mahoma y la Virgen de Uju\u00e9"},"content":{"rendered":"<p><img decoding=\"async\" alt=\"dn\" class=\"lazyload izquierda\" src=\"data:image\/gif;base64,R0lGODlhAQABAAAAACH5BAEKAAEALAAAAAABAAEAAAICTAEAOw==\" data-orig-src=\"https:\/\/www.edder.org\/images\/dn.gif\" \/><\/p>\n<p>El escritor falcesino Jos&eacute; Mar&iacute;a Aguirre Alcalde &ndash;tan buen escritor que no creo que figure en ninguna historia de la literatura navarra del siglo XX&ndash; pod&iacute;a apuntarse a un bombardeo. De hecho, como Melville o Lowry, lleg&oacute; a enrollarse en un pesquero. El de Falces pod&iacute;a enrollarse en un pesquero, en un bombardeo o, lo que a buen seguro ser&aacute; una experiencia m&aacute;s inici&aacute;tica, en la romer&iacute;a de la Virgen de Uju&eacute;. Su cr&oacute;nica de la romer&iacute;a de 1975 es un ejemplo de c&oacute;mo el humor bien entendido empieza por donde la caridad cristiana. &laquo;&iexcl;Viva la Virgen de Uju&eacute;!&raquo;, claman henchidos de fervor unos romeros que, seg&uacute;n la jota compuesta para la ocasi&oacute;n, &laquo;son los hijos de Navarra, y por Dios siempre ser&aacute;n, soldados de Jesucristo, su caudillo y capit&aacute;n&raquo;. El mismo fervor, pensaba el cronista ribero, que se le echar&iacute;a al m&aacute;s sentido &iexcl;viva la rep&uacute;blica! En este a&ntilde;o jubilar del Quinto Centenario, no estar&aacute; de m&aacute;s recordar lo que nos recordaba aquella cr&oacute;nica: que el milenario del hallazgo de la Virgen de Uju&eacute; se lo invent&oacute; el p&aacute;rroco de Beire y que de aquellos polvos vinieron &laquo;los jolgorios marianoeucar&iacute;sticos&raquo; del 46 y del 52, en los que las masas regionalcat&oacute;licas contemplaron las santas reliquias del de Javier. Las mismas &ndash;o lo que de ellas quede&ndash; que en este 2006 nos visitar&aacute;n. &iquest;Hablamos de Mahoma, que est&aacute; de actualidad? C&oacute;mo no acordarse del buen humor de Aguirre Alcalde. C&oacute;mo no estar de acuerdo con el argelino Omar Benderra cuando dice: &laquo;Dist&aacute;nciense un poco de s&iacute; mismos, no sumen sus voces al concierto paranoico por la defensa de una libertad de expresi&oacute;n que tampoco les vendr&iacute;a mal aplicarse m&aacute;s a menudo&raquo;. La verdad es que, por poner un caso, no es previsible que el humorismo gr&aacute;fico sobre las romer&iacute;as y reliquias de este a&ntilde;o jubilar sea abundante y prol&iacute;fico. No en la tierra de josemariaaguirrealcalde &ndash;como firm&oacute; alguna vez&ndash;, donde la historiograf&iacute;a literaria &ndash;por no hablar de otras historias&ndash; la hacen los fervientes devotos de San Josemar&iacute;a. Conque &iexcl;viva la Virgen de Uju&eacute;, viva la rep&uacute;blica!<\/p>\n<p>Publicado en <a href=\"http:\/\/www.noticiasdenavarra.com\/ediciones\/2006\/02\/10\/opinion\/contra.php\" target=\"blank\">Diario de Noticias<\/a>.<\/p>\n","protected":false},"excerpt":{"rendered":"<p>El escritor falcesino Jos&eacute; Mar&iacute;a Aguirre Alcalde &ndash;tan buen escritor que no creo que figure en ninguna historia de la literatura navarra del siglo XX&ndash; pod&iacute;a apuntarse a un bombardeo. De hecho, como Melville o Lowry, lleg&oacute; a enrollarse en un pesquero. El de Falces pod&iacute;a enrollarse en un pesquero, en un bombardeo o, lo que a buen seguro ser&aacute; una experiencia m&aacute;s inici&aacute;tica, en la romer&iacute;a de la Virgen de Uju&eacute;. Su cr&oacute;nica de la romer&iacute;a de 1975 es un ejemplo de c&oacute;mo el humor bien entendido empieza por donde la caridad cristiana. &laquo;&iexcl;Viva la Virgen de Uju&eacute;!&raquo;, claman henchidos de fervor unos romeros que, seg&uacute;n la jota compuesta para la ocasi&oacute;n, &laquo;son los hijos de Navarra, y por Dios siempre ser&aacute;n, soldados de Jesucristo, su  [&#8230;]<\/p>\n","protected":false},"author":82,"featured_media":0,"comment_status":"open","ping_status":"open","sticky":false,"template":"","format":"standard","meta":{"jetpack_post_was_ever_published":false,"_jetpack_newsletter_access":"","_jetpack_dont_email_post_to_subs":false,"_jetpack_newsletter_tier_id":0,"_jetpack_memberships_contains_paywalled_content":false,"_jetpack_memberships_contains_paid_content":false,"footnotes":"","jetpack_publicize_message":"","jetpack_publicize_feature_enabled":true,"jetpack_social_post_already_shared":false,"jetpack_social_options":{"image_generator_settings":{"template":"highway","default_image_id":0,"font":"","enabled":false},"version":2}},"categories":[3],"tags":[],"class_list":["post-42","post","type-post","status-publish","format-standard","hentry","category-na"],"jetpack_publicize_connections":[],"jetpack_featured_media_url":"","jetpack_shortlink":"https:\/\/wp.me\/p6kHv-G","jetpack_sharing_enabled":true,"jetpack-related-posts":[{"id":73,"url":"https:\/\/www.edder.org\/?p=73","url_meta":{"origin":42,"position":0},"title":"Hemeroteca","author":"Eder","date":"viernes, 1 Dic, 2006","format":false,"excerpt":"El v\u00eddeo de la semana \u2013\u00e9se en el que, entre otros, ha triunfado Miguel Sanz\u2013, como idea, no es que me parezca mal. Me parece que estar\u00eda mejor ver todas las semanas un v\u00eddeo de la semana. Echo de menos en la prensa la p\u00e1gina del dec\u00edamos ayer. No la\u2026","rel":"","context":"En \u00abNA\u00bb","block_context":{"text":"NA","link":"https:\/\/www.edder.org\/?cat=3"},"img":{"alt_text":"","src":"","width":0,"height":0},"classes":[]},{"id":476,"url":"https:\/\/www.edder.org\/?p=476","url_meta":{"origin":42,"position":1},"title":"Devoci\u00f3n","author":"Eder","date":"viernes, 11 Sep, 2009","format":false,"excerpt":"Que el consejero Corpas ande repicando para que la prensa acuda al galope a hacerle fotos junto a un tal Olivier van der Zee \u2013cineasta que quiz\u00e1 se convierta con el tiempo en el nuevo Johan van der Keuken del documentalismo holand\u00e9s, aunque de su talento hay por ahora escasas\u2026","rel":"","context":"En \u00abNA\u00bb","block_context":{"text":"NA","link":"https:\/\/www.edder.org\/?cat=3"},"img":{"alt_text":"","src":"https:\/\/i0.wp.com\/www.edder.org\/upload\/2009\/09\/Sin-ti%CC%81tulo-1.gif?resize=350%2C200&ssl=1","width":350,"height":200},"classes":[]},{"id":94,"url":"https:\/\/www.edder.org\/?p=94","url_meta":{"origin":42,"position":2},"title":"Apasionados por t\u00ed y por ty","author":"Eder","date":"viernes, 6 Abr, 2007","format":false,"excerpt":"S\u00ed, lo s\u00e9: por mucho que ???s\u00ed??? o ???m\u00ed??? deban llevar tilde a menudo, no hay ninguna raz\u00f3n gramatical para ponerla sobre la i de ti ???y menos para escribir ty???. Pero el coraz\u00f3n conoce razones que la ortograf\u00eda no entiende y hay tis tan apasionados que c\u00f3mo no remarcarlos\u2026","rel":"","context":"En \u00abNA\u00bb","block_context":{"text":"NA","link":"https:\/\/www.edder.org\/?cat=3"},"img":{"alt_text":"","src":"","width":0,"height":0},"classes":[]},{"id":41942,"url":"https:\/\/www.edder.org\/?p=41942","url_meta":{"origin":42,"position":3},"title":"La Virgen de agosto, escalera hacia el cielo, o de la mucha utilidad de los libros voluminosos","author":"Eder","date":"martes, 15 Ago, 2023","format":false,"excerpt":"","rel":"","context":"En \u00abCine\u00bb","block_context":{"text":"Cine","link":"https:\/\/www.edder.org\/?cat=79"},"img":{"alt_text":"","src":"https:\/\/i0.wp.com\/www.edder.org\/upload\/2023\/08\/lamarr.jpeg?resize=350%2C200&ssl=1","width":350,"height":200,"srcset":"https:\/\/i0.wp.com\/www.edder.org\/upload\/2023\/08\/lamarr.jpeg?resize=350%2C200&ssl=1 1x, https:\/\/i0.wp.com\/www.edder.org\/upload\/2023\/08\/lamarr.jpeg?resize=525%2C300&ssl=1 1.5x, https:\/\/i0.wp.com\/www.edder.org\/upload\/2023\/08\/lamarr.jpeg?resize=700%2C400&ssl=1 2x, https:\/\/i0.wp.com\/www.edder.org\/upload\/2023\/08\/lamarr.jpeg?resize=1050%2C600&ssl=1 3x, https:\/\/i0.wp.com\/www.edder.org\/upload\/2023\/08\/lamarr.jpeg?resize=1400%2C800&ssl=1 4x"},"classes":[]},{"id":64,"url":"https:\/\/www.edder.org\/?p=64","url_meta":{"origin":42,"position":4},"title":"Alcanfor de Espa\u00f1a","author":"Eder","date":"viernes, 29 Sep, 2006","format":false,"excerpt":"Lo dijo Pem\u00e1n. Lo dijo aquel escritor de quinta que seg\u00fan sus propios admiradores bordaba filigranas de primera en la tercera del ABC. Lo dijo aquel profesional del senequismo tabernario por los a\u00f1os triunfales del nacionalcatolicismo, all\u00e1 por la segunda venida del Divino impaciente. Entonces fue cuando Pem\u00e1n dijo lo\u2026","rel":"","context":"En \u00abNA\u00bb","block_context":{"text":"NA","link":"https:\/\/www.edder.org\/?cat=3"},"img":{"alt_text":"","src":"","width":0,"height":0},"classes":[]},{"id":78,"url":"https:\/\/www.edder.org\/?p=78","url_meta":{"origin":42,"position":5},"title":"Navarra fue la primera","author":"Eder","date":"viernes, 5 Ene, 2007","format":false,"excerpt":"Le\u00ed con des\u00e1nimo la nota de prensa por la que El PSN-PSOE rechazaba \u00abcon toda rotundidad la distribuci\u00f3n de un calendario de bolsillo de orientaci\u00f3n claramente fascista\u00bb. En \u00e9l, dec\u00eda la nota, \u00abse reproduce un dibujo relativo a los tercios de requet\u00e9s, con la siguiente frase: \u00abNavarra fue la primera,\u2026","rel":"","context":"En \u00abNA\u00bb","block_context":{"text":"NA","link":"https:\/\/www.edder.org\/?cat=3"},"img":{"alt_text":"","src":"","width":0,"height":0},"classes":[]}],"jetpack_likes_enabled":true,"_links":{"self":[{"href":"https:\/\/www.edder.org\/index.php?rest_route=\/wp\/v2\/posts\/42","targetHints":{"allow":["GET"]}}],"collection":[{"href":"https:\/\/www.edder.org\/index.php?rest_route=\/wp\/v2\/posts"}],"about":[{"href":"https:\/\/www.edder.org\/index.php?rest_route=\/wp\/v2\/types\/post"}],"author":[{"embeddable":true,"href":"https:\/\/www.edder.org\/index.php?rest_route=\/wp\/v2\/users\/82"}],"replies":[{"embeddable":true,"href":"https:\/\/www.edder.org\/index.php?rest_route=%2Fwp%2Fv2%2Fcomments&post=42"}],"version-history":[{"count":0,"href":"https:\/\/www.edder.org\/index.php?rest_route=\/wp\/v2\/posts\/42\/revisions"}],"wp:attachment":[{"href":"https:\/\/www.edder.org\/index.php?rest_route=%2Fwp%2Fv2%2Fmedia&parent=42"}],"wp:term":[{"taxonomy":"category","embeddable":true,"href":"https:\/\/www.edder.org\/index.php?rest_route=%2Fwp%2Fv2%2Fcategories&post=42"},{"taxonomy":"post_tag","embeddable":true,"href":"https:\/\/www.edder.org\/index.php?rest_route=%2Fwp%2Fv2%2Ftags&post=42"}],"curies":[{"name":"wp","href":"https:\/\/api.w.org\/{rel}","templated":true}]}}