{"id":41,"date":"2006-02-03T19:10:11","date_gmt":"2006-02-03T17:10:11","guid":{"rendered":"https:\/\/www.edder.org\/?p=41"},"modified":"2019-04-24T12:57:04","modified_gmt":"2019-04-24T10:57:04","slug":"la-ruta-del-tempranillo","status":"publish","type":"post","link":"https:\/\/www.edder.org\/?p=41","title":{"rendered":"La Ruta del Tempranillo"},"content":{"rendered":"<p>Se desconoce a la hora de escribir esta cr&oacute;nica si, a su paso por la &uacute;ltima edici&oacute;n de la Feria Internacional del Turismo (FITUR), don Miguel Sanz pudo deshacerse del par de apergaminados comparsas que le flanqueaban &ndash;respectivamente en el papel de Sancho el Mayor y Francisco de Javier&ndash;, para darse un garbeo por los stands de otros milenarios <em>reynos<\/em>. Como por ejemplo el stand del antiqu&iacute;simo Califato &ndash;ya que no <em>Reyno&ndash;<\/em> de C&oacute;rdoba. Aunque antiqu&iacute;simo, el Califato presentaba en FITUR una propuesta tur&iacute;stica &ndash;por decirlo en la jerga al uso&ndash; tan atractiva y moderna como la Ruta del Tempranillo. En efecto, Jos&eacute; Mar&iacute;a Hinojosa Cobacho, alias <em>el Tempranillo<\/em> &ndash;as&iacute; llamado por su temprana destreza en el uso de la faca y el trabuco&ndash;, no s&oacute;lo es un personaje celebrado por la arrebatada pluma de los M&eacute;rim&eacute;e y compa&ntilde;&iacute;a, sino a la altura de los mitos del s&eacute;ptimo arte, el arte del siglo XX. Empez&oacute; &ndash;y acab&oacute;&ndash; como Billy <em>el Ni&ntilde;o<\/em>. Por el camino, dicen que actu&oacute; como Robin Hood. Su ruta tur&iacute;stica est&aacute; hoy jalonada por hitos tan se&ntilde;eros como el Centro de Interpretaci&oacute;n del Bandolerismo Rom&aacute;ntico de Jauja, localidad en la que se cri&oacute; y vivi&oacute; hasta echarse al monte. Nueve millones de turistas recorren cada a&ntilde;o las rutas del antiguo Califato de C&oacute;rdoba y la del Tempranillo no es, ni mucho menos, la ruta a la que m&aacute;s ascos se le hace. Le gente no desprecia del todo &ndash;ni mucho menos&ndash; la modernidad. La noticia, aparecida esta semana, de que en el Reyno vamos a contar pronto con la Ruta de Iluminaci&oacute;n Monumental de la Merindad de Estella, cuyos ramales, Acualumen V&iacute;a L&aacute;ctea y Acualumen V&iacute;a Montis, comportar&aacute;n la iluminaci&oacute;n decorativa de decenas de iglesias parroquiales &ndash;&iquest;de vuelta a los tiempos preconciliares, cuando las iglesias se animaban con los espect&aacute;culos de Luz y Sonido?&ndash;, nos hace echar de menos ideas de una modernidad tan pr&oacute;xima al turista como la Ruta del Tempranillo. De no haber en el <em>Reyno<\/em> un bandolero tan m&iacute;tico, la ruta del vino del mismo nombre pod&iacute;a animar a las visitas.<\/p>\n<p style=\"text-align: right;\">Publicado en Diario de Noticias el 3 de febrero de 2006<\/p>\n","protected":false},"excerpt":{"rendered":"<p>Se desconoce a la hora de escribir esta cr&oacute;nica si, a su paso por la &uacute;ltima edici&oacute;n de la Feria Internacional del Turismo (FITUR), don Miguel Sanz pudo deshacerse del par de apergaminados comparsas que le flanqueaban &ndash;respectivamente en el papel de Sancho el Mayor y Francisco de Javier&ndash;, para darse un garbeo por los stands de otros milenarios reynos. Como por ejemplo el stand del antiqu&iacute;simo Califato &ndash;ya que no Reyno&ndash; de C&oacute;rdoba. Aunque antiqu&iacute;simo, el Califato presentaba en FITUR una propuesta tur&iacute;stica &ndash;por decirlo en la jerga al uso&ndash; tan atractiva y moderna como la Ruta del Tempranillo. En efecto, Jos&eacute; Mar&iacute;a Hinojosa Cobacho, alias el Tempranillo &ndash;as&iacute; llamado por su temprana destreza en el uso de la faca y el trabuco&ndash;, no s&oacute;lo es  [&#8230;]<\/p>\n","protected":false},"author":82,"featured_media":0,"comment_status":"open","ping_status":"open","sticky":false,"template":"","format":"standard","meta":{"jetpack_post_was_ever_published":false,"_jetpack_newsletter_access":"","_jetpack_dont_email_post_to_subs":false,"_jetpack_newsletter_tier_id":0,"_jetpack_memberships_contains_paywalled_content":false,"_jetpack_memberships_contains_paid_content":false,"footnotes":"","jetpack_publicize_message":"","jetpack_publicize_feature_enabled":true,"jetpack_social_post_already_shared":false,"jetpack_social_options":{"image_generator_settings":{"template":"highway","default_image_id":0,"font":"","enabled":false},"version":2}},"categories":[3],"tags":[],"class_list":["post-41","post","type-post","status-publish","format-standard","hentry","category-na"],"jetpack_publicize_connections":[],"jetpack_featured_media_url":"","jetpack_shortlink":"https:\/\/wp.me\/p6kHv-F","jetpack_sharing_enabled":true,"jetpack-related-posts":[{"id":969,"url":"https:\/\/www.edder.org\/?p=969","url_meta":{"origin":41,"position":0},"title":"Luis Barrag\u00e1n, por Octavio Paz","author":"Eder","date":"mi\u00e9rcoles, 1 Sep, 2010","format":false,"excerpt":"","rel":"","context":"En \u00abArtes\u00bb","block_context":{"text":"Artes","link":"https:\/\/www.edder.org\/?cat=85"},"img":{"alt_text":"Barrag\u00e1n","src":"https:\/\/i0.wp.com\/edder.org\/images\/barragan.jpg?resize=350%2C200&ssl=1","width":350,"height":200},"classes":[]},{"id":13880,"url":"https:\/\/www.edder.org\/?p=13880","url_meta":{"origin":41,"position":1},"title":"La casa que Luis Barrag\u00e1n construy\u00f3","author":"Eder","date":"domingo, 4 Feb, 2018","format":false,"excerpt":"","rel":"","context":"En \u00abArtes\u00bb","block_context":{"text":"Artes","link":"https:\/\/www.edder.org\/?cat=85"},"img":{"alt_text":"","src":"https:\/\/i0.wp.com\/www.edder.org\/upload\/2018\/02\/c7f5fb884bcae98b5de4b7273448a0fa.jpg?resize=350%2C200&ssl=1","width":350,"height":200,"srcset":"https:\/\/i0.wp.com\/www.edder.org\/upload\/2018\/02\/c7f5fb884bcae98b5de4b7273448a0fa.jpg?resize=350%2C200&ssl=1 1x, https:\/\/i0.wp.com\/www.edder.org\/upload\/2018\/02\/c7f5fb884bcae98b5de4b7273448a0fa.jpg?resize=525%2C300&ssl=1 1.5x"},"classes":[]},{"id":400,"url":"https:\/\/www.edder.org\/?p=400","url_meta":{"origin":41,"position":2},"title":"La cr\u00edtica de arte","author":"Eder","date":"viernes, 29 May, 2009","format":false,"excerpt":"","rel":"","context":"En \u00abNA\u00bb","block_context":{"text":"NA","link":"https:\/\/www.edder.org\/?cat=3"},"img":{"alt_text":"dn","src":"https:\/\/i0.wp.com\/www.edder.org\/images\/beuys.jpg?resize=350%2C200","width":350,"height":200,"srcset":"https:\/\/i0.wp.com\/www.edder.org\/images\/beuys.jpg?resize=350%2C200 1x, https:\/\/i0.wp.com\/www.edder.org\/images\/beuys.jpg?resize=525%2C300 1.5x, https:\/\/i0.wp.com\/www.edder.org\/images\/beuys.jpg?resize=700%2C400 2x"},"classes":[]},{"id":133,"url":"https:\/\/www.edder.org\/?p=133","url_meta":{"origin":41,"position":3},"title":"El arte explicado a los ni\u00f1os","author":"Eder","date":"viernes, 25 Ene, 2008","format":false,"excerpt":"\u00a0 El arte ocurre. Eso es todo. No se sabe cu\u00e1ndo ni d\u00f3nde. En las emocionantes fotograf\u00edas de primera plana de los peri\u00f3dicos de ayer el arte est\u00e1 ocurriendo. Nada menos. Veamos esas fotograf\u00edas, reproducidas a tres, cuatro, cinco columnas. El tema de las mismas es tan viejo como el\u2026","rel":"","context":"En \u00abSin categorizar\u00bb","block_context":{"text":"Sin categorizar","link":"https:\/\/www.edder.org\/?cat=1"},"img":{"alt_text":"","src":"","width":0,"height":0},"classes":[]},{"id":13078,"url":"https:\/\/www.edder.org\/?p=13078","url_meta":{"origin":41,"position":4},"title":"Calle Mayor del arte europeo","author":"Eder","date":"jueves, 14 Jul, 2016","format":false,"excerpt":"Arte europeo, calle Mayor:","rel":"","context":"En \u00abArtes\u00bb","block_context":{"text":"Artes","link":"https:\/\/www.edder.org\/?cat=85"},"img":{"alt_text":"","src":"https:\/\/i0.wp.com\/www.edder.org\/upload\/2016\/07\/Francofonia_420x594affiche_NL_DEFweb-534x754.jpg?resize=350%2C200&ssl=1","width":350,"height":200,"srcset":"https:\/\/i0.wp.com\/www.edder.org\/upload\/2016\/07\/Francofonia_420x594affiche_NL_DEFweb-534x754.jpg?resize=350%2C200&ssl=1 1x, https:\/\/i0.wp.com\/www.edder.org\/upload\/2016\/07\/Francofonia_420x594affiche_NL_DEFweb-534x754.jpg?resize=525%2C300&ssl=1 1.5x"},"classes":[]},{"id":12365,"url":"https:\/\/www.edder.org\/?p=12365","url_meta":{"origin":41,"position":5},"title":"En el mausoleo de Mola","author":"Eder","date":"viernes, 28 Mar, 2003","format":false,"excerpt":"","rel":"","context":"En \u00abPostal expr\u00e9s\u00bb","block_context":{"text":"Postal expr\u00e9s","link":"https:\/\/www.edder.org\/?cat=485"},"img":{"alt_text":"","src":"","width":0,"height":0},"classes":[]}],"jetpack_likes_enabled":true,"_links":{"self":[{"href":"https:\/\/www.edder.org\/index.php?rest_route=\/wp\/v2\/posts\/41","targetHints":{"allow":["GET"]}}],"collection":[{"href":"https:\/\/www.edder.org\/index.php?rest_route=\/wp\/v2\/posts"}],"about":[{"href":"https:\/\/www.edder.org\/index.php?rest_route=\/wp\/v2\/types\/post"}],"author":[{"embeddable":true,"href":"https:\/\/www.edder.org\/index.php?rest_route=\/wp\/v2\/users\/82"}],"replies":[{"embeddable":true,"href":"https:\/\/www.edder.org\/index.php?rest_route=%2Fwp%2Fv2%2Fcomments&post=41"}],"version-history":[{"count":0,"href":"https:\/\/www.edder.org\/index.php?rest_route=\/wp\/v2\/posts\/41\/revisions"}],"wp:attachment":[{"href":"https:\/\/www.edder.org\/index.php?rest_route=%2Fwp%2Fv2%2Fmedia&parent=41"}],"wp:term":[{"taxonomy":"category","embeddable":true,"href":"https:\/\/www.edder.org\/index.php?rest_route=%2Fwp%2Fv2%2Fcategories&post=41"},{"taxonomy":"post_tag","embeddable":true,"href":"https:\/\/www.edder.org\/index.php?rest_route=%2Fwp%2Fv2%2Ftags&post=41"}],"curies":[{"name":"wp","href":"https:\/\/api.w.org\/{rel}","templated":true}]}}