{"id":4081,"date":"2015-01-23T17:37:41","date_gmt":"2015-01-23T16:37:41","guid":{"rendered":"https:\/\/www.edder.org\/?p=4081"},"modified":"2018-07-27T16:36:59","modified_gmt":"2018-07-27T14:36:59","slug":"si-se-puede","status":"publish","type":"post","link":"https:\/\/www.edder.org\/?p=4081","title":{"rendered":"\u00a1S\u00ed se puede!"},"content":{"rendered":"<p>Los Lobos: <em>S&iacute; Se Puede! <\/em>(1976, reeditado en 2014 por Fantasy Records).<\/p>\n<p><img decoding=\"async\" alt=\"\" class=\"lazyload aligncenter\" height=\"1018\" src=\"data:image\/svg+xml,%3Csvg%20xmlns%3D%27http%3A%2F%2Fwww.w3.org%2F2000%2Fsvg%27%20width%3D%271000%27%20height%3D%271018%27%20viewBox%3D%270%200%201000%201018%27%3E%3Crect%20width%3D%271000%27%20height%3D%271018%27%20fill-opacity%3D%220%22%2F%3E%3C%2Fsvg%3E\" data-orig-src=\"https:\/\/www.edder.org\/images\/sepuede.jpg\" width=\"1000\" \/><\/p>\n<p>&nbsp;<\/p>\n<p><em>El corrido de Dolores Huerta<\/em>:<\/p>\n<p>&laquo;Y un d&iacute;a en Arizona la gente dec&iacute;a: &ldquo;&iexcl;Ay Dolores no se puede!&rdquo;&hellip; La Dolores les contesta: &ldquo;Este sea nuestro grito, &iexcl;s&iacute; se puede, s&iacute; se puede!&rdquo;.&raquo;<\/p>\n<p>&nbsp;<\/p>\n<p>Escuchar el corrido:<br \/>\n\t&nbsp;<\/p>\n<p style=\"text-align: center;\"><a href=\"http:\/\/edder.org\/music\/dolores.mp3\">Dolores Huerta<\/a><\/p>\n","protected":false},"excerpt":{"rendered":"<p>Los Lobos: S&iacute; Se Puede! (1976, reeditado en 2014 por Fantasy Records). &nbsp; El corrido de Dolores Huerta: &laquo;Y un d&iacute;a en Arizona la gente dec&iacute;a: &ldquo;&iexcl;Ay Dolores no se puede!&rdquo;&hellip; La Dolores les contesta: &ldquo;Este sea nuestro grito, &iexcl;s&iacute; se puede, s&iacute; se puede!&rdquo;.&raquo; &nbsp; Escuchar el corrido: &nbsp; Dolores Huerta<\/p>\n","protected":false},"author":82,"featured_media":12019,"comment_status":"open","ping_status":"closed","sticky":false,"template":"","format":"standard","meta":{"jetpack_post_was_ever_published":false,"_jetpack_newsletter_access":"","_jetpack_dont_email_post_to_subs":false,"_jetpack_newsletter_tier_id":0,"_jetpack_memberships_contains_paywalled_content":false,"_jetpack_memberships_contains_paid_content":false,"footnotes":"","jetpack_publicize_message":"","jetpack_publicize_feature_enabled":true,"jetpack_social_post_already_shared":false,"jetpack_social_options":{"image_generator_settings":{"template":"highway","default_image_id":0,"font":"","enabled":false},"version":2}},"categories":[87,1],"tags":[],"class_list":["post-4081","post","type-post","status-publish","format-standard","has-post-thumbnail","hentry","category-music","category-sin-categorizar"],"jetpack_publicize_connections":[],"jetpack_featured_media_url":"https:\/\/www.edder.org\/upload\/2015\/01\/sepuede.jpg","jetpack_shortlink":"https:\/\/wp.me\/p6kHv-13P","jetpack_sharing_enabled":true,"jetpack-related-posts":[{"id":38697,"url":"https:\/\/www.edder.org\/?p=38697","url_meta":{"origin":4081,"position":0},"title":"Los d\u00edas bald\u00edos","author":"Eder","date":"martes, 21 Abr, 2020","format":false,"excerpt":"Brisa Huiillet & Straub, viento h\u00f6lderliniano: los d\u00edas vac\u00edos, los d\u00edas bald\u00edos (peque\u00f1os dolores mortales).","rel":"","context":"En \u00abArtes\u00bb","block_context":{"text":"Artes","link":"https:\/\/www.edder.org\/?cat=85"},"img":{"alt_text":"","src":"https:\/\/i0.wp.com\/www.edder.org\/upload\/2020\/04\/vlcsnap-2020-04-21-16h45m21s720.png?resize=350%2C200&ssl=1","width":350,"height":200,"srcset":"https:\/\/i0.wp.com\/www.edder.org\/upload\/2020\/04\/vlcsnap-2020-04-21-16h45m21s720.png?resize=350%2C200&ssl=1 1x, https:\/\/i0.wp.com\/www.edder.org\/upload\/2020\/04\/vlcsnap-2020-04-21-16h45m21s720.png?resize=525%2C300&ssl=1 1.5x, https:\/\/i0.wp.com\/www.edder.org\/upload\/2020\/04\/vlcsnap-2020-04-21-16h45m21s720.png?resize=700%2C400&ssl=1 2x"},"classes":[]},{"id":3654,"url":"https:\/\/www.edder.org\/?p=3654","url_meta":{"origin":4081,"position":1},"title":"En el dolor de los dem\u00e1s","author":"Eder","date":"s\u00e1bado, 12 Abr, 2014","format":false,"excerpt":"Cuando el antiguo tiempo devaste a esta generaci\u00f3n, t\u00fa habr\u00e1s de permanecer ante dolores diferentes a los nuestros, amiga de los mortales a los que dir\u00e1s: \u00abLa belleza es verdad, la verdad belleza\u2026 Es todo lo que sabemos sobre la tierra y cuanto necesitamos saber\u00bb. \u00a0","rel":"","context":"En \u00abArtes\u00bb","block_context":{"text":"Artes","link":"https:\/\/www.edder.org\/?cat=85"},"img":{"alt_text":"","src":"","width":0,"height":0},"classes":[]},{"id":4116,"url":"https:\/\/www.edder.org\/?p=4116","url_meta":{"origin":4081,"position":2},"title":"Son las adelitas de Revoluci\u00f3n","author":"Eder","date":"domingo, 25 Ene, 2015","format":false,"excerpt":"Corrido de las adelitas:","rel":"","context":"En \u00abM\u00fasica\u00bb","block_context":{"text":"M\u00fasica","link":"https:\/\/www.edder.org\/?cat=87"},"img":{"alt_text":"","src":"https:\/\/i0.wp.com\/www.edder.org\/images\/adelitas.jpg?resize=350%2C200","width":350,"height":200},"classes":[]},{"id":12071,"url":"https:\/\/www.edder.org\/?p=12071","url_meta":{"origin":4081,"position":3},"title":"El salto al Olimpo: los que pueden prometer y Prometeo","author":"Eder","date":"lunes, 3 Ago, 2015","format":false,"excerpt":"\u00a0 Buscando desesperadamente la inmortalidad\u2026 Tras asaltar los cielos para liberar a los mortales, Prometeo pas\u00f3 en el C\u00e1ucaso treinta, mil o treinta mil a\u00f1os \u2013la cifra var\u00eda seg\u00fan los cronistas\u2013. Pero Zeus, que le estaba secretamente reconocido, accedi\u00f3 a liberarlo, siempre y cuando alguien ocupara su lugar. El centauro\u2026","rel":"","context":"En \u00abArtes\u00bb","block_context":{"text":"Artes","link":"https:\/\/www.edder.org\/?cat=85"},"img":{"alt_text":"","src":"https:\/\/i0.wp.com\/www.edder.org\/upload\/2015\/08\/bono2.jpg?resize=350%2C200&ssl=1","width":350,"height":200},"classes":[]},{"id":3627,"url":"https:\/\/www.edder.org\/?p=3627","url_meta":{"origin":4081,"position":4},"title":"Seg\u00fan paseaba una tarde, As I walked out one evening","author":"Eder","date":"jueves, 13 Mar, 2014","format":false,"excerpt":"","rel":"","context":"En \u00abCine\u00bb","block_context":{"text":"Cine","link":"https:\/\/www.edder.org\/?cat=79"},"img":{"alt_text":"","src":"https:\/\/i0.wp.com\/www.edder.org\/upload\/2014\/03\/Screenshot-2025-05-23-at-17.15.47.png?resize=350%2C200&ssl=1","width":350,"height":200,"srcset":"https:\/\/i0.wp.com\/www.edder.org\/upload\/2014\/03\/Screenshot-2025-05-23-at-17.15.47.png?resize=350%2C200&ssl=1 1x, https:\/\/i0.wp.com\/www.edder.org\/upload\/2014\/03\/Screenshot-2025-05-23-at-17.15.47.png?resize=525%2C300&ssl=1 1.5x, https:\/\/i0.wp.com\/www.edder.org\/upload\/2014\/03\/Screenshot-2025-05-23-at-17.15.47.png?resize=700%2C400&ssl=1 2x"},"classes":[]},{"id":119,"url":"https:\/\/www.edder.org\/?p=119","url_meta":{"origin":4081,"position":5},"title":"Con p\u00f3lvora del Reyno","author":"Eder","date":"viernes, 23 Nov, 2007","format":false,"excerpt":"Con p\u00f3lvora del Rey, \u00a1Dios qu\u00e9 buenos ca\u00f1onazos se tiran! Y con p\u00f3lvora del Reyno, qu\u00e9 bonitos saraos se organizan. Encantadora velada, seg\u00fan rezaban ayer las cr\u00f3nicas, la celebrada en Madrid \u2013con el ameno prop\u00f3sito de confraternizar\u2013 a instancia de nuestra delegaci\u00f3n diplom\u00e1tica en la Villa y Corte. S\u00ed, la\u2026","rel":"","context":"En \u00abNA\u00bb","block_context":{"text":"NA","link":"https:\/\/www.edder.org\/?cat=3"},"img":{"alt_text":"","src":"","width":0,"height":0},"classes":[]}],"jetpack_likes_enabled":true,"_links":{"self":[{"href":"https:\/\/www.edder.org\/index.php?rest_route=\/wp\/v2\/posts\/4081","targetHints":{"allow":["GET"]}}],"collection":[{"href":"https:\/\/www.edder.org\/index.php?rest_route=\/wp\/v2\/posts"}],"about":[{"href":"https:\/\/www.edder.org\/index.php?rest_route=\/wp\/v2\/types\/post"}],"author":[{"embeddable":true,"href":"https:\/\/www.edder.org\/index.php?rest_route=\/wp\/v2\/users\/82"}],"replies":[{"embeddable":true,"href":"https:\/\/www.edder.org\/index.php?rest_route=%2Fwp%2Fv2%2Fcomments&post=4081"}],"version-history":[{"count":0,"href":"https:\/\/www.edder.org\/index.php?rest_route=\/wp\/v2\/posts\/4081\/revisions"}],"wp:featuredmedia":[{"embeddable":true,"href":"https:\/\/www.edder.org\/index.php?rest_route=\/wp\/v2\/media\/12019"}],"wp:attachment":[{"href":"https:\/\/www.edder.org\/index.php?rest_route=%2Fwp%2Fv2%2Fmedia&parent=4081"}],"wp:term":[{"taxonomy":"category","embeddable":true,"href":"https:\/\/www.edder.org\/index.php?rest_route=%2Fwp%2Fv2%2Fcategories&post=4081"},{"taxonomy":"post_tag","embeddable":true,"href":"https:\/\/www.edder.org\/index.php?rest_route=%2Fwp%2Fv2%2Ftags&post=4081"}],"curies":[{"name":"wp","href":"https:\/\/api.w.org\/{rel}","templated":true}]}}