{"id":400,"date":"2009-05-29T14:55:55","date_gmt":"2009-05-29T13:55:55","guid":{"rendered":"https:\/\/www.edder.org\/?p=400"},"modified":"2025-09-17T11:11:39","modified_gmt":"2025-09-17T09:11:39","slug":"la-critica-de-arte","status":"publish","type":"post","link":"https:\/\/www.edder.org\/?p=400","title":{"rendered":"La cr\u00edtica de arte"},"content":{"rendered":"<p><div class=\"fusion-fullwidth fullwidth-box fusion-builder-row-1 fusion-flex-container nonhundred-percent-fullwidth non-hundred-percent-height-scrolling\" style=\"--awb-border-radius-top-left:0px;--awb-border-radius-top-right:0px;--awb-border-radius-bottom-right:0px;--awb-border-radius-bottom-left:0px;--awb-flex-wrap:wrap;\" ><div class=\"fusion-builder-row fusion-row fusion-flex-align-items-flex-start fusion-flex-content-wrap\" style=\"max-width:1248px;margin-left: calc(-4% \/ 2 );margin-right: calc(-4% \/ 2 );\"><\/div><\/div><div class=\"fusion-fullwidth fullwidth-box fusion-builder-row-2 fusion-flex-container nonhundred-percent-fullwidth non-hundred-percent-height-scrolling\" style=\"--awb-border-radius-top-left:0px;--awb-border-radius-top-right:0px;--awb-border-radius-bottom-right:0px;--awb-border-radius-bottom-left:0px;--awb-flex-wrap:wrap;\" ><div class=\"fusion-builder-row fusion-row fusion-flex-align-items-flex-start fusion-flex-content-wrap\" style=\"max-width:1248px;margin-left: calc(-4% \/ 2 );margin-right: calc(-4% \/ 2 );\"><div class=\"fusion-layout-column fusion_builder_column fusion-builder-column-0 fusion_builder_column_2_3 2_3 fusion-flex-column\" style=\"--awb-bg-size:cover;--awb-width-large:66.666666666667%;--awb-margin-top-large:0px;--awb-spacing-right-large:2.88%;--awb-margin-bottom-large:0px;--awb-spacing-left-large:2.88%;--awb-width-medium:100%;--awb-spacing-right-medium:1.92%;--awb-spacing-left-medium:1.92%;--awb-width-small:100%;--awb-spacing-right-small:1.92%;--awb-spacing-left-small:1.92%;\"><div class=\"fusion-column-wrapper fusion-flex-justify-content-flex-start fusion-content-layout-column\"><div class=\"fusion-text fusion-text-1\" style=\"--awb-font-size:23px;\"><p>La cr\u00edtica de arte agoniza, dec\u00eda una cr\u00edtica el mi\u00e9rcoles en este diario. Eso ser\u00e1. De otro modo, esto es, de no agonizar la cr\u00edtica de arte, alg\u00fan cr\u00edtico ya nos tendr\u00eda que haber llamado a asaltar el Museo Gustavo de Maeztu de Estella y a tirar al Ega la chatarra seudoescult\u00f3rica de Carlos Ciriza, al que en su d\u00eda Barcina cedi\u00f3 el parque de Yamaguchi para que con un helic\u00f3ptero \u2013no recuerdo si de emergencias\u2013 esparciera su desoladora cacharrer\u00eda \u201cart\u00edstica\u201d y al que Turismo y Cultura promociona ahora como \u201cnuestro artista m\u00e1s internacional\u201d. Para internacional, la tonter\u00eda. Por lo dem\u00e1s, si la cr\u00edtica no agonizase, alguien nos habr\u00eda incitado a ir a Sartaguda, donde Jos\u00e9 Ram\u00f3n Anda ha abierto una nueva puerta a la emoci\u00f3n y a la memoria en forma de gran escultura. Pero la cr\u00edtica, si existe, no goza de buena salud. Atr\u00e1s quedan los tiempos en los que el arte persegu\u00eda la belleza y los cr\u00edticos eran los \u00e1rbitros del gusto. No tan atr\u00e1s, pero lejos quedan los tiempos \u2013los de Malevich o Klee\u2013 en los que el arte dej\u00f3 de perseguir la belleza y se puso a buscar la verdad. Puesto a buscar la verdad, l\u00f3gico que el arte interesase mucho a los fil\u00f3sofos y que \u00e9stos terminasen dici\u00e9ndonos qu\u00e9 ver en una botas viejas de Van Gogh o en unos zapatos de Warhol. Y l\u00f3gico que acto seguido un Oteiza o un Beuys se pusieran delante de una pizarra, no ya para explicarnos filos\u00f3ficamente el mundo, sino para incitarnos a hacer otro mejor. Para tener un mundo mejor hoy bastar\u00eda con que la moneda art\u00edstica que ponen en el mercado personajes como Ciriza \u2013moneda sin mayor relaci\u00f3n con lo bello, lo verdadero, lo bien hecho o siquiera lo \u00fatil\u2013 dejase de circular. Claro que para eso no es suficiente con que la cr\u00edtica, muy exhausta tras un posvanguardismo en el que a menudo el arte no ha sido m\u00e1s que cr\u00edtica de arte, diga lo que tiene que decir: para eso har\u00eda falta otro gobierno. Uno que no se moviese con helic\u00f3pteros o que no moviera con ellos la cacharrer\u00eda de sus artistas y sin embargo amigos predilectos.<\/p>\n<p align=\"right\">Publicado el 29 de mayo de 2009 en <a href=\"http:\/\/www.noticiasdenavarra.com\/ediciones\/2009\/05\/29\/opinion\/contra.php\" target=\"blank\" rel=\"noopener\">Diario de Noticias<\/a><img class=\"lazyload\" decoding=\"async\" title=\"dn\" src=\"data:image\/gif;base64,R0lGODlhAQABAAAAACH5BAEKAAEALAAAAAABAAEAAAICTAEAOw==\" data-orig-src=\"https:\/\/www.edder.org\/images\/dn.gif\" alt=\"dn\" align=\"right\" \/><\/p>\n<\/div><\/div><\/div><div class=\"fusion-layout-column fusion_builder_column fusion-builder-column-1 fusion_builder_column_1_3 1_3 fusion-flex-column\" style=\"--awb-bg-size:cover;--awb-width-large:33.333333333333%;--awb-margin-top-large:0px;--awb-spacing-right-large:5.76%;--awb-margin-bottom-large:0px;--awb-spacing-left-large:5.76%;--awb-width-medium:100%;--awb-spacing-right-medium:1.92%;--awb-spacing-left-medium:1.92%;--awb-width-small:100%;--awb-spacing-right-small:1.92%;--awb-spacing-left-small:1.92%;\"><div class=\"fusion-column-wrapper fusion-flex-justify-content-flex-start fusion-content-layout-column\"><div class=\"fusion-separator fusion-full-width-sep\" style=\"align-self: center;margin-left: auto;margin-right: auto;margin-top:500px;width:100%;\"><\/div><div class=\"fusion-text fusion-text-2\"><p><img decoding=\"async\" class=\"lazyload aligncenter\" title=\"arendt\" src=\"data:image\/svg+xml,%3Csvg%20xmlns%3D%27http%3A%2F%2Fwww.w3.org%2F2000%2Fsvg%27%20width%3D%27813%27%20height%3D%27536%27%20viewBox%3D%270%200%20813%20536%27%3E%3Crect%20width%3D%27813%27%20height%3D%27536%27%20fill-opacity%3D%220%22%2F%3E%3C%2Fsvg%3E\" data-orig-src=\"https:\/\/www.edder.org\/images\/beuys.jpg\" alt=\"dn\" width=\"813\" height=\"536\" align=\"left\" \/><\/p>\n<\/div><div class=\"fusion-separator fusion-full-width-sep\" style=\"align-self: center;margin-left: auto;margin-right: auto;margin-top:42px;width:100%;\"><\/div><\/div><\/div><\/div><\/div><\/p>\n","protected":false},"excerpt":{"rendered":"","protected":false},"author":82,"featured_media":0,"comment_status":"open","ping_status":"open","sticky":false,"template":"","format":"standard","meta":{"jetpack_post_was_ever_published":false,"_jetpack_newsletter_access":"","_jetpack_dont_email_post_to_subs":false,"_jetpack_newsletter_tier_id":0,"_jetpack_memberships_contains_paywalled_content":false,"_jetpack_memberships_contains_paid_content":false,"footnotes":"","jetpack_publicize_message":"","jetpack_publicize_feature_enabled":true,"jetpack_social_post_already_shared":false,"jetpack_social_options":{"image_generator_settings":{"template":"highway","default_image_id":0,"font":"","enabled":false},"version":2}},"categories":[3,1],"tags":[56],"class_list":["post-400","post","type-post","status-publish","format-standard","hentry","category-na","category-sin-categorizar","tag-ciriza"],"jetpack_publicize_connections":[],"jetpack_featured_media_url":"","jetpack_shortlink":"https:\/\/wp.me\/p6kHv-6s","jetpack_sharing_enabled":true,"jetpack-related-posts":[{"id":42997,"url":"https:\/\/www.edder.org\/?p=42997","url_meta":{"origin":400,"position":0},"title":"Futbolmarianismo y regionalcatolicismo de los siglos XX y XXI","author":"Eder","date":"mi\u00e9rcoles, 21 Ago, 2024","format":false,"excerpt":"","rel":"","context":"En \u00abPrehistoria contempor\u00e1nea\u00bb","block_context":{"text":"Prehistoria contempor\u00e1nea","link":"https:\/\/www.edder.org\/?cat=90"},"img":{"alt_text":"","src":"https:\/\/i0.wp.com\/www.edder.org\/upload\/2024\/08\/athletic_begogna.png?resize=350%2C200&ssl=1","width":350,"height":200,"srcset":"https:\/\/i0.wp.com\/www.edder.org\/upload\/2024\/08\/athletic_begogna.png?resize=350%2C200&ssl=1 1x, https:\/\/i0.wp.com\/www.edder.org\/upload\/2024\/08\/athletic_begogna.png?resize=525%2C300&ssl=1 1.5x, https:\/\/i0.wp.com\/www.edder.org\/upload\/2024\/08\/athletic_begogna.png?resize=700%2C400&ssl=1 2x, https:\/\/i0.wp.com\/www.edder.org\/upload\/2024\/08\/athletic_begogna.png?resize=1050%2C600&ssl=1 3x"},"classes":[]},{"id":40290,"url":"https:\/\/www.edder.org\/?p=40290","url_meta":{"origin":400,"position":1},"title":"La politesse","author":"Eder","date":"martes, 2 Mar, 2021","format":false,"excerpt":"","rel":"","context":"En \u00abCine\u00bb","block_context":{"text":"Cine","link":"https:\/\/www.edder.org\/?cat=79"},"img":{"alt_text":"","src":"https:\/\/i0.wp.com\/www.edder.org\/upload\/2021\/03\/politesse.png?resize=350%2C200&ssl=1","width":350,"height":200,"srcset":"https:\/\/i0.wp.com\/www.edder.org\/upload\/2021\/03\/politesse.png?resize=350%2C200&ssl=1 1x, https:\/\/i0.wp.com\/www.edder.org\/upload\/2021\/03\/politesse.png?resize=525%2C300&ssl=1 1.5x, https:\/\/i0.wp.com\/www.edder.org\/upload\/2021\/03\/politesse.png?resize=700%2C400&ssl=1 2x"},"classes":[]},{"id":40394,"url":"https:\/\/www.edder.org\/?p=40394","url_meta":{"origin":400,"position":2},"title":"Aut\u00e9nticos Borbones (el mapa de Francia y la real\u00edsima gana)","author":"Eder","date":"s\u00e1bado, 3 Abr, 2021","format":false,"excerpt":"","rel":"","context":"En \u00abCine\u00bb","block_context":{"text":"Cine","link":"https:\/\/www.edder.org\/?cat=79"},"img":{"alt_text":"","src":"https:\/\/i0.wp.com\/www.edder.org\/upload\/2021\/04\/bb.png?resize=350%2C200&ssl=1","width":350,"height":200,"srcset":"https:\/\/i0.wp.com\/www.edder.org\/upload\/2021\/04\/bb.png?resize=350%2C200&ssl=1 1x, https:\/\/i0.wp.com\/www.edder.org\/upload\/2021\/04\/bb.png?resize=525%2C300&ssl=1 1.5x, https:\/\/i0.wp.com\/www.edder.org\/upload\/2021\/04\/bb.png?resize=700%2C400&ssl=1 2x"},"classes":[]},{"id":40255,"url":"https:\/\/www.edder.org\/?p=40255","url_meta":{"origin":400,"position":3},"title":"Tucumcari (Nuevo M\u00e9xico, EE. UU), 1970. Me &#038; Bobby McGee","author":"Eder","date":"domingo, 28 Feb, 2021","format":false,"excerpt":"","rel":"","context":"En \u00abCine\u00bb","block_context":{"text":"Cine","link":"https:\/\/www.edder.org\/?cat=79"},"img":{"alt_text":"","src":"https:\/\/i0.wp.com\/www.edder.org\/upload\/2021\/02\/Screenshot-2021-03-07-at-21.59.21.png?resize=350%2C200&ssl=1","width":350,"height":200},"classes":[]},{"id":39232,"url":"https:\/\/www.edder.org\/?p=39232","url_meta":{"origin":400,"position":4},"title":"Mi t\u00edo Toby silbaba el lilliburlero","author":"Eder","date":"martes, 24 Nov, 2020","format":false,"excerpt":"","rel":"","context":"En \u00abCine\u00bb","block_context":{"text":"Cine","link":"https:\/\/www.edder.org\/?cat=79"},"img":{"alt_text":"","src":"https:\/\/i0.wp.com\/www.edder.org\/upload\/2020\/11\/lilliburlero2.jpg?resize=350%2C200&ssl=1","width":350,"height":200},"classes":[]},{"id":43103,"url":"https:\/\/www.edder.org\/?p=43103","url_meta":{"origin":400,"position":5},"title":"Kris Kristofferson: todos los caminos equivocados de vuelta a casa","author":"Eder","date":"martes, 1 Oct, 2024","format":false,"excerpt":"","rel":"","context":"En \u00abCine\u00bb","block_context":{"text":"Cine","link":"https:\/\/www.edder.org\/?cat=79"},"img":{"alt_text":"","src":"https:\/\/i0.wp.com\/www.edder.org\/upload\/2016\/12\/Captura-de-pantalla-2017-03-14-a-las-21.03.12.png?resize=350%2C200&ssl=1","width":350,"height":200,"srcset":"https:\/\/i0.wp.com\/www.edder.org\/upload\/2016\/12\/Captura-de-pantalla-2017-03-14-a-las-21.03.12.png?resize=350%2C200&ssl=1 1x, https:\/\/i0.wp.com\/www.edder.org\/upload\/2016\/12\/Captura-de-pantalla-2017-03-14-a-las-21.03.12.png?resize=525%2C300&ssl=1 1.5x"},"classes":[]}],"jetpack_likes_enabled":true,"_links":{"self":[{"href":"https:\/\/www.edder.org\/index.php?rest_route=\/wp\/v2\/posts\/400","targetHints":{"allow":["GET"]}}],"collection":[{"href":"https:\/\/www.edder.org\/index.php?rest_route=\/wp\/v2\/posts"}],"about":[{"href":"https:\/\/www.edder.org\/index.php?rest_route=\/wp\/v2\/types\/post"}],"author":[{"embeddable":true,"href":"https:\/\/www.edder.org\/index.php?rest_route=\/wp\/v2\/users\/82"}],"replies":[{"embeddable":true,"href":"https:\/\/www.edder.org\/index.php?rest_route=%2Fwp%2Fv2%2Fcomments&post=400"}],"version-history":[{"count":0,"href":"https:\/\/www.edder.org\/index.php?rest_route=\/wp\/v2\/posts\/400\/revisions"}],"wp:attachment":[{"href":"https:\/\/www.edder.org\/index.php?rest_route=%2Fwp%2Fv2%2Fmedia&parent=400"}],"wp:term":[{"taxonomy":"category","embeddable":true,"href":"https:\/\/www.edder.org\/index.php?rest_route=%2Fwp%2Fv2%2Fcategories&post=400"},{"taxonomy":"post_tag","embeddable":true,"href":"https:\/\/www.edder.org\/index.php?rest_route=%2Fwp%2Fv2%2Ftags&post=400"}],"curies":[{"name":"wp","href":"https:\/\/api.w.org\/{rel}","templated":true}]}}