{"id":40,"date":"2006-01-27T12:45:23","date_gmt":"2006-01-27T10:45:23","guid":{"rendered":"https:\/\/www.edder.org\/?p=40"},"modified":"2018-07-27T16:38:43","modified_gmt":"2018-07-27T14:38:43","slug":"sanzcho-el-continuador","status":"publish","type":"post","link":"https:\/\/www.edder.org\/?p=40","title":{"rendered":"San(z)cho el Continuador"},"content":{"rendered":"<p><img decoding=\"async\" class=\"lazyload izquierda\" alt=\"dn\" src=\"data:image\/gif;base64,R0lGODlhAQABAAAAACH5BAEKAAEALAAAAAABAAEAAAICTAEAOw==\" data-orig-src=\"https:\/\/www.edder.org\/images\/dn.gif\" \/>Por falta de devoci\u00f3n hacia las monarqu\u00edas en general ???Karl Marx: el principio sobre el que se asienta la monarqu\u00eda es el hombre despreciado, deshumanizado, reducido a \u00abpopulacho\u00bb??? y a las sagas reales navarras en particular, no puedo decir si el consejero navarro del ramo tur\u00edstico-cultural incurre en una solemne bobada cuando afirma que Sancho el Mayor, junto al Emperador Carlos ???I de Espa\u00f1a, V de Alemania??? y el Borb\u00f3n ahora en el trono, contribuy\u00f3 como ning\u00fan otro a la modernidad de su tierra. Incurre en ella, sin duda, cuando asegura que Juan Carlos I \u00abbri\u00f3 Espa\u00f1a a la democracia y la postmodernidad\u00bb. Como no sea la postmodernidad que en nuestra historia reciente va de la peineta de Martirio a la de Leticia Ortiz??? Qu\u00e9 momento de postmodernidad vivimos en Espa\u00f1a cuando, clavada de hinojos ante la Virgen de la Almudena, la futura reina consorte extasi\u00f3 a las devotas de Chamber\u00ed en particular y a la beater\u00eda neomon\u00e1rquica en general. Aparte de castizos momentos tan \u00abpostmodernos\u00bb como \u00e9se, nadie habla ya en serio de postmodernidad. El postmoderno \u00abfin de la historia\u00bb, como el de \u00ablos grandes relatos\u00bb, se vio que era pura contramodernidad; pero ah\u00ed anda el consejero del ramo, buscando el hilo perdido de un gran relato milenario que nos conduzca desde la modernizaci\u00f3n viaria de Sancho el Mayor a las carreteras, t\u00faneles y canales de San(z)cho el Continuador. Busc\u00e1ndolo con el arzobispo. En la inauguraci\u00f3n de la magna exposici\u00f3n donde se exhiben las ver\u00eddicas cadenas que seg\u00fan la leyenda arrebat\u00f3 Sancho el Fuerte al moro Miramamol\u00edn, el arzobispo lament\u00f3 la perdida de las estrechas relaciones habidas por entonces entre lo civil y lo eclesial. En este a\u00f1o jubilar del V Centenario, \u00bfno son igual de fluidas con San(z)cho el Continuador que con Sancho el Mayor? \u00bfLa Edad Media? Preciosa??? menos quiz\u00e1 para el \u00abpopulacho\u00bb. ??se que de Sancho el Mayor en adelante se arrastrar\u00eda por la historia hasta la ca\u00edda de las monarqu\u00edas ???salvo las que salvaron la peineta, hoy tan retro y tan \u00abpostmoderna\u00bb???.<br \/>\nPublicado en <a target=\"blank\" href=\"http:\/\/www.diariodenoticias.com\/ediciones\/2006\/01\/27\/opinion\/contra.php\">Diario de Noticias<\/a>.<\/p>\n","protected":false},"excerpt":{"rendered":"<p>Por falta de devoci\u00f3n hacia las monarqu\u00edas en general ???Karl Marx: el principio sobre el que se asienta la monarqu\u00eda es el hombre despreciado, deshumanizado, reducido a \u00abpopulacho\u00bb??? y a las sagas reales navarras en particular, no puedo decir si el consejero navarro del ramo tur\u00edstico-cultural incurre en una solemne bobada cuando afirma que Sancho el Mayor, junto al Emperador Carlos ???I de Espa\u00f1a, V de Alemania??? y el Borb\u00f3n ahora en el trono, contribuy\u00f3 como ning\u00fan otro a la modernidad de su tierra. Incurre en ella, sin duda, cuando asegura que Juan Carlos I \u00abbri\u00f3 Espa\u00f1a a la democracia y la postmodernidad\u00bb. Como no sea la postmodernidad que en nuestra historia reciente va de la peineta de Martirio a la de Leticia Ortiz??? Qu\u00e9 momento de  [&#8230;]<\/p>\n","protected":false},"author":82,"featured_media":0,"comment_status":"open","ping_status":"open","sticky":false,"template":"","format":"standard","meta":{"jetpack_post_was_ever_published":false,"_jetpack_newsletter_access":"","_jetpack_dont_email_post_to_subs":false,"_jetpack_newsletter_tier_id":0,"_jetpack_memberships_contains_paywalled_content":false,"_jetpack_memberships_contains_paid_content":false,"footnotes":"","jetpack_publicize_message":"","jetpack_publicize_feature_enabled":true,"jetpack_social_post_already_shared":false,"jetpack_social_options":{"image_generator_settings":{"template":"highway","default_image_id":0,"font":"","enabled":false},"version":2}},"categories":[3],"tags":[],"class_list":["post-40","post","type-post","status-publish","format-standard","hentry","category-na"],"jetpack_publicize_connections":[],"jetpack_featured_media_url":"","jetpack_shortlink":"https:\/\/wp.me\/p6kHv-E","jetpack_sharing_enabled":true,"jetpack-related-posts":[{"id":1751,"url":"https:\/\/www.edder.org\/?p=1751","url_meta":{"origin":40,"position":0},"title":"Espa\u00f1a inferior (la que ora y bosteza)","author":"Eder","date":"domingo, 24 Abr, 2011","format":false,"excerpt":"","rel":"","context":"En \u00abSin categorizar\u00bb","block_context":{"text":"Sin categorizar","link":"https:\/\/www.edder.org\/?cat=1"},"img":{"alt_text":"","src":"https:\/\/i0.wp.com\/www.edder.org\/upload\/2011\/04\/condecorados.jpg?resize=350%2C200&ssl=1","width":350,"height":200,"srcset":"https:\/\/i0.wp.com\/www.edder.org\/upload\/2011\/04\/condecorados.jpg?resize=350%2C200&ssl=1 1x, https:\/\/i0.wp.com\/www.edder.org\/upload\/2011\/04\/condecorados.jpg?resize=525%2C300&ssl=1 1.5x"},"classes":[]},{"id":61,"url":"https:\/\/www.edder.org\/?p=61","url_meta":{"origin":40,"position":1},"title":"El segundo de la tarde","author":"Eder","date":"viernes, 16 Jun, 2006","format":false,"excerpt":"No s\u00e9 qu\u00e9 pas\u00f3 en el primero o en el cuarto de la tarde; pero, cuando la armada futbol\u00edstica que dirige ese S\u00e9neca mesetario al que llaman el Sabio de Hortaleza asest\u00f3 al adversario el segundo de la tarde, Espa\u00f1a ???ese tronar de decibelios en las pantallas de plasma de\u2026","rel":"","context":"En \u00abSin categorizar\u00bb","block_context":{"text":"Sin categorizar","link":"https:\/\/www.edder.org\/?cat=1"},"img":{"alt_text":"","src":"","width":0,"height":0},"classes":[]},{"id":15050,"url":"https:\/\/www.edder.org\/?p=15050","url_meta":{"origin":40,"position":2},"title":"\u00bfAbortar? \u00a1No en Texas!","author":"Eder","date":"domingo, 31 Mar, 2019","format":false,"excerpt":"Hasta ayer mismo, hasta esta legislatura que se va, los sucesivos gobiernos de la derecha navarra que hemos tenido ocasi\u00f3n de disfrutar met\u00edan a nuestras abortistas en un autob\u00fas y las mandaban a interrumpir sus embarazos de Ejea de los Caballeros para all\u00e1, fuera de nuestras fronteras forales. Navarra, alcanfor\u2026","rel":"","context":"En \u00abCine\u00bb","block_context":{"text":"Cine","link":"https:\/\/www.edder.org\/?cat=79"},"img":{"alt_text":"","src":"https:\/\/i0.wp.com\/www.edder.org\/upload\/2019\/03\/peman.jpg?resize=350%2C200&ssl=1","width":350,"height":200},"classes":[]},{"id":351,"url":"https:\/\/www.edder.org\/?p=351","url_meta":{"origin":40,"position":3},"title":"Opereta","author":"Eder","date":"viernes, 1 May, 2009","format":false,"excerpt":"La revista Paris Match, en un s\u00fabito ataque de inclinaci\u00f3n mon\u00e1rquica \u2013si no de inclinaci\u00f3n humor\u00edstica\u2013, se tir\u00f3 ayer a la calle con un titular que hablaba de la majestuosidad de Carla a su paso por la corte de Espa\u00f1a. Por la corte de Espa\u00f1a o tal vez por el\u2026","rel":"","context":"En \u00abSin categorizar\u00bb","block_context":{"text":"Sin categorizar","link":"https:\/\/www.edder.org\/?cat=1"},"img":{"alt_text":"","src":"","width":0,"height":0},"classes":[]},{"id":51,"url":"https:\/\/www.edder.org\/?p=51","url_meta":{"origin":40,"position":4},"title":"Charanga y pandereta","author":"Eder","date":"viernes, 7 Abr, 2006","format":false,"excerpt":"Ya est\u00e1 otra vez, qu\u00e9 actualidad la suya, la Espa\u00f1a de charanga y pandereta. La devota de Frascuelo y de Mar\u00eda: esa Espa\u00f1a inferior que ora y bosteza; la que ora y embiste, cuando se pone a usar de la cabeza. Qu\u00e9 actualidad la de esos versos de Machado, Antonio.\u2026","rel":"","context":"En \u00abSin categorizar\u00bb","block_context":{"text":"Sin categorizar","link":"https:\/\/www.edder.org\/?cat=1"},"img":{"alt_text":"","src":"","width":0,"height":0},"classes":[]},{"id":1082,"url":"https:\/\/www.edder.org\/?p=1082","url_meta":{"origin":40,"position":5},"title":"Estella en la vida de Luis Quintanilla","author":"Eder","date":"viernes, 17 Sep, 2010","format":false,"excerpt":"Woody Allen en la puerta del Bleecker Cinema St. En el 110 de la calle Bleecker de Nueva York est\u00e1 el edificio donde De Niro y De Palma rodaron \u00a1Hola mam\u00e1!, su primera pel\u00edcula juntos. Al pie de ese edificio construido por L.I. Pei en los 60 yace una desmesurada\u2026","rel":"","context":"En \u00abArtes\u00bb","block_context":{"text":"Artes","link":"https:\/\/www.edder.org\/?cat=85"},"img":{"alt_text":"","src":"https:\/\/i0.wp.com\/edder.org\/images\/allen.jpg?resize=350%2C200","width":350,"height":200,"srcset":"https:\/\/i0.wp.com\/edder.org\/images\/allen.jpg?resize=350%2C200 1x, https:\/\/i0.wp.com\/edder.org\/images\/allen.jpg?resize=525%2C300 1.5x"},"classes":[]}],"jetpack_likes_enabled":true,"_links":{"self":[{"href":"https:\/\/www.edder.org\/index.php?rest_route=\/wp\/v2\/posts\/40","targetHints":{"allow":["GET"]}}],"collection":[{"href":"https:\/\/www.edder.org\/index.php?rest_route=\/wp\/v2\/posts"}],"about":[{"href":"https:\/\/www.edder.org\/index.php?rest_route=\/wp\/v2\/types\/post"}],"author":[{"embeddable":true,"href":"https:\/\/www.edder.org\/index.php?rest_route=\/wp\/v2\/users\/82"}],"replies":[{"embeddable":true,"href":"https:\/\/www.edder.org\/index.php?rest_route=%2Fwp%2Fv2%2Fcomments&post=40"}],"version-history":[{"count":0,"href":"https:\/\/www.edder.org\/index.php?rest_route=\/wp\/v2\/posts\/40\/revisions"}],"wp:attachment":[{"href":"https:\/\/www.edder.org\/index.php?rest_route=%2Fwp%2Fv2%2Fmedia&parent=40"}],"wp:term":[{"taxonomy":"category","embeddable":true,"href":"https:\/\/www.edder.org\/index.php?rest_route=%2Fwp%2Fv2%2Fcategories&post=40"},{"taxonomy":"post_tag","embeddable":true,"href":"https:\/\/www.edder.org\/index.php?rest_route=%2Fwp%2Fv2%2Ftags&post=40"}],"curies":[{"name":"wp","href":"https:\/\/api.w.org\/{rel}","templated":true}]}}