{"id":4,"date":"2005-09-25T22:50:30","date_gmt":"2005-09-25T20:50:30","guid":{"rendered":"https:\/\/www.edder.org\/?p=4"},"modified":"2018-07-27T16:38:58","modified_gmt":"2018-07-27T14:38:58","slug":"misa-mayor","status":"publish","type":"post","link":"https:\/\/www.edder.org\/?p=4","title":{"rendered":"Misa mayor"},"content":{"rendered":"<p><img decoding=\"async\" alt=\"pa\u00eds\" class=\"lazyload izquierda\" src=\"data:image\/gif;base64,R0lGODlhAQABAAAAACH5BAEKAAEALAAAAAABAAEAAAICTAEAOw==\" data-orig-src=\"https:\/\/www.edder.org\/images\/pais.gif\" \/><br \/>\n\tOpino que cuando don Fernando Sebasti&aacute;n, de vuelta ya de Aranjuez, aludi&oacute; en su en&eacute;rgica homil&iacute;a de ayer a una legislaci&oacute;n que va &laquo;contra la moralidad objetiva, hist&oacute;ricamente vigente&raquo;, no se estaba refiriendo a la Ley de Principios del Movimiento Nacional. Recuerden que aquella ley de 1958 proclamaba con energ&iacute;a: &laquo;La Naci&oacute;n espa&ntilde;ola considera como timbre de honor el acatamiento de la Ley de Dios, seg&uacute;n la doctrina de la Santa Iglesia Cat&oacute;lica, Apost&oacute;lica y Romana, &uacute;nica verdadera, y fe inseparable de la conciencia nacional, que inspirar&aacute; su legislaci&oacute;n&raquo;. &Eacute;sa era, pues, una ley muy poco sospechosa de contravenir la &laquo;moralidad objetiva, hist&oacute;ricamente vigente&raquo;.<!--more--><br \/>\n\tEn mi opini&oacute;n, cuando el &uacute;ltimo sucesor del obispo Ferm&iacute;n expres&oacute; ayer su preocupaci&oacute;n por una legislaci&oacute;n que no otorga a la familia el sentido se&ntilde;alado por los designios divinos, no estaba pensando en el Fuero del Trabajo de 1938, en cuyo texto se le&iacute;a: &laquo;El Estado reconoce a la familia como c&eacute;lula primaria natural y fundamental de la sociedad, y al mismo tiempo como instituci&oacute;n moral dotada de derecho inalienable y superior a toda ley positiva&raquo;. Lo dir&eacute; franca, navarr&iacute;simamente, sin las sinuosidades de la ret&oacute;rica arzobispal: en mi opini&oacute;n, cuando don Fernando Sebasti&aacute;n aludi&oacute; a una legislaci&oacute;n que va contra la &laquo;moralidad objetiva, hist&oacute;ricamente vigente&raquo;, estaba envi&aacute;ndole sus cordiales saludos al presidente Rodr&iacute;guez Zapatero, que estar&aacute; al caer de Singapur y que a su vuelta encontrar&aacute; un pa&iacute;s ni m&aacute;s ni menos alborotado que cuando lo dej&oacute;.<br \/>\n\tEn su en&eacute;rgica homil&iacute;a del d&iacute;a de las fiestas dedicado al santo patr&oacute;n, don Fernando se pregunt&oacute; y nos pregunt&oacute; qu&eacute; podemos hacer para que la familia siga siendo la familia y los matrimonios sean verdaderos matrimonios. Se me ocurre que podr&iacute;amos volver por nuestros fueros, pero no parece que el personal &ndash;ni siquiera la parroquia&ndash; est&eacute; por eso. Digo volver por el Fuero del Trabajo y el Fueron de los Espa&ntilde;oles, no por el Fuero Viejo de Navarra, que en &eacute;se quedaba contemplada la posibilidad de deshacer el v&iacute;nculo indisoluble del matrimonio y rehacerlo a gusto del consumidor. Vamos, que aunque m&aacute;s antiguo que otros fueros, el de Navarra &ndash;tan b&aacute;rbaro en tantas cosas&ndash; no parece que se atuviese a lo que don Fernando llama la hist&oacute;rica &laquo;moralidad objetiva&raquo;.<br \/>\n\tA eso que don Fernando llama &laquo;moralidad objetiva&raquo;, y que est&aacute; por encima de toda ley positiva vigente, otros le llaman &laquo;familia natural&raquo;. En v&iacute;speras sanfermineras, decenas de familias naturales se congregaron en las instalaciones deportivas de la Universidad de Navarra y en el curso de una santa misa quedaron confabulados para defender la preeminencia de lo natural con la ayuda de la ciencia. El S&eacute;ptimo de Caballer&iacute;a Cient&iacute;fica se llama, como habr&aacute;n adivinado, Aquilino Polaino: la eminencia que a su paso por el Senado abochorn&oacute; al pa&iacute;s de ZP de norte a sur. Pese al bochorno, en la presentaci&oacute;n de una novela sanferminera que se propone superar Hemingway y de la que es autora una de las madres de familia confabuladas en la Universidad, nuestro paisano Urdaci, que presentaba el libro junto a la Excelent&iacute;sima Alcaldesa, dijo que lo que diga Polaino va a misa. De misa ven&iacute;amos, precisamente.<\/p>\n","protected":false},"excerpt":{"rendered":"<p>Opino que cuando don Fernando Sebasti&aacute;n, de vuelta ya de Aranjuez, aludi&oacute; en su en&eacute;rgica homil&iacute;a de ayer a una legislaci&oacute;n que va &laquo;contra la moralidad objetiva, hist&oacute;ricamente vigente&raquo;, no se estaba refiriendo a la Ley de Principios del Movimiento Nacional. Recuerden que aquella ley de 1958 proclamaba con energ&iacute;a: &laquo;La Naci&oacute;n espa&ntilde;ola considera como timbre de honor el acatamiento de la Ley de Dios, seg&uacute;n la doctrina de la Santa Iglesia Cat&oacute;lica, Apost&oacute;lica y Romana, &uacute;nica verdadera, y fe inseparable de la conciencia nacional, que inspirar&aacute; su legislaci&oacute;n&raquo;. &Eacute;sa era, pues, una ley muy poco sospechosa de contravenir la &laquo;moralidad objetiva, hist&oacute;ricamente vigente&raquo;.<\/p>\n","protected":false},"author":82,"featured_media":0,"comment_status":"open","ping_status":"open","sticky":false,"template":"","format":"standard","meta":{"jetpack_post_was_ever_published":false,"_jetpack_newsletter_access":"","_jetpack_dont_email_post_to_subs":false,"_jetpack_newsletter_tier_id":0,"_jetpack_memberships_contains_paywalled_content":false,"_jetpack_memberships_contains_paid_content":false,"footnotes":"","jetpack_publicize_message":"","jetpack_publicize_feature_enabled":true,"jetpack_social_post_already_shared":false,"jetpack_social_options":{"image_generator_settings":{"template":"highway","default_image_id":0,"font":"","enabled":false},"version":2}},"categories":[3],"tags":[],"class_list":["post-4","post","type-post","status-publish","format-standard","hentry","category-na"],"jetpack_publicize_connections":[],"jetpack_featured_media_url":"","jetpack_shortlink":"https:\/\/wp.me\/p6kHv-4","jetpack_sharing_enabled":true,"jetpack-related-posts":[{"id":693,"url":"https:\/\/www.edder.org\/?p=693","url_meta":{"origin":4,"position":0},"title":"\u2018Hiyab\u2019 y \u2018burka\u2019, hoy y aqu\u00ed","author":"Eder","date":"viernes, 23 Abr, 2010","format":false,"excerpt":"Cuando se vaya, echaremos de menos \u2013como ahora echamos de m\u00e1s\u2013 a ese gran estadista que es Miguel Sanz. Si Sanz anda de por medio, enti\u00e9ndase por estadista al incondicional del equipo que sin falta acude al estadio para sufrir lo que le echen y m\u00e1s. Pues en menos de\u2026","rel":"","context":"En \u00abNA\u00bb","block_context":{"text":"NA","link":"https:\/\/www.edder.org\/?cat=3"},"img":{"alt_text":"","src":"","width":0,"height":0},"classes":[]},{"id":190,"url":"https:\/\/www.edder.org\/?p=190","url_meta":{"origin":4,"position":1},"title":"\u201cAy, pero perd\u00f3name, Conzencia\u201d","author":"Eder","date":"viernes, 17 Oct, 2008","format":false,"excerpt":"Cuando la otra ma\u00f1ana le o\u00ed a Cervera leer una columna en la SER, en mi cabeza empez\u00f3 a repiquetear, a ritmo de bolero, la primera estrofa de una \u00f3pera-salsa puertorrique\u00f1a que dec\u00eda as\u00ed: \u201cAy, pero perd\u00f3name, Conzencia, pues no s\u00e9 entodav\u00eda\u201d. Y ya no me acuerdo de m\u00e1s, salvo\u2026","rel":"","context":"En \u00abNA\u00bb","block_context":{"text":"NA","link":"https:\/\/www.edder.org\/?cat=3"},"img":{"alt_text":"","src":"","width":0,"height":0},"classes":[]},{"id":11991,"url":"https:\/\/www.edder.org\/?p=11991","url_meta":{"origin":4,"position":2},"title":"Lo que el cambio no cambiar\u00e1","author":"Eder","date":"mi\u00e9rcoles, 29 Jul, 2015","format":false,"excerpt":"Lo que ha cambiado incluso en la Comunidad de Madrid, donde Cifuentes tom\u00f3 posesi\u00f3n de su cargo sin necesidad de tener un crucifijo a su vera (v\u00eddeo 1: Cristina Cifuentes promete su cargo), al igual que lo hab\u00eda hecho el actual jefe del Estado, Felipe de Borb\u00f3n, hace poco m\u00e1s\u2026","rel":"","context":"En \u00abNA\u00bb","block_context":{"text":"NA","link":"https:\/\/www.edder.org\/?cat=3"},"img":{"alt_text":"","src":"https:\/\/i0.wp.com\/www.edder.org\/upload\/2015\/07\/Unknown-3.jpg?resize=350%2C200&ssl=1","width":350,"height":200},"classes":[]},{"id":153,"url":"https:\/\/www.edder.org\/?p=153","url_meta":{"origin":4,"position":3},"title":"Mois\u00e9s","author":"Eder","date":"s\u00e1bado, 7 Jun, 2008","format":false,"excerpt":"Dice, \u00bfsab\u00eda que cualificados miembros de la direcci\u00f3n regionalista comentaban el domingo que \u201cDios tiene que ser de UPN\u201d, pues mientras diluviaba en todas partes, en Senda Viva, ese arca de No\u00e9 con dos animales de cada especie donde se celebraba la fiesta del navarrismo, la lluvia ni se insinu\u00f3?\u2026","rel":"","context":"En \u00abNA\u00bb","block_context":{"text":"NA","link":"https:\/\/www.edder.org\/?cat=3"},"img":{"alt_text":"","src":"","width":0,"height":0},"classes":[]},{"id":15100,"url":"https:\/\/www.edder.org\/?p=15100","url_meta":{"origin":4,"position":4},"title":"Las armas, Vox, Zabriskie Point, la ley, la trampa","author":"Eder","date":"viernes, 26 Abr, 2019","format":false,"excerpt":"Fragmento de la pel\u00edcula de Michelangelo Antonioni Zabriskie Point. Fragmento de una intervenci\u00f3n de la voz cantante, o ser\u00e1 mejor decir tonante, de Vox (YouTube). Hecha la ley, hecha la trampa: \u00a0","rel":"","context":"En \u00abCine\u00bb","block_context":{"text":"Cine","link":"https:\/\/www.edder.org\/?cat=79"},"img":{"alt_text":"","src":"https:\/\/i0.wp.com\/www.edder.org\/upload\/2019\/04\/zabriskie1.jpg?resize=350%2C200&ssl=1","width":350,"height":200},"classes":[]},{"id":700,"url":"https:\/\/www.edder.org\/?p=700","url_meta":{"origin":4,"position":5},"title":"En el \u201cReyno\u201d al rev\u00e9s","author":"Eder","date":"viernes, 30 Abr, 2010","format":false,"excerpt":"A los fariseos \u2013d\u00edcese de los hip\u00f3critas que fingen un alto rigor religioso y, lo que es m\u00e1s temible e inadmisible, tratan de imponer sus rigores a los dem\u00e1s\u2013, a los Sanz, Kutz, Sayas y Barcina que en materia de interrupci\u00f3n voluntaria del embarazo han hecho de este su Reyno\u2026","rel":"","context":"En \u00abNA\u00bb","block_context":{"text":"NA","link":"https:\/\/www.edder.org\/?cat=3"},"img":{"alt_text":"","src":"","width":0,"height":0},"classes":[]}],"jetpack_likes_enabled":true,"_links":{"self":[{"href":"https:\/\/www.edder.org\/index.php?rest_route=\/wp\/v2\/posts\/4","targetHints":{"allow":["GET"]}}],"collection":[{"href":"https:\/\/www.edder.org\/index.php?rest_route=\/wp\/v2\/posts"}],"about":[{"href":"https:\/\/www.edder.org\/index.php?rest_route=\/wp\/v2\/types\/post"}],"author":[{"embeddable":true,"href":"https:\/\/www.edder.org\/index.php?rest_route=\/wp\/v2\/users\/82"}],"replies":[{"embeddable":true,"href":"https:\/\/www.edder.org\/index.php?rest_route=%2Fwp%2Fv2%2Fcomments&post=4"}],"version-history":[{"count":0,"href":"https:\/\/www.edder.org\/index.php?rest_route=\/wp\/v2\/posts\/4\/revisions"}],"wp:attachment":[{"href":"https:\/\/www.edder.org\/index.php?rest_route=%2Fwp%2Fv2%2Fmedia&parent=4"}],"wp:term":[{"taxonomy":"category","embeddable":true,"href":"https:\/\/www.edder.org\/index.php?rest_route=%2Fwp%2Fv2%2Fcategories&post=4"},{"taxonomy":"post_tag","embeddable":true,"href":"https:\/\/www.edder.org\/index.php?rest_route=%2Fwp%2Fv2%2Ftags&post=4"}],"curies":[{"name":"wp","href":"https:\/\/api.w.org\/{rel}","templated":true}]}}