{"id":3993,"date":"2014-12-25T10:38:04","date_gmt":"2014-12-25T09:38:04","guid":{"rendered":"https:\/\/www.edder.org\/?p=3993"},"modified":"2018-07-27T16:37:00","modified_gmt":"2018-07-27T14:37:00","slug":"s-p-q-r-v-e-version-espanola","status":"publish","type":"post","link":"https:\/\/www.edder.org\/?p=3993","title":{"rendered":"S.P.Q.R. (versi\u00f3n espa\u00f1ola)"},"content":{"rendered":"<p>El senado pu&ntilde;os arriba:<\/p>\n<p><img decoding=\"async\" alt=\"\" class=\"lazyload aligncenter\" height=\"313\" src=\"data:image\/svg+xml,%3Csvg%20xmlns%3D%27http%3A%2F%2Fwww.w3.org%2F2000%2Fsvg%27%20width%3D%27567%27%20height%3D%27313%27%20viewBox%3D%270%200%20567%20313%27%3E%3Crect%20width%3D%27567%27%20height%3D%27313%27%20fill-opacity%3D%220%22%2F%3E%3C%2Fsvg%3E\" data-orig-src=\"http:\/\/edder.org\/images\/forza_italia.jpg\" width=\"567\" \/><\/p>\n<p>&nbsp;<\/p>\n<p>Y el pueblo con la Roma:<\/p>\n<p style=\"text-align: center;\"><div class=\"fusion-fullwidth fullwidth-box fusion-builder-row-1 hundred-percent-fullwidth non-hundred-percent-height-scrolling\" style=\"--awb-border-radius-top-left:0px;--awb-border-radius-top-right:0px;--awb-border-radius-bottom-right:0px;--awb-border-radius-bottom-left:0px;--awb-overflow:visible;--awb-flex-wrap:wrap;\" ><div class=\"fusion-builder-row fusion-row\"><div class=\"fusion-layout-column fusion_builder_column fusion-builder-column-0 fusion_builder_column_1_1 1_1 fusion-one-full fusion-column-first fusion-column-last fusion-column-no-min-height\" style=\"--awb-bg-size:cover;--awb-margin-bottom:0px;\"><div class=\"fusion-column-wrapper fusion-flex-column-wrapper-legacy\"><div class=\"video-shortcode\"><iframe title=\"Forza Italia!\" width=\"1200\" height=\"900\" src=\"https:\/\/www.youtube.com\/embed\/hn99AML61YY?feature=oembed\" frameborder=\"0\" allow=\"accelerometer; autoplay; clipboard-write; encrypted-media; gyroscope; picture-in-picture; web-share\" allowfullscreen><\/iframe><\/div>\n<p style=\"text-align: center;\">&nbsp;<\/p>\n<p style=\"text-align: center;\">Senatus Populus Que Romae, versi&oacute;n espa&ntilde;ola.<\/p>\n<p style=\"text-align: center;\">&nbsp;<\/p>\n<p>&nbsp;<\/p>\n<div class=\"fusion-clearfix\"><\/div><\/div><\/div><\/div><\/div><\/p>\n","protected":false},"excerpt":{"rendered":"<p>El senado pu&ntilde;os arriba: &nbsp; Y el pueblo con la Roma:<\/p>\n","protected":false},"author":82,"featured_media":0,"comment_status":"open","ping_status":"closed","sticky":false,"template":"","format":"standard","meta":{"jetpack_post_was_ever_published":false,"_jetpack_newsletter_access":"","_jetpack_dont_email_post_to_subs":false,"_jetpack_newsletter_tier_id":0,"_jetpack_memberships_contains_paywalled_content":false,"_jetpack_memberships_contains_paid_content":false,"footnotes":"","jetpack_publicize_message":"","jetpack_publicize_feature_enabled":true,"jetpack_social_post_already_shared":false,"jetpack_social_options":{"image_generator_settings":{"template":"highway","default_image_id":0,"font":"","enabled":false},"version":2}},"categories":[79,1],"tags":[200],"class_list":["post-3993","post","type-post","status-publish","format-standard","hentry","category-cine","category-sin-categorizar","tag-risi"],"jetpack_publicize_connections":[],"jetpack_featured_media_url":"","jetpack_shortlink":"https:\/\/wp.me\/p6kHv-12p","jetpack_sharing_enabled":true,"jetpack-related-posts":[{"id":11729,"url":"https:\/\/www.edder.org\/?p=11729","url_meta":{"origin":3993,"position":0},"title":"Remake","author":"Eder","date":"domingo, 31 May, 2015","format":false,"excerpt":"Secuencia de Gimme Shelter (Maysles Bros., 1970): \u00a0 \u00a0 Cartel de Una paloma se pos\u00f3 en una rama (Roy Andersson, 2014): [\/fusion_builder_column][\/fusion_builder_row][\/fusion_builder_container]","rel":"","context":"En \u00abSin categorizar\u00bb","block_context":{"text":"Sin categorizar","link":"https:\/\/www.edder.org\/?cat=1"},"img":{"alt_text":"","src":"https:\/\/i0.wp.com\/www.edder.org\/upload\/2015\/05\/Sin-ti%CC%81tulo-12.gif?resize=350%2C200&ssl=1","width":350,"height":200},"classes":[]},{"id":42997,"url":"https:\/\/www.edder.org\/?p=42997","url_meta":{"origin":3993,"position":1},"title":"Futbolmarianismo y regionalcatolicismo de los siglos XX y XXI","author":"Eder","date":"mi\u00e9rcoles, 21 Ago, 2024","format":false,"excerpt":"","rel":"","context":"En \u00abPrehistoria contempor\u00e1nea\u00bb","block_context":{"text":"Prehistoria contempor\u00e1nea","link":"https:\/\/www.edder.org\/?cat=90"},"img":{"alt_text":"","src":"https:\/\/i0.wp.com\/www.edder.org\/upload\/2024\/08\/athletic_begogna.png?resize=350%2C200&ssl=1","width":350,"height":200,"srcset":"https:\/\/i0.wp.com\/www.edder.org\/upload\/2024\/08\/athletic_begogna.png?resize=350%2C200&ssl=1 1x, https:\/\/i0.wp.com\/www.edder.org\/upload\/2024\/08\/athletic_begogna.png?resize=525%2C300&ssl=1 1.5x, https:\/\/i0.wp.com\/www.edder.org\/upload\/2024\/08\/athletic_begogna.png?resize=700%2C400&ssl=1 2x, https:\/\/i0.wp.com\/www.edder.org\/upload\/2024\/08\/athletic_begogna.png?resize=1050%2C600&ssl=1 3x"},"classes":[]},{"id":48,"url":"https:\/\/www.edder.org\/?p=48","url_meta":{"origin":3993,"position":2},"title":"Los \u00abmoritos\u00bb de del Burgo","author":"Eder","date":"viernes, 17 Mar, 2006","format":false,"excerpt":"Que dice del Burgo que dijo Berlusconi que tras los atentados del 11M por fuerza ten\u00eda que haber una mente espa\u00f1ola. Mente y espa\u00f1ola, en ese contexto, se entiende como algo redundante, pleon\u00e1stico. Por lo que del Burgo dice que dijo Berlusconi, se desprende que il Cavaliere no tiene mucha\u2026","rel":"","context":"En \u00abNA\u00bb","block_context":{"text":"NA","link":"https:\/\/www.edder.org\/?cat=3"},"img":{"alt_text":"","src":"","width":0,"height":0},"classes":[]},{"id":47917,"url":"https:\/\/www.edder.org\/?p=47917","url_meta":{"origin":3993,"position":3},"title":"Cultura \u2013y sociedad\u2013 navarra: \u00abmozorros y mozorritos\u00bb [sic]","author":"Eder","date":"jueves, 19 Feb, 2026","format":false,"excerpt":"","rel":"","context":"En \u00abActualidades\u00bb","block_context":{"text":"Actualidades","link":"https:\/\/www.edder.org\/?cat=802"},"img":{"alt_text":"","src":"https:\/\/i0.wp.com\/www.edder.org\/upload\/2026\/02\/Screenshot-2026-02-19-at-18.58.36.png?resize=350%2C200&ssl=1","width":350,"height":200,"srcset":"https:\/\/i0.wp.com\/www.edder.org\/upload\/2026\/02\/Screenshot-2026-02-19-at-18.58.36.png?resize=350%2C200&ssl=1 1x, https:\/\/i0.wp.com\/www.edder.org\/upload\/2026\/02\/Screenshot-2026-02-19-at-18.58.36.png?resize=525%2C300&ssl=1 1.5x, https:\/\/i0.wp.com\/www.edder.org\/upload\/2026\/02\/Screenshot-2026-02-19-at-18.58.36.png?resize=700%2C400&ssl=1 2x, https:\/\/i0.wp.com\/www.edder.org\/upload\/2026\/02\/Screenshot-2026-02-19-at-18.58.36.png?resize=1050%2C600&ssl=1 3x"},"classes":[]},{"id":11656,"url":"https:\/\/www.edder.org\/?p=11656","url_meta":{"origin":3993,"position":4},"title":"Diferencias entre la polic\u00eda espa\u00f1ola y la brit\u00e1nica","author":"Eder","date":"martes, 12 May, 2015","format":false,"excerpt":"Paseo del Prado (Madrid): la polic\u00eda espa\u00f1ola esposa a un peligroso anciano que exhib\u00eda una pancarta en contra de la subida de precios en el trasporte p\u00fablico: Foto: Olga Rodr\u00edguez. \u00a0 Trafalgar Square: agentes de la Polic\u00eda Metropolitana de Londres facilita la protesta de un grupo de ecologistas que asaltan\u2026","rel":"","context":"En \u00abSin categorizar\u00bb","block_context":{"text":"Sin categorizar","link":"https:\/\/www.edder.org\/?cat=1"},"img":{"alt_text":"","src":"https:\/\/i0.wp.com\/www.edder.org\/upload\/2015\/05\/mini.jpg?resize=350%2C200&ssl=1","width":350,"height":200,"srcset":"https:\/\/i0.wp.com\/www.edder.org\/upload\/2015\/05\/mini.jpg?resize=350%2C200&ssl=1 1x, https:\/\/i0.wp.com\/www.edder.org\/upload\/2015\/05\/mini.jpg?resize=525%2C300&ssl=1 1.5x"},"classes":[]},{"id":1867,"url":"https:\/\/www.edder.org\/?p=1867","url_meta":{"origin":3993,"position":5},"title":"Hacia la derrota","author":"Eder","date":"martes, 17 May, 2011","format":false,"excerpt":"Dos leales a la Rep\u00fablica espa\u00f1ola:","rel":"","context":"En \u00abSin categorizar\u00bb","block_context":{"text":"Sin categorizar","link":"https:\/\/www.edder.org\/?cat=1"},"img":{"alt_text":"","src":"https:\/\/i0.wp.com\/edder.org\/images\/leales.jpg?resize=350%2C200","width":350,"height":200,"srcset":"https:\/\/i0.wp.com\/edder.org\/images\/leales.jpg?resize=350%2C200 1x, https:\/\/i0.wp.com\/edder.org\/images\/leales.jpg?resize=525%2C300 1.5x"},"classes":[]}],"jetpack_likes_enabled":true,"_links":{"self":[{"href":"https:\/\/www.edder.org\/index.php?rest_route=\/wp\/v2\/posts\/3993","targetHints":{"allow":["GET"]}}],"collection":[{"href":"https:\/\/www.edder.org\/index.php?rest_route=\/wp\/v2\/posts"}],"about":[{"href":"https:\/\/www.edder.org\/index.php?rest_route=\/wp\/v2\/types\/post"}],"author":[{"embeddable":true,"href":"https:\/\/www.edder.org\/index.php?rest_route=\/wp\/v2\/users\/82"}],"replies":[{"embeddable":true,"href":"https:\/\/www.edder.org\/index.php?rest_route=%2Fwp%2Fv2%2Fcomments&post=3993"}],"version-history":[{"count":0,"href":"https:\/\/www.edder.org\/index.php?rest_route=\/wp\/v2\/posts\/3993\/revisions"}],"wp:attachment":[{"href":"https:\/\/www.edder.org\/index.php?rest_route=%2Fwp%2Fv2%2Fmedia&parent=3993"}],"wp:term":[{"taxonomy":"category","embeddable":true,"href":"https:\/\/www.edder.org\/index.php?rest_route=%2Fwp%2Fv2%2Fcategories&post=3993"},{"taxonomy":"post_tag","embeddable":true,"href":"https:\/\/www.edder.org\/index.php?rest_route=%2Fwp%2Fv2%2Ftags&post=3993"}],"curies":[{"name":"wp","href":"https:\/\/api.w.org\/{rel}","templated":true}]}}