{"id":3912,"date":"2014-12-08T21:23:35","date_gmt":"2014-12-08T20:23:35","guid":{"rendered":"https:\/\/www.edder.org\/?p=3912"},"modified":"2014-12-08T21:23:35","modified_gmt":"2014-12-08T20:23:35","slug":"%c2%ablos-del-derribo-estan-entrando-en-su-casa%c2%bb","status":"publish","type":"post","link":"https:\/\/www.edder.org\/?p=3912","title":{"rendered":"\u00abLos del derribo est\u00e1n entrando en su casa\u00bb"},"content":{"rendered":"<p style=\"text-align: center;\">&nbsp;<\/p>\n<p style=\"text-align: center;\"><div class=\"video-shortcode\"><iframe title=\"Desahucio\" width=\"1200\" height=\"675\" src=\"https:\/\/www.youtube.com\/embed\/7pkhcf4orEU?feature=oembed\" frameborder=\"0\" allow=\"accelerometer; autoplay; clipboard-write; encrypted-media; gyroscope; picture-in-picture; web-share\" allowfullscreen><\/iframe><\/div><\/p>\n","protected":false},"excerpt":{"rendered":"<p>&nbsp;<\/p>\n","protected":false},"author":82,"featured_media":0,"comment_status":"open","ping_status":"closed","sticky":false,"template":"","format":"standard","meta":{"jetpack_post_was_ever_published":false,"_jetpack_newsletter_access":"","_jetpack_dont_email_post_to_subs":false,"_jetpack_newsletter_tier_id":0,"_jetpack_memberships_contains_paywalled_content":false,"_jetpack_memberships_contains_paid_content":false,"footnotes":"","jetpack_publicize_message":"","jetpack_publicize_feature_enabled":true,"jetpack_social_post_already_shared":false,"jetpack_social_options":{"image_generator_settings":{"template":"highway","default_image_id":0,"font":"","enabled":false},"version":2}},"categories":[79,1],"tags":[374],"class_list":["post-3912","post","type-post","status-publish","format-standard","hentry","category-cine","category-sin-categorizar","tag-fernan-gomez"],"jetpack_publicize_connections":[],"jetpack_featured_media_url":"","jetpack_shortlink":"https:\/\/wp.me\/p6kHv-116","jetpack_sharing_enabled":true,"jetpack-related-posts":[{"id":12261,"url":"https:\/\/www.edder.org\/?p=12261","url_meta":{"origin":3912,"position":0},"title":"National Gallery: excedencia permanente","author":"Eder","date":"lunes, 7 Sep, 2015","format":false,"excerpt":"La depredaci\u00f3n neoliberal ronda ahora por los museos p\u00fablicos, como la National Gallery de Londres, donde los empleados, entre los que se cuentra la protagonista del siguiente v\u00eddeo \u2013debido a Frederick Wiseman\u2013, est\u00e1n en serio peligro de encontrarse pronto en lo que aquel personaje de Jean Renoir llamaba eufem\u00edsticamente una\u2026","rel":"","context":"En \u00abSin categorizar\u00bb","block_context":{"text":"Sin categorizar","link":"https:\/\/www.edder.org\/?cat=1"},"img":{"alt_text":"","src":"https:\/\/i0.wp.com\/www.edder.org\/upload\/2015\/09\/guia.gif?resize=350%2C200&ssl=1","width":350,"height":200,"srcset":"https:\/\/i0.wp.com\/www.edder.org\/upload\/2015\/09\/guia.gif?resize=350%2C200&ssl=1 1x, https:\/\/i0.wp.com\/www.edder.org\/upload\/2015\/09\/guia.gif?resize=525%2C300&ssl=1 1.5x"},"classes":[]},{"id":3847,"url":"https:\/\/www.edder.org\/?p=3847","url_meta":{"origin":3912,"position":1},"title":"I&#8217;m a charlat\u00e1n","author":"Eder","date":"viernes, 14 Nov, 2014","format":false,"excerpt":"","rel":"","context":"En \u00abArtes\u00bb","block_context":{"text":"Artes","link":"https:\/\/www.edder.org\/?cat=85"},"img":{"alt_text":"","src":"https:\/\/i0.wp.com\/www.edder.org\/upload\/2014\/11\/Screen-Shot-2015-08-02-at-12.58.24.png?resize=350%2C200&ssl=1","width":350,"height":200},"classes":[]},{"id":13089,"url":"https:\/\/www.edder.org\/?p=13089","url_meta":{"origin":3912,"position":2},"title":"Summertime (tiempo de feriantes)","author":"Eder","date":"martes, 19 Jul, 2016","format":false,"excerpt":"Summertime and the livin' is [not so] easy\u2026 De Tralas luces, la pel\u00edcula de Sandra S\u00e1nchez que la casa se complace mucho en recomendar: \u00a0","rel":"","context":"En \u00abCine\u00bb","block_context":{"text":"Cine","link":"https:\/\/www.edder.org\/?cat=79"},"img":{"alt_text":"","src":"https:\/\/i0.wp.com\/www.edder.org\/upload\/2016\/07\/tralas.jpg?resize=350%2C200&ssl=1","width":350,"height":200},"classes":[]},{"id":129,"url":"https:\/\/www.edder.org\/?p=129","url_meta":{"origin":3912,"position":3},"title":"Rob\u00f3tica y rebotica","author":"Eder","date":"viernes, 11 Ene, 2008","format":false,"excerpt":"Hoy, como suele decirse en la radio, quisiera dar un testimonio humano. Humano en el sentido amplio, ampl\u00edsimo del t\u00e9rmino. Yo no oigo mucho la radio y, escucharla, la escucho algo menos. A menudo la oigo, como creo que es habitual entre mis cong\u00e9neres, como quien oye llover. En esas\u2026","rel":"","context":"En \u00abSin categorizar\u00bb","block_context":{"text":"Sin categorizar","link":"https:\/\/www.edder.org\/?cat=1"},"img":{"alt_text":"","src":"","width":0,"height":0},"classes":[]},{"id":3726,"url":"https:\/\/www.edder.org\/?p=3726","url_meta":{"origin":3912,"position":4},"title":"YouTube is fantastic","author":"Eder","date":"domingo, 27 Jul, 2014","format":false,"excerpt":"I love YouTube:","rel":"","context":"En \u00abCine\u00bb","block_context":{"text":"Cine","link":"https:\/\/www.edder.org\/?cat=79"},"img":{"alt_text":"","src":"https:\/\/i0.wp.com\/www.edder.org\/upload\/2014\/07\/vlcsnap-2015-08-16-11h14m52s47.png?resize=350%2C200&ssl=1","width":350,"height":200},"classes":[]},{"id":13315,"url":"https:\/\/www.edder.org\/?p=13315","url_meta":{"origin":3912,"position":5},"title":"Sorpasso irregolare","author":"Eder","date":"mi\u00e9rcoles, 5 Oct, 2016","format":false,"excerpt":"\u00a1Ay del columnista espa\u00f1ol que no saque a pasear la palabra sorpasso! O expresiones tan t\u00f3picas del momento como \u00ablineas rojas\u00bb o \u00abconstruir el relato\u00bb. \u00a0\u00a0 All\u00e1 por los 60, hubo una temporada en la que, en lengua castellana, se llev\u00f3 la palabra sorpasso como sin\u00f3nimo de hortera y bocazas.\u2026","rel":"","context":"En \u00abCine\u00bb","block_context":{"text":"Cine","link":"https:\/\/www.edder.org\/?cat=79"},"img":{"alt_text":"","src":"https:\/\/i0.wp.com\/www.edder.org\/upload\/2016\/10\/sorpasso_poster.jpg?resize=350%2C200&ssl=1","width":350,"height":200},"classes":[]}],"jetpack_likes_enabled":true,"_links":{"self":[{"href":"https:\/\/www.edder.org\/index.php?rest_route=\/wp\/v2\/posts\/3912","targetHints":{"allow":["GET"]}}],"collection":[{"href":"https:\/\/www.edder.org\/index.php?rest_route=\/wp\/v2\/posts"}],"about":[{"href":"https:\/\/www.edder.org\/index.php?rest_route=\/wp\/v2\/types\/post"}],"author":[{"embeddable":true,"href":"https:\/\/www.edder.org\/index.php?rest_route=\/wp\/v2\/users\/82"}],"replies":[{"embeddable":true,"href":"https:\/\/www.edder.org\/index.php?rest_route=%2Fwp%2Fv2%2Fcomments&post=3912"}],"version-history":[{"count":0,"href":"https:\/\/www.edder.org\/index.php?rest_route=\/wp\/v2\/posts\/3912\/revisions"}],"wp:attachment":[{"href":"https:\/\/www.edder.org\/index.php?rest_route=%2Fwp%2Fv2%2Fmedia&parent=3912"}],"wp:term":[{"taxonomy":"category","embeddable":true,"href":"https:\/\/www.edder.org\/index.php?rest_route=%2Fwp%2Fv2%2Fcategories&post=3912"},{"taxonomy":"post_tag","embeddable":true,"href":"https:\/\/www.edder.org\/index.php?rest_route=%2Fwp%2Fv2%2Ftags&post=3912"}],"curies":[{"name":"wp","href":"https:\/\/api.w.org\/{rel}","templated":true}]}}