{"id":3904,"date":"2014-12-04T23:42:34","date_gmt":"2014-12-04T22:42:34","guid":{"rendered":"https:\/\/www.edder.org\/?p=3904"},"modified":"2015-08-09T21:40:13","modified_gmt":"2015-08-09T20:40:13","slug":"un-cargo-de-conciencia-de-mr-welles","status":"publish","type":"post","link":"https:\/\/www.edder.org\/?p=3904","title":{"rendered":"Un cargo de conciencia de mr. Welles"},"content":{"rendered":"<p>&nbsp;<\/p>\n<p style=\"text-align: center;\"><div class=\"video-shortcode\"><iframe title=\"Orson Welles in politics\" width=\"1200\" height=\"675\" src=\"https:\/\/www.youtube.com\/embed\/JC1bLM-mvvE?feature=oembed\" frameborder=\"0\" allow=\"accelerometer; autoplay; clipboard-write; encrypted-media; gyroscope; picture-in-picture; web-share\" allowfullscreen><\/iframe><\/div><\/p>\n","protected":false},"excerpt":{"rendered":"<p>&nbsp;<\/p>\n","protected":false},"author":82,"featured_media":12116,"comment_status":"open","ping_status":"closed","sticky":false,"template":"","format":"standard","meta":{"jetpack_post_was_ever_published":false,"_jetpack_newsletter_access":"","_jetpack_dont_email_post_to_subs":false,"_jetpack_newsletter_tier_id":0,"_jetpack_memberships_contains_paywalled_content":false,"_jetpack_memberships_contains_paid_content":false,"footnotes":"","jetpack_publicize_message":"","jetpack_publicize_feature_enabled":true,"jetpack_social_post_already_shared":false,"jetpack_social_options":{"image_generator_settings":{"template":"highway","default_image_id":0,"font":"","enabled":false},"version":2}},"categories":[79,1],"tags":[137],"class_list":["post-3904","post","type-post","status-publish","format-standard","has-post-thumbnail","hentry","category-cine","category-sin-categorizar","tag-orson-welles"],"jetpack_publicize_connections":[],"jetpack_featured_media_url":"https:\/\/www.edder.org\/upload\/2014\/12\/Screen-Shot-2015-08-09-at-22.39.00.png","jetpack_shortlink":"https:\/\/wp.me\/p6kHv-10Y","jetpack_sharing_enabled":true,"jetpack-related-posts":[{"id":4470,"url":"https:\/\/www.edder.org\/?p=4470","url_meta":{"origin":3904,"position":0},"title":"\u00c1vila y Teresa de","author":"Eder","date":"viernes, 17 Abr, 2015","format":false,"excerpt":"\u00c1vila, un lugar extra\u00f1o y tr\u00e1gico: \u00a0 Y Teresa de \u00c1vila a\u00a0 la extra\u00f1a y tr\u00e1gica manera de Orson Welles:","rel":"","context":"En \u00abCine\u00bb","block_context":{"text":"Cine","link":"https:\/\/www.edder.org\/?cat=79"},"img":{"alt_text":"","src":"https:\/\/i0.wp.com\/www.edder.org\/upload\/2015\/04\/welles.jpg?resize=350%2C200&ssl=1","width":350,"height":200,"srcset":"https:\/\/i0.wp.com\/www.edder.org\/upload\/2015\/04\/welles.jpg?resize=350%2C200&ssl=1 1x, https:\/\/i0.wp.com\/www.edder.org\/upload\/2015\/04\/welles.jpg?resize=525%2C300&ssl=1 1.5x, https:\/\/i0.wp.com\/www.edder.org\/upload\/2015\/04\/welles.jpg?resize=700%2C400&ssl=1 2x"},"classes":[]},{"id":3847,"url":"https:\/\/www.edder.org\/?p=3847","url_meta":{"origin":3904,"position":1},"title":"I&#8217;m a charlat\u00e1n","author":"Eder","date":"viernes, 14 Nov, 2014","format":false,"excerpt":"","rel":"","context":"En \u00abArtes\u00bb","block_context":{"text":"Artes","link":"https:\/\/www.edder.org\/?cat=85"},"img":{"alt_text":"","src":"https:\/\/i0.wp.com\/www.edder.org\/upload\/2014\/11\/Screen-Shot-2015-08-02-at-12.58.24.png?resize=350%2C200&ssl=1","width":350,"height":200},"classes":[]},{"id":12132,"url":"https:\/\/www.edder.org\/?p=12132","url_meta":{"origin":3904,"position":2},"title":"De Disney a Kane","author":"Eder","date":"viernes, 14 Ago, 2015","format":false,"excerpt":"El plagio es leg\u00edtimo si mejora el original. Si no, no.","rel":"","context":"En \u00abCine\u00bb","block_context":{"text":"Cine","link":"https:\/\/www.edder.org\/?cat=79"},"img":{"alt_text":"","src":"https:\/\/i0.wp.com\/www.edder.org\/upload\/2015\/08\/blan2.jpg?resize=350%2C200&ssl=1","width":350,"height":200},"classes":[]},{"id":3456,"url":"https:\/\/www.edder.org\/?p=3456","url_meta":{"origin":3904,"position":3},"title":"Marxista y cat\u00f3lico \u00abandato a male\u00bb","author":"Eder","date":"mi\u00e9rcoles, 8 Ene, 2014","format":false,"excerpt":"Pasolini: marxista y cat\u00f3lico \u00abandato a male\u00bb\u2026","rel":"","context":"En \u00abCine\u00bb","block_context":{"text":"Cine","link":"https:\/\/www.edder.org\/?cat=79"},"img":{"alt_text":"","src":"","width":0,"height":0},"classes":[]},{"id":2196,"url":"https:\/\/www.edder.org\/?p=2196","url_meta":{"origin":3904,"position":4},"title":"Con ustedes, Orson Welles","author":"Eder","date":"s\u00e1bado, 3 Dic, 2011","format":false,"excerpt":"","rel":"","context":"En \u00abCine\u00bb","block_context":{"text":"Cine","link":"https:\/\/www.edder.org\/?cat=79"},"img":{"alt_text":"","src":"","width":0,"height":0},"classes":[]},{"id":15076,"url":"https:\/\/www.edder.org\/?p=15076","url_meta":{"origin":3904,"position":5},"title":"Notre drame (viento de Par\u00eds)","author":"Eder","date":"martes, 16 Abr, 2019","format":false,"excerpt":"Nuestras obras en piedra, pintadas, impresas... est\u00e1n a salvo, algunas de ellas por unas d\u00e9cadas, o por un milenio o dos, pero finalmente todo deber\u00e1 caer en la guerra o desaparecer en las cenizas universales. Las grandes obras y los fraudes, los tesoros y las falsificaciones. Es ley de vida.\u2026","rel":"","context":"En \u00abArtes\u00bb","block_context":{"text":"Artes","link":"https:\/\/www.edder.org\/?cat=85"},"img":{"alt_text":"","src":"https:\/\/i0.wp.com\/www.edder.org\/upload\/2019\/04\/note_drame-copia.jpg?resize=350%2C200&ssl=1","width":350,"height":200,"srcset":"https:\/\/i0.wp.com\/www.edder.org\/upload\/2019\/04\/note_drame-copia.jpg?resize=350%2C200&ssl=1 1x, https:\/\/i0.wp.com\/www.edder.org\/upload\/2019\/04\/note_drame-copia.jpg?resize=525%2C300&ssl=1 1.5x"},"classes":[]}],"jetpack_likes_enabled":true,"_links":{"self":[{"href":"https:\/\/www.edder.org\/index.php?rest_route=\/wp\/v2\/posts\/3904","targetHints":{"allow":["GET"]}}],"collection":[{"href":"https:\/\/www.edder.org\/index.php?rest_route=\/wp\/v2\/posts"}],"about":[{"href":"https:\/\/www.edder.org\/index.php?rest_route=\/wp\/v2\/types\/post"}],"author":[{"embeddable":true,"href":"https:\/\/www.edder.org\/index.php?rest_route=\/wp\/v2\/users\/82"}],"replies":[{"embeddable":true,"href":"https:\/\/www.edder.org\/index.php?rest_route=%2Fwp%2Fv2%2Fcomments&post=3904"}],"version-history":[{"count":0,"href":"https:\/\/www.edder.org\/index.php?rest_route=\/wp\/v2\/posts\/3904\/revisions"}],"wp:featuredmedia":[{"embeddable":true,"href":"https:\/\/www.edder.org\/index.php?rest_route=\/wp\/v2\/media\/12116"}],"wp:attachment":[{"href":"https:\/\/www.edder.org\/index.php?rest_route=%2Fwp%2Fv2%2Fmedia&parent=3904"}],"wp:term":[{"taxonomy":"category","embeddable":true,"href":"https:\/\/www.edder.org\/index.php?rest_route=%2Fwp%2Fv2%2Fcategories&post=3904"},{"taxonomy":"post_tag","embeddable":true,"href":"https:\/\/www.edder.org\/index.php?rest_route=%2Fwp%2Fv2%2Ftags&post=3904"}],"curies":[{"name":"wp","href":"https:\/\/api.w.org\/{rel}","templated":true}]}}