{"id":38748,"date":"2020-05-25T18:04:55","date_gmt":"2020-05-25T16:04:55","guid":{"rendered":"https:\/\/www.edder.org\/?p=38748"},"modified":"2020-05-26T17:57:57","modified_gmt":"2020-05-26T15:57:57","slug":"cuando-la-clase-obrera-salia-de-la-fabrica","status":"publish","type":"post","link":"https:\/\/www.edder.org\/?p=38748","title":{"rendered":"La clase obrera y los toros de Pamplona"},"content":{"rendered":"<p>El r\u00edo arrollador de la clase obrera a la salida de la f\u00e1brica. Algo as\u00ed como los torosos de Pamplona. Incluso hasta mediados de los 70. Antes del cambio clim\u00e1tico laboral, claro:<\/p>\n<div style=\"width: 1200px;\" class=\"wp-video\"><video class=\"wp-video-shortcode\" id=\"video-38748-1\" width=\"1200\" height=\"675\" autoplay preload=\"metadata\" controls=\"controls\"><source type=\"video\/mp4\" src=\"http:\/\/edder.org\/movies\/clase_operaria.mp4?_=1\" \/><a href=\"http:\/\/edder.org\/movies\/clase_operaria.mp4\">http:\/\/edder.org\/movies\/clase_operaria.mp4<\/a><\/video><\/div>\n","protected":false},"excerpt":{"rendered":"<p>El r\u00edo arrollador de la clase obrera a la salida de la f\u00e1brica. Algo as\u00ed como los torosos de Pamplona. Incluso hasta mediados de los 70. Antes del cambio clim\u00e1tico laboral, claro:<\/p>\n","protected":false},"author":82,"featured_media":38752,"comment_status":"open","ping_status":"open","sticky":false,"template":"","format":"standard","meta":{"jetpack_post_was_ever_published":false,"_jetpack_newsletter_access":"","_jetpack_dont_email_post_to_subs":false,"_jetpack_newsletter_tier_id":0,"_jetpack_memberships_contains_paywalled_content":false,"_jetpack_memberships_contains_paid_content":false,"footnotes":"","jetpack_publicize_message":"","jetpack_publicize_feature_enabled":true,"jetpack_social_post_already_shared":true,"jetpack_social_options":{"image_generator_settings":{"template":"highway","default_image_id":0,"font":"","enabled":false},"version":2}},"categories":[90],"tags":[],"class_list":["post-38748","post","type-post","status-publish","format-standard","has-post-thumbnail","hentry","category-prehistoria-contemporanea"],"jetpack_publicize_connections":[],"jetpack_featured_media_url":"https:\/\/www.edder.org\/upload\/2020\/05\/vacarme.jpg","jetpack_shortlink":"https:\/\/wp.me\/p6kHv-a4Y","jetpack_sharing_enabled":true,"jetpack-related-posts":[{"id":565,"url":"https:\/\/www.edder.org\/?p=565","url_meta":{"origin":38748,"position":0},"title":"El sue\u00f1o de Kafka o la Pamplona de Zulueta","author":"Eder","date":"jueves, 21 Ene, 2010","format":false,"excerpt":"La tragedia de las estrellas, dice en alguno de sus libros Serge Daney, es ser sustituidas en vida por su imagen. La tragedia de las estrellas y la de los malditos. Me acuerdo como si fuera ayer de la unci\u00f3n con que a mediados de los 80 vimos Arrebato, de\u2026","rel":"","context":"En \u00abNA\u00bb","block_context":{"text":"NA","link":"https:\/\/www.edder.org\/?cat=3"},"img":{"alt_text":"","src":"","width":0,"height":0},"classes":[]},{"id":57,"url":"https:\/\/www.edder.org\/?p=57","url_meta":{"origin":38748,"position":1},"title":"Altura dial\u00e9ctica","author":"Eder","date":"viernes, 19 May, 2006","format":false,"excerpt":"Pues Dios ha muerto y tampoco es que nosotros estemos muy cat\u00f3licos. Los grandes discursos murieron y tampoco es que el arte de argumentar viva horas de esplendor. Si la alcaldesa de Pamplona puede argumentar que no condena los asesinatos de seis concejales de Pamplona por haberse producido estos cuando\u2026","rel":"","context":"En \u00abNA\u00bb","block_context":{"text":"NA","link":"https:\/\/www.edder.org\/?cat=3"},"img":{"alt_text":"","src":"","width":0,"height":0},"classes":[]},{"id":154,"url":"https:\/\/www.edder.org\/?p=154","url_meta":{"origin":38748,"position":2},"title":"Suavemente me mata","author":"Eder","date":"viernes, 13 Jun, 2008","format":false,"excerpt":"Urge que una autoridad como la doctora en Farmacia Yolanda Barcina despeje las dudas que inquietan a la poblaci\u00f3n sobre qu\u00e9 clase de energizante, revitalizante o estimulante es el Red Bull. Como ya han se\u00f1alado los cronistas, san Google bendito enturbia m\u00e1s que elucida la cuesti\u00f3n. Que se pronuncie la\u2026","rel":"","context":"En \u00abNA\u00bb","block_context":{"text":"NA","link":"https:\/\/www.edder.org\/?cat=3"},"img":{"alt_text":"","src":"","width":0,"height":0},"classes":[]},{"id":13382,"url":"https:\/\/www.edder.org\/?p=13382","url_meta":{"origin":38748,"position":3},"title":"Pamplona en el tardofranquismo","author":"Eder","date":"s\u00e1bado, 19 Nov, 2016","format":false,"excerpt":"Miguel \u00c1ngel Muez (Artajona, 1927 - Pamplona, 2016)","rel":"","context":"En \u00abNA\u00bb","block_context":{"text":"NA","link":"https:\/\/www.edder.org\/?cat=3"},"img":{"alt_text":"","src":"https:\/\/i0.wp.com\/www.edder.org\/upload\/2016\/11\/vlcsnap-2016-11-19-12h47m20s207.png?resize=350%2C200&ssl=1","width":350,"height":200,"srcset":"https:\/\/i0.wp.com\/www.edder.org\/upload\/2016\/11\/vlcsnap-2016-11-19-12h47m20s207.png?resize=350%2C200&ssl=1 1x, https:\/\/i0.wp.com\/www.edder.org\/upload\/2016\/11\/vlcsnap-2016-11-19-12h47m20s207.png?resize=525%2C300&ssl=1 1.5x"},"classes":[]},{"id":114,"url":"https:\/\/www.edder.org\/?p=114","url_meta":{"origin":38748,"position":4},"title":"Memoria y olvido","author":"Eder","date":"viernes, 19 Oct, 2007","format":false,"excerpt":"La desalentadoras declaraciones a las agencias de prensa en materia c\u00edvica del nuevo arzobispo de Pamplona y obispo de Tudela, se\u00f1or P\u00e9rez \u2013el se\u00f1or que al hilo de la llamada Ley de Memoria ha hablado de la irreversibilidad de los pantanos franquistas: ese mismo se\u00f1or que nos invita al saludable\u2026","rel":"","context":"En \u00abNA\u00bb","block_context":{"text":"NA","link":"https:\/\/www.edder.org\/?cat=3"},"img":{"alt_text":"","src":"","width":0,"height":0},"classes":[]},{"id":2864,"url":"https:\/\/www.edder.org\/?p=2864","url_meta":{"origin":38748,"position":5},"title":"El aspecto del miedo","author":"Eder","date":"martes, 29 Ene, 2013","format":false,"excerpt":"\u00a0 \u00a0 Puede verse tambi\u00e9n: Pamplona, 1937 (parte I) \u00a0 \u00a0 Pamplona, 1937 (parte II) \u00a0 \u00a0","rel":"","context":"En \u00abNA\u00bb","block_context":{"text":"NA","link":"https:\/\/www.edder.org\/?cat=3"},"img":{"alt_text":"","src":"","width":0,"height":0},"classes":[]}],"jetpack_likes_enabled":true,"_links":{"self":[{"href":"https:\/\/www.edder.org\/index.php?rest_route=\/wp\/v2\/posts\/38748","targetHints":{"allow":["GET"]}}],"collection":[{"href":"https:\/\/www.edder.org\/index.php?rest_route=\/wp\/v2\/posts"}],"about":[{"href":"https:\/\/www.edder.org\/index.php?rest_route=\/wp\/v2\/types\/post"}],"author":[{"embeddable":true,"href":"https:\/\/www.edder.org\/index.php?rest_route=\/wp\/v2\/users\/82"}],"replies":[{"embeddable":true,"href":"https:\/\/www.edder.org\/index.php?rest_route=%2Fwp%2Fv2%2Fcomments&post=38748"}],"version-history":[{"count":0,"href":"https:\/\/www.edder.org\/index.php?rest_route=\/wp\/v2\/posts\/38748\/revisions"}],"wp:featuredmedia":[{"embeddable":true,"href":"https:\/\/www.edder.org\/index.php?rest_route=\/wp\/v2\/media\/38752"}],"wp:attachment":[{"href":"https:\/\/www.edder.org\/index.php?rest_route=%2Fwp%2Fv2%2Fmedia&parent=38748"}],"wp:term":[{"taxonomy":"category","embeddable":true,"href":"https:\/\/www.edder.org\/index.php?rest_route=%2Fwp%2Fv2%2Fcategories&post=38748"},{"taxonomy":"post_tag","embeddable":true,"href":"https:\/\/www.edder.org\/index.php?rest_route=%2Fwp%2Fv2%2Ftags&post=38748"}],"curies":[{"name":"wp","href":"https:\/\/api.w.org\/{rel}","templated":true}]}}