{"id":38663,"date":"2020-04-05T18:05:55","date_gmt":"2020-04-05T16:05:55","guid":{"rendered":"https:\/\/www.edder.org\/?p=38663"},"modified":"2020-09-04T17:18:04","modified_gmt":"2020-09-04T15:18:04","slug":"straub-bernanos-la-france-contre-los-robots-1945","status":"publish","type":"post","link":"https:\/\/www.edder.org\/?p=38663","title":{"rendered":"Straub &#8211; Bernanos: La France contre les Robots (1945)"},"content":{"rendered":"<div style=\"width: 1200px;\" class=\"wp-video\"><video class=\"wp-video-shortcode\" id=\"video-38663-1\" width=\"1200\" height=\"675\" autoplay preload=\"metadata\" controls=\"controls\"><source type=\"video\/mp4\" src=\"http:\/\/edder.org\/movies\/straub_bernanos.mp4?_=1\" \/><a href=\"http:\/\/edder.org\/movies\/straub_bernanos.mp4\">http:\/\/edder.org\/movies\/straub_bernanos.mp4<\/a><\/video><\/div>\n","protected":false},"excerpt":{"rendered":"","protected":false},"author":82,"featured_media":38664,"comment_status":"open","ping_status":"open","sticky":false,"template":"","format":"standard","meta":{"jetpack_post_was_ever_published":false,"_jetpack_newsletter_access":"","_jetpack_dont_email_post_to_subs":false,"_jetpack_newsletter_tier_id":0,"_jetpack_memberships_contains_paywalled_content":false,"_jetpack_memberships_contains_paid_content":false,"footnotes":"","jetpack_publicize_message":"","jetpack_publicize_feature_enabled":true,"jetpack_social_post_already_shared":true,"jetpack_social_options":{"image_generator_settings":{"template":"highway","default_image_id":0,"font":"","enabled":false},"version":2}},"categories":[79],"tags":[652,100],"class_list":["post-38663","post","type-post","status-publish","format-standard","has-post-thumbnail","hentry","category-cine","tag-bernanos","tag-huillet-straub"],"jetpack_publicize_connections":[],"jetpack_featured_media_url":"https:\/\/www.edder.org\/upload\/2020\/04\/straub2.jpg","jetpack_shortlink":"https:\/\/wp.me\/p6kHv-a3B","jetpack_sharing_enabled":true,"jetpack-related-posts":[{"id":3203,"url":"https:\/\/www.edder.org\/?p=3203","url_meta":{"origin":38663,"position":0},"title":"Orwell, Trilling, Bernanos\u2026","author":"Eder","date":"martes, 1 Oct, 2013","format":false,"excerpt":"Orwell, Trilling, Bernanos\u2026 TVE, 1987.","rel":"","context":"En \u00abLetras\u00bb","block_context":{"text":"Letras","link":"https:\/\/www.edder.org\/?cat=93"},"img":{"alt_text":"","src":"","width":0,"height":0},"classes":[]},{"id":12920,"url":"https:\/\/www.edder.org\/?p=12920","url_meta":{"origin":38663,"position":1},"title":"Straub: \u00abEl inconsolable\u00bb","author":"Eder","date":"lunes, 16 May, 2016","format":false,"excerpt":"Pavese seg\u00fan Straub, o Straub seg\u00fan Straub, o el viento en los helechos.","rel":"","context":"En \u00abCine\u00bb","block_context":{"text":"Cine","link":"https:\/\/www.edder.org\/?cat=79"},"img":{"alt_text":"","src":"https:\/\/i0.wp.com\/www.edder.org\/upload\/2016\/05\/inconsolable.jpg?resize=350%2C200&ssl=1","width":350,"height":200},"classes":[]},{"id":41262,"url":"https:\/\/www.edder.org\/?p=41262","url_meta":{"origin":38663,"position":2},"title":"Jean-Marie Straub (1933-2022)","author":"Eder","date":"domingo, 20 Nov, 2022","format":false,"excerpt":"","rel":"","context":"En \u00abCine\u00bb","block_context":{"text":"Cine","link":"https:\/\/www.edder.org\/?cat=79"},"img":{"alt_text":"","src":"https:\/\/i0.wp.com\/www.edder.org\/upload\/2022\/11\/straub.jpg?resize=350%2C200&ssl=1","width":350,"height":200},"classes":[]},{"id":926,"url":"https:\/\/www.edder.org\/?p=926","url_meta":{"origin":38663,"position":3},"title":"A, e, i, o, u, por Huillet &#038; Straub","author":"Eder","date":"martes, 17 Ago, 2010","format":false,"excerpt":"Extraordinario: a, e, i, o, u. Dani\u00e8le Huillet y Jean-Marie Straub a partir de un texto de Elio Vittorini:","rel":"","context":"En \u00abArtes\u00bb","block_context":{"text":"Artes","link":"https:\/\/www.edder.org\/?cat=85"},"img":{"alt_text":"","src":"","width":0,"height":0},"classes":[]},{"id":38697,"url":"https:\/\/www.edder.org\/?p=38697","url_meta":{"origin":38663,"position":4},"title":"Los d\u00edas bald\u00edos","author":"Eder","date":"martes, 21 Abr, 2020","format":false,"excerpt":"Brisa Huiillet & Straub, viento h\u00f6lderliniano: los d\u00edas vac\u00edos, los d\u00edas bald\u00edos (peque\u00f1os dolores mortales).","rel":"","context":"En \u00abArtes\u00bb","block_context":{"text":"Artes","link":"https:\/\/www.edder.org\/?cat=85"},"img":{"alt_text":"","src":"https:\/\/i0.wp.com\/www.edder.org\/upload\/2020\/04\/vlcsnap-2020-04-21-16h45m21s720.png?resize=350%2C200&ssl=1","width":350,"height":200,"srcset":"https:\/\/i0.wp.com\/www.edder.org\/upload\/2020\/04\/vlcsnap-2020-04-21-16h45m21s720.png?resize=350%2C200&ssl=1 1x, https:\/\/i0.wp.com\/www.edder.org\/upload\/2020\/04\/vlcsnap-2020-04-21-16h45m21s720.png?resize=525%2C300&ssl=1 1.5x, https:\/\/i0.wp.com\/www.edder.org\/upload\/2020\/04\/vlcsnap-2020-04-21-16h45m21s720.png?resize=700%2C400&ssl=1 2x"},"classes":[]},{"id":12986,"url":"https:\/\/www.edder.org\/?p=12986","url_meta":{"origin":38663,"position":5},"title":"Pavese-Straub: Endimi\u00f3n (el bello y p\u00e1lido durmiente)","author":"Eder","date":"viernes, 3 Jun, 2016","format":false,"excerpt":"","rel":"","context":"En \u00abArtes\u00bb","block_context":{"text":"Artes","link":"https:\/\/www.edder.org\/?cat=85"},"img":{"alt_text":"","src":"https:\/\/i0.wp.com\/www.edder.org\/upload\/2016\/06\/guercino_endymion.jpg?resize=350%2C200&ssl=1","width":350,"height":200},"classes":[]}],"jetpack_likes_enabled":true,"_links":{"self":[{"href":"https:\/\/www.edder.org\/index.php?rest_route=\/wp\/v2\/posts\/38663","targetHints":{"allow":["GET"]}}],"collection":[{"href":"https:\/\/www.edder.org\/index.php?rest_route=\/wp\/v2\/posts"}],"about":[{"href":"https:\/\/www.edder.org\/index.php?rest_route=\/wp\/v2\/types\/post"}],"author":[{"embeddable":true,"href":"https:\/\/www.edder.org\/index.php?rest_route=\/wp\/v2\/users\/82"}],"replies":[{"embeddable":true,"href":"https:\/\/www.edder.org\/index.php?rest_route=%2Fwp%2Fv2%2Fcomments&post=38663"}],"version-history":[{"count":0,"href":"https:\/\/www.edder.org\/index.php?rest_route=\/wp\/v2\/posts\/38663\/revisions"}],"wp:featuredmedia":[{"embeddable":true,"href":"https:\/\/www.edder.org\/index.php?rest_route=\/wp\/v2\/media\/38664"}],"wp:attachment":[{"href":"https:\/\/www.edder.org\/index.php?rest_route=%2Fwp%2Fv2%2Fmedia&parent=38663"}],"wp:term":[{"taxonomy":"category","embeddable":true,"href":"https:\/\/www.edder.org\/index.php?rest_route=%2Fwp%2Fv2%2Fcategories&post=38663"},{"taxonomy":"post_tag","embeddable":true,"href":"https:\/\/www.edder.org\/index.php?rest_route=%2Fwp%2Fv2%2Ftags&post=38663"}],"curies":[{"name":"wp","href":"https:\/\/api.w.org\/{rel}","templated":true}]}}