{"id":385,"date":"2009-05-15T08:00:17","date_gmt":"2009-05-15T07:00:17","guid":{"rendered":"https:\/\/www.edder.org\/?p=385"},"modified":"2018-07-27T16:38:10","modified_gmt":"2018-07-27T14:38:10","slug":"grandeza-de-un-miserable-llamado-odiseo","status":"publish","type":"post","link":"https:\/\/www.edder.org\/?p=385","title":{"rendered":"Grandeza de un miserable llamado Odiseo"},"content":{"rendered":"<p><img class=\"lazyload\" decoding=\"async\" align=\"left\" alt=\"macht\" src=\"data:image\/gif;base64,R0lGODlhAQABAAAAACH5BAEKAAEALAAAAAABAAEAAAICTAEAOw==\" data-orig-src=\"https:\/\/www.edder.org\/images\/barcina_pais.gif\" title=\"barcina\" \/><br \/>\n\tCuando oigo a la se&ntilde;ora Barcina (que tan favorecida sali&oacute; ayer en la &uacute;ltima p&aacute;gina de <em>El Pa&iacute;s<\/em>: &ldquo;cat&oacute;lica practicante sin exagerar&rdquo;, se dec&iacute;a ella misma &ndash;nada que ver con el nacionalcatolicismo de anta&ntilde;o: aquel que bautizaba las calles de Pamplona con nombres de nuncios y pont&iacute;fices vaticanos, aunque hoy tengamos proyectada la avenida Juan Pablo II; ninguna relaci&oacute;n de la primera edil pamplonesa con el fundamentalismo que mantiene a Navarra como territorio de excepci&oacute;n donde la interrupci&oacute;n legal de un embarazo no es ni pensable&ndash;; &ldquo;que se maneja con soltura en franc&eacute;s e ingl&eacute;s&rdquo;, a&ntilde;ad&iacute;a el periodista &ndash;aunque YouTube desmienta que Barcina sea pol&iacute;glota, e incluso que tenga aptitud para los idiomas&ndash;)&hellip; Digo que, de un tiempo a esta parte, cuando oigo, leo o veo a la se&ntilde;ora Barcina (que ayer sal&iacute;a en <em>El Pa&iacute;s<\/em> tan favorecida, tan desconocida, tan <em>amejorada<\/em>), me acuerdo de la grandeza de aquel miserable llamado Odiseo. Parece ser que el polite&iacute;smo griego &ndash;al que algo debe el humanismo cristiano, con el que no s&eacute; si se relacionar&aacute; el catolicismo &ldquo;sin exagerar&rdquo; de Barcina&ndash; no conceb&iacute;a acci&oacute;n m&aacute;s terrible que la de no honrar a los muertos. De ah&iacute; las querellas en las tragedias griegas entre los que mandan que queden insepultos los enemigos &ndash;&ldquo;pasto de perros y aves de rapi&ntilde;a&rdquo;, como quedar&iacute;an en nuestra &uacute;ltima guerra civil los cad&aacute;veres de Vicente Lamberto y su hija Maravillas&ndash; y quienes desobedec&iacute;an las &oacute;rdenes. Barcina ha sido tan cicatera con quienes quer&iacute;an honrar a muertos como Maravillas Lamberto que c&oacute;mo no acordarse de la grandeza de Odiseo, ese tipo mezquino, astuto, taimado y sin embargo capaz de enfrentarse con el mismo Agamen&oacute;n para que &Aacute;yax, el adversario al que con tanta furia odiaba, fuese enterrado y honrado por los suyos. De Odiseo hay un gran retrato en la Ciudadela pamplonesa, donde tambi&eacute;n se encuentra la diminuta placa, all&iacute; puesta m&aacute;s a pesar que por iniciativa de Barcina, en memoria de gentes &ndash;concejales de Pamplona incluidos&ndash; muertas con violencia y sin honras f&uacute;nebres.<\/p>\n<p>Entrevista de<em> El Pa&iacute;s<\/em> a <a href=\"http:\/\/www.elpais.com\/articulo\/ultima\/paso\/miedo\/disfrazada\/batasunos\/elpepiult\/20090514elpepiult_2\/Tes\" target=\"blank\">Yolanda Barcina <\/a><\/p>\n<p style=\"text-align: center;\">Yolanda Barcina, pol&iacute;glota:<\/p>\n<p style=\"text-align: center;\"><div class=\"fusion-fullwidth fullwidth-box fusion-builder-row-1 hundred-percent-fullwidth non-hundred-percent-height-scrolling\" style=\"--awb-border-radius-top-left:0px;--awb-border-radius-top-right:0px;--awb-border-radius-bottom-right:0px;--awb-border-radius-bottom-left:0px;--awb-overflow:visible;--awb-flex-wrap:wrap;\" ><div class=\"fusion-builder-row fusion-row\"><div class=\"fusion-layout-column fusion_builder_column fusion-builder-column-0 fusion_builder_column_1_1 1_1 fusion-one-full fusion-column-first fusion-column-last fusion-column-no-min-height\" style=\"--awb-bg-size:cover;--awb-margin-bottom:0px;\"><div class=\"fusion-column-wrapper fusion-flex-column-wrapper-legacy\"><div style=\"width: 680px;\" class=\"wp-video\"><video class=\"wp-video-shortcode\" id=\"video-385-1\" width=\"680\" height=\"420\" preload=\"metadata\" controls=\"controls\"><source type=\"video\/mp4\" src=\"http:\/\/edder.org\/movies\/barcina_poliglota.m4v?_=1\" \/><a href=\"http:\/\/edder.org\/movies\/barcina_poliglota.m4v\">http:\/\/edder.org\/movies\/barcina_poliglota.m4v<\/a><\/video><\/div>\n<p align=\"right\">Publicado en <a href=\"http:\/\/www.noticiasdenavarra.com\/ediciones\/2009\/05\/15\/opinion\/contra.php\" target=\"blank\">Diario de Noticias<\/a><img class=\"lazyload\" decoding=\"async\" align=\"right\" alt=\"dn\" src=\"data:image\/gif;base64,R0lGODlhAQABAAAAACH5BAEKAAEALAAAAAABAAEAAAICTAEAOw==\" data-orig-src=\"https:\/\/www.edder.org\/images\/dn.gif\" title=\"dn\" \/><\/p>\n<div class=\"fusion-clearfix\"><\/div><\/div><\/div><\/div><\/div><\/p>\n","protected":false},"excerpt":{"rendered":"<p>Cuando oigo a la se&ntilde;ora Barcina (que tan favorecida sali&oacute; ayer en la &uacute;ltima p&aacute;gina de El Pa&iacute;s: &ldquo;cat&oacute;lica practicante sin exagerar&rdquo;, se dec&iacute;a ella misma &ndash;nada que ver con el nacionalcatolicismo de anta&ntilde;o: aquel que bautizaba las calles de Pamplona con nombres de nuncios y pont&iacute;fices vaticanos, aunque hoy tengamos proyectada la avenida Juan Pablo II; ninguna relaci&oacute;n de la primera edil pamplonesa con el fundamentalismo que mantiene a Navarra como territorio de excepci&oacute;n donde la interrupci&oacute;n legal de un embarazo no es ni pensable&ndash;; &ldquo;que se maneja con soltura en franc&eacute;s e ingl&eacute;s&rdquo;, a&ntilde;ad&iacute;a el periodista &ndash;aunque YouTube desmienta que Barcina sea pol&iacute;glota, e incluso que tenga aptitud para los idiomas&ndash;)&hellip; Digo que, de un tiempo a esta parte, cuando oigo, leo o veo a  [&#8230;]<\/p>\n","protected":false},"author":82,"featured_media":0,"comment_status":"open","ping_status":"open","sticky":false,"template":"","format":"standard","meta":{"jetpack_post_was_ever_published":false,"_jetpack_newsletter_access":"","_jetpack_dont_email_post_to_subs":false,"_jetpack_newsletter_tier_id":0,"_jetpack_memberships_contains_paywalled_content":false,"_jetpack_memberships_contains_paid_content":false,"footnotes":"","jetpack_publicize_message":"","jetpack_publicize_feature_enabled":true,"jetpack_social_post_already_shared":false,"jetpack_social_options":{"image_generator_settings":{"template":"highway","default_image_id":0,"font":"","enabled":false},"version":2}},"categories":[3],"tags":[54,51,53],"class_list":["post-385","post","type-post","status-publish","format-standard","hentry","category-na","tag-ayax","tag-barcina","tag-odiseo"],"jetpack_publicize_connections":[],"jetpack_featured_media_url":"","jetpack_shortlink":"https:\/\/wp.me\/p6kHv-6d","jetpack_sharing_enabled":true,"jetpack-related-posts":[{"id":137,"url":"https:\/\/www.edder.org\/?p=137","url_meta":{"origin":385,"position":0},"title":"Covadonga reinsurgente","author":"Eder","date":"viernes, 22 Feb, 2008","format":false,"excerpt":"De la protesta de la se\u00f1ora Barcina por la sentencia que insta a cambiar el nombre de algunas calles de la \u00e9poca franquista me llaman la atenci\u00f3n dos cosas. La primera es la bendita y santa ignorancia de que hace gala quien protesta. A intelectuales como Barcina no se les\u2026","rel":"","context":"En \u00abNA\u00bb","block_context":{"text":"NA","link":"https:\/\/www.edder.org\/?cat=3"},"img":{"alt_text":"","src":"","width":0,"height":0},"classes":[]},{"id":433,"url":"https:\/\/www.edder.org\/?p=433","url_meta":{"origin":385,"position":1},"title":"Yes, they Can","author":"Eder","date":"viernes, 26 Jun, 2009","format":false,"excerpt":"Yes, they Can, o lo que es mismo: Sanz y Barcina seguir\u00e1n estando en la Can cuando el \u00faltimo pol\u00edtico que se vaya de Caja Navarra cierre la puerta. Es m\u00e1s: Sanz estar\u00eda en las altas esferas de Caja Navarra incluso en el poco veros\u00edmil supuesto de que hoy mismo\u2026","rel":"","context":"En \u00abNA\u00bb","block_context":{"text":"NA","link":"https:\/\/www.edder.org\/?cat=3"},"img":{"alt_text":"","src":"","width":0,"height":0},"classes":[]},{"id":202,"url":"https:\/\/www.edder.org\/?p=202","url_meta":{"origin":385,"position":2},"title":"Nuestra Alaska particular","author":"Eder","date":"viernes, 14 Nov, 2008","format":false,"excerpt":"Tiene sentido relacionar a la difunta se\u00f1ora Palin, cuya vida se prolongue por muchos a\u00f1os, con la se\u00f1ora Barcina, que es de temer nos gobierne por lustros, menos por m\u00e9rito propio que por dem\u00e9rito ajeno. Al cabo, el coche oficial de la se\u00f1ora Barcina, siempre bien dispuesta en la promoci\u00f3n\u2026","rel":"","context":"En \u00abNA\u00bb","block_context":{"text":"NA","link":"https:\/\/www.edder.org\/?cat=3"},"img":{"alt_text":"","src":"","width":0,"height":0},"classes":[]},{"id":11748,"url":"https:\/\/www.edder.org\/?p=11748","url_meta":{"origin":385,"position":3},"title":"El \u00abmaestro\u00bb Carlos Herrera inspira a Barcina","author":"Eder","date":"martes, 9 Jun, 2015","format":false,"excerpt":"El locutor radiof\u00f3nico Carlos Herrera inspira a la catedr\u00e1tica de Bromat\u00f3log\u00eda Yolanda Barcina. D\u00edas despu\u00e9s de o\u00edr al \u00abmaestro\u00bb en un acto organizado por un think tank del PP, Barcina repetir\u00eda en TVE como un lorito lo dicho por Herrera en Pamplona, la tarde de gloria torera del 12 de\u2026","rel":"","context":"En \u00abNA\u00bb","block_context":{"text":"NA","link":"https:\/\/www.edder.org\/?cat=3"},"img":{"alt_text":"","src":"https:\/\/i0.wp.com\/www.edder.org\/upload\/2015\/06\/Screen-Shot-2015-06-09-at-22.48.46.png?resize=350%2C200&ssl=1","width":350,"height":200,"srcset":"https:\/\/i0.wp.com\/www.edder.org\/upload\/2015\/06\/Screen-Shot-2015-06-09-at-22.48.46.png?resize=350%2C200&ssl=1 1x, https:\/\/i0.wp.com\/www.edder.org\/upload\/2015\/06\/Screen-Shot-2015-06-09-at-22.48.46.png?resize=525%2C300&ssl=1 1.5x, https:\/\/i0.wp.com\/www.edder.org\/upload\/2015\/06\/Screen-Shot-2015-06-09-at-22.48.46.png?resize=700%2C400&ssl=1 2x"},"classes":[]},{"id":718,"url":"https:\/\/www.edder.org\/?p=718","url_meta":{"origin":385,"position":4},"title":"Lo que les d\u00e9 la gana","author":"Eder","date":"viernes, 4 Jun, 2010","format":false,"excerpt":"Nunca un editorialista ha sido m\u00e1s claro que aquel que el 1 de agosto de 1936, tras referirse en la primera plana del primer peri\u00f3dico navarro al congreso \u2013obviamente suspendido\u2013 que la Sociedad de Estudios Vascos ten\u00eda programado en Estella para el mes siguiente, apostillaba o \u201capuntillaba\u201d: \u201cEn septiembre se\u2026","rel":"","context":"En \u00abNA\u00bb","block_context":{"text":"NA","link":"https:\/\/www.edder.org\/?cat=3"},"img":{"alt_text":"","src":"","width":0,"height":0},"classes":[]},{"id":560,"url":"https:\/\/www.edder.org\/?p=560","url_meta":{"origin":385,"position":5},"title":"P&#8217;alante y p&#8217;atr\u00e1s","author":"Eder","date":"viernes, 8 Ene, 2010","format":false,"excerpt":"Seg\u00fan consta en la grabaci\u00f3n que por pura casualidad hice, y que conservo por tener una prueba que me confirme no haberlo so\u00f1ado, el pasado s\u00e1bado, d\u00eda dos de enero del a\u00f1o primero de la segunda d\u00e9cada del siglo XXI, a las veintiuna horas y cuarenta minutos, en una de\u2026","rel":"","context":"En \u00abNA\u00bb","block_context":{"text":"NA","link":"https:\/\/www.edder.org\/?cat=3"},"img":{"alt_text":"","src":"","width":0,"height":0},"classes":[]}],"jetpack_likes_enabled":true,"_links":{"self":[{"href":"https:\/\/www.edder.org\/index.php?rest_route=\/wp\/v2\/posts\/385","targetHints":{"allow":["GET"]}}],"collection":[{"href":"https:\/\/www.edder.org\/index.php?rest_route=\/wp\/v2\/posts"}],"about":[{"href":"https:\/\/www.edder.org\/index.php?rest_route=\/wp\/v2\/types\/post"}],"author":[{"embeddable":true,"href":"https:\/\/www.edder.org\/index.php?rest_route=\/wp\/v2\/users\/82"}],"replies":[{"embeddable":true,"href":"https:\/\/www.edder.org\/index.php?rest_route=%2Fwp%2Fv2%2Fcomments&post=385"}],"version-history":[{"count":0,"href":"https:\/\/www.edder.org\/index.php?rest_route=\/wp\/v2\/posts\/385\/revisions"}],"wp:attachment":[{"href":"https:\/\/www.edder.org\/index.php?rest_route=%2Fwp%2Fv2%2Fmedia&parent=385"}],"wp:term":[{"taxonomy":"category","embeddable":true,"href":"https:\/\/www.edder.org\/index.php?rest_route=%2Fwp%2Fv2%2Fcategories&post=385"},{"taxonomy":"post_tag","embeddable":true,"href":"https:\/\/www.edder.org\/index.php?rest_route=%2Fwp%2Fv2%2Ftags&post=385"}],"curies":[{"name":"wp","href":"https:\/\/api.w.org\/{rel}","templated":true}]}}