{"id":3832,"date":"2014-11-16T22:29:49","date_gmt":"2014-11-16T21:29:49","guid":{"rendered":"https:\/\/www.edder.org\/?p=3832"},"modified":"2025-09-17T17:11:54","modified_gmt":"2025-09-17T15:11:54","slug":"asaltar-los-cielos-por-m-vazquez-montalban","status":"publish","type":"post","link":"https:\/\/www.edder.org\/?p=3832","title":{"rendered":"Asaltar los cielos (por M. V\u00e1zquez Montalb\u00e1n)"},"content":{"rendered":"<div class=\"fusion-fullwidth fullwidth-box fusion-builder-row-1 fusion-flex-container nonhundred-percent-fullwidth non-hundred-percent-height-scrolling\" style=\"--awb-border-radius-top-left:0px;--awb-border-radius-top-right:0px;--awb-border-radius-bottom-right:0px;--awb-border-radius-bottom-left:0px;--awb-flex-wrap:wrap;\" ><div class=\"fusion-builder-row fusion-row fusion-flex-align-items-flex-start fusion-flex-content-wrap\" style=\"max-width:1248px;margin-left: calc(-4% \/ 2 );margin-right: calc(-4% \/ 2 );\"><div class=\"fusion-layout-column fusion_builder_column fusion-builder-column-0 fusion_builder_column_1_3 1_3 fusion-flex-column\" style=\"--awb-bg-size:cover;--awb-width-large:33.333333333333%;--awb-margin-top-large:0px;--awb-spacing-right-large:5.76%;--awb-margin-bottom-large:20px;--awb-spacing-left-large:5.76%;--awb-width-medium:100%;--awb-order-medium:0;--awb-spacing-right-medium:1.92%;--awb-spacing-left-medium:1.92%;--awb-width-small:100%;--awb-order-small:0;--awb-spacing-right-small:1.92%;--awb-spacing-left-small:1.92%;\"><div class=\"fusion-column-wrapper fusion-column-has-shadow fusion-flex-justify-content-flex-start fusion-content-layout-column\"><div class=\"fusion-separator fusion-full-width-sep\" style=\"align-self: center;margin-left: auto;margin-right: auto;margin-top:83px;width:100%;\"><\/div><div class=\"fusion-image-element \" style=\"text-align:center;--awb-caption-title-font-family:var(--h2_typography-font-family);--awb-caption-title-font-weight:var(--h2_typography-font-weight);--awb-caption-title-font-style:var(--h2_typography-font-style);--awb-caption-title-size:var(--h2_typography-font-size);--awb-caption-title-transform:var(--h2_typography-text-transform);--awb-caption-title-line-height:var(--h2_typography-line-height);--awb-caption-title-letter-spacing:var(--h2_typography-letter-spacing);\"><span class=\" fusion-imageframe imageframe-none imageframe-1 hover-type-none\"><img decoding=\"async\" width=\"265\" height=\"276\" title=\"mvm1\" src=\"https:\/\/www.edder.org\/upload\/2014\/11\/mvm1.png\" data-orig-src=\"https:\/\/www.edder.org\/upload\/2014\/11\/mvm1.png\" alt class=\"lazyload img-responsive wp-image-40847\" srcset=\"data:image\/svg+xml,%3Csvg%20xmlns%3D%27http%3A%2F%2Fwww.w3.org%2F2000%2Fsvg%27%20width%3D%27265%27%20height%3D%27276%27%20viewBox%3D%270%200%20265%20276%27%3E%3Crect%20width%3D%27265%27%20height%3D%27276%27%20fill-opacity%3D%220%22%2F%3E%3C%2Fsvg%3E\" data-srcset=\"https:\/\/www.edder.org\/upload\/2014\/11\/mvm1-200x208.png 200w, https:\/\/www.edder.org\/upload\/2014\/11\/mvm1.png 265w\" data-sizes=\"auto\" data-orig-sizes=\"(max-width: 1024px) 100vw, (max-width: 640px) 100vw, 265px\" \/><\/span><\/div><div class=\"fusion-text fusion-text-1\" style=\"--awb-font-size:14px;\"><p style=\"text-align: center;\"><span style=\"color: #9c0202;\">Manuel V\u00e1zquez Montalb\u00e1n<\/span><\/p>\n<\/div><\/div><\/div><div class=\"fusion-layout-column fusion_builder_column fusion-builder-column-1 fusion_builder_column_2_3 2_3 fusion-flex-column\" style=\"--awb-bg-size:cover;--awb-width-large:66.666666666667%;--awb-margin-top-large:0px;--awb-spacing-right-large:2.88%;--awb-margin-bottom-large:20px;--awb-spacing-left-large:2.88%;--awb-width-medium:100%;--awb-order-medium:0;--awb-spacing-right-medium:1.92%;--awb-spacing-left-medium:1.92%;--awb-width-small:100%;--awb-order-small:0;--awb-spacing-right-small:1.92%;--awb-spacing-left-small:1.92%;\"><div class=\"fusion-column-wrapper fusion-column-has-shadow fusion-flex-justify-content-flex-start fusion-content-layout-column\"><div class=\"fusion-text fusion-text-2\" style=\"--awb-font-size:22px;--awb-line-height:1.9;\"><p>En el pr\u00f3logo a la edici\u00f3n castellana de <em>Se levantaron antes del alba\u2026<\/em> (1977), Arthur London, uno de los m\u00e1s carism\u00e1ticos comunistas depurados por la criba estalinista de la postguerra, explica c\u00f3mo esa fe iba hacia el resplandor de la revoluci\u00f3n y contra el oscurantismo de la reacci\u00f3n fascista de la burgues\u00eda:<\/p>\n<p>\u00abEl enemigo est\u00e1 enfrente, era preciso destruirlo porque de ello depend\u00eda la suerte de la humanidad. Entonces no ten\u00edamos ni el tiempo ni los medios para controlar lo que suced\u00eda a nuestras espaldas. La fe incondicional era uno de los rasgos de nuestra generaci\u00f3n. \u00bfAcaso un revolucionario no debe tener fe? Por supuesto que s\u00ed y la fe puede ensalzar a un hombre. Es necesaria para el que cree en la verdad de su combate, le permite realizarse e incluso superarse, le ayuda a ver permanentemente el otro extremo del t\u00fanel en lo m\u00e1s profundo de la noche. Sin ella \u00bfhubi\u00e9ramos afrontado d\u00eda a d\u00eda la muerte en los distintos campos de batalla, en la resistencia, en las c\u00e1rceles, bajo la tortura y en los campos de exterminio nazi?\u00bb.<\/p>\n<p>Tambi\u00e9n se\u00f1ala London que esa fe en aquellos a\u00f1os imped\u00eda reflexionar sobre las realidades de una revoluci\u00f3n inconclusa, de un partido, dice\u2026 \u00abque hab\u00edamos contribuido a crear y que, progresivamente, se hab\u00eda convertido en una abstracci\u00f3n\u00bb. Esa fe era especialmente necesaria en tiempos de lucha desde la clandestinidad y era invocada constantemente como la explicaci\u00f3n suprema de la cultura de la resistencia, como lo hizo Irene Falc\u00f3n en el debate con Claud\u00edn y Sempr\u00fan en 1964, cuando cit\u00f3 a Marx: \u00abLos comunistas son capaces de asaltar los cielos\u00bb.<br \/>\n<em>\u00a0\u00a0 Asaltar los cielos<\/em>, he aqu\u00ed el impulso de Prometeo, un h\u00e9roe rom\u00e1ntico en opini\u00f3n de Rafael Argullol (<em>El H\u00e9roe y el \u00danico<\/em>), que roba el fuego o el saber a los dioses para d\u00e1rselo a los hombres. En la cita de H\u00f6lderlin que justifica este aserto, el poeta ha brindado a los conspiradores rom\u00e1nticos del siglo XIX la audacia de dioses enfrentados a los due\u00f1os del cielo, traducidos en due\u00f1os de la Historia. Incluso los escritores comprometidos de la izquierda del siglo XX ser\u00e1n calificados de promet\u00e9icos porque como Camus o Sartre le han robado la palabra al poder para d\u00e1rsela a los justos que luchan por la emancipaci\u00f3n humana. Dicen los versos de H\u00f6lderlin:<\/p>\n<p><em>Y asegurado el fuego divino<br \/>\nse burla la porf\u00eda, y solo entonces<br \/>\nopta el atrevimiento, despreciando los senderos<br \/>\nmortales y aspirando a ser igual a los dioses<\/em>.<\/p>\n<p>Y como premio al esfuerzo de Prometeo:<\/p>\n<p><em>Al pueblo le suenan sus palabras<br \/>\nComo si vinieran del Olimpo:<br \/>\nLe agradecen<br \/>\nQue haya robado al cielo<br \/>\nLa llama de la vida y que<br \/>\nLa descubra a los mortales<\/em>.<\/p>\n<p>A esa disposici\u00f3n a asaltar los cielos, <span style=\"color: #800080;\"><a style=\"color: #800080;\" href=\"http:\/\/es.wikipedia.org\/wiki\/Teresa_P%C3%A0mies\" target=\"pmies\" rel=\"noopener\">Teresa P\u00e0mies<\/a><\/span> la llamar\u00eda a\u00f1os despu\u00e9s \u00abromanticismo militante\u00bb.<\/p>\n<\/div><div class=\"fusion-section-separator section-separator triangle fusion-section-separator-1\" style=\"--awb-border-top:1px solid #e2e2e2;--awb-spacer-height:1px;--awb-svg-margin-left:2.88%;--awb-svg-margin-right:2.88%;--awb-svg-margin-left-medium:1.92%;--awb-svg-margin-right-medium:1.92%;--awb-svg-margin-left-small:1.92%;--awb-svg-margin-right-small:1.92%;--awb-icon-color:#ffffff;\"><div class=\"fusion-section-separator-svg\"><div class=\"divider-candy-arrow top\" style=\"bottom:0px;border-bottom-color: #f9f9fb;\"><\/div><div class=\"divider-candy top\" style=\"top:-21px;border-bottom:1px solid #e2e2e2;border-left:1px solid #e2e2e2;\"><\/div><\/div><div class=\"fusion-section-separator-spacer\"><div class=\"fusion-section-separator-spacer-height\"><\/div><\/div><\/div><div class=\"fusion-text fusion-text-3\" style=\"--awb-font-size:15px;\"><p style=\"text-align: right;\">Manuel V\u00e1zquez Montalb\u00e1n, Barcelona, 2001<\/p>\n<\/div><\/div><\/div><\/div><\/div>\n","protected":false},"excerpt":{"rendered":"","protected":false},"author":82,"featured_media":12023,"comment_status":"open","ping_status":"closed","sticky":false,"template":"","format":"standard","meta":{"jetpack_post_was_ever_published":false,"_jetpack_newsletter_access":"","_jetpack_dont_email_post_to_subs":false,"_jetpack_newsletter_tier_id":0,"_jetpack_memberships_contains_paywalled_content":false,"_jetpack_memberships_contains_paid_content":false,"footnotes":"","jetpack_publicize_message":"","jetpack_publicize_feature_enabled":true,"jetpack_social_post_already_shared":false,"jetpack_social_options":{"image_generator_settings":{"template":"highway","default_image_id":0,"font":"","enabled":false},"version":2}},"categories":[93],"tags":[739,634],"class_list":["post-3832","post","type-post","status-publish","format-standard","has-post-thumbnail","hentry","category-letras","tag-asaltar","tag-marx"],"jetpack_publicize_connections":[],"jetpack_featured_media_url":"https:\/\/www.edder.org\/upload\/2014\/11\/montalban.jpg","jetpack_shortlink":"https:\/\/wp.me\/p6kHv-ZO","jetpack_sharing_enabled":true,"jetpack-related-posts":[{"id":41077,"url":"https:\/\/www.edder.org\/?p=41077","url_meta":{"origin":3832,"position":0},"title":"Asaltar (el reino de) los cielos. Australian gospel","author":"Eder","date":"s\u00e1bado, 23 Jul, 2022","format":false,"excerpt":"","rel":"","context":"En \u00abM\u00fasica\u00bb","block_context":{"text":"M\u00fasica","link":"https:\/\/www.edder.org\/?cat=87"},"img":{"alt_text":"","src":"https:\/\/i0.wp.com\/www.edder.org\/upload\/2022\/07\/cave-canem.png?resize=350%2C200&ssl=1","width":350,"height":200,"srcset":"https:\/\/i0.wp.com\/www.edder.org\/upload\/2022\/07\/cave-canem.png?resize=350%2C200&ssl=1 1x, https:\/\/i0.wp.com\/www.edder.org\/upload\/2022\/07\/cave-canem.png?resize=525%2C300&ssl=1 1.5x, https:\/\/i0.wp.com\/www.edder.org\/upload\/2022\/07\/cave-canem.png?resize=700%2C400&ssl=1 2x"},"classes":[]},{"id":42997,"url":"https:\/\/www.edder.org\/?p=42997","url_meta":{"origin":3832,"position":1},"title":"Futbolmarianismo y regionalcatolicismo de los siglos XX y XXI","author":"Eder","date":"mi\u00e9rcoles, 21 Ago, 2024","format":false,"excerpt":"","rel":"","context":"En \u00abPrehistoria contempor\u00e1nea\u00bb","block_context":{"text":"Prehistoria contempor\u00e1nea","link":"https:\/\/www.edder.org\/?cat=90"},"img":{"alt_text":"","src":"https:\/\/i0.wp.com\/www.edder.org\/upload\/2024\/08\/athletic_begogna.png?resize=350%2C200&ssl=1","width":350,"height":200,"srcset":"https:\/\/i0.wp.com\/www.edder.org\/upload\/2024\/08\/athletic_begogna.png?resize=350%2C200&ssl=1 1x, https:\/\/i0.wp.com\/www.edder.org\/upload\/2024\/08\/athletic_begogna.png?resize=525%2C300&ssl=1 1.5x, https:\/\/i0.wp.com\/www.edder.org\/upload\/2024\/08\/athletic_begogna.png?resize=700%2C400&ssl=1 2x, https:\/\/i0.wp.com\/www.edder.org\/upload\/2024\/08\/athletic_begogna.png?resize=1050%2C600&ssl=1 3x"},"classes":[]},{"id":13460,"url":"https:\/\/www.edder.org\/?p=13460","url_meta":{"origin":3832,"position":2},"title":"Navidades Diego Rivera: \u00abVacunaci\u00f3n\u00bb","author":"Eder","date":"lunes, 2 Ene, 2017","format":false,"excerpt":"","rel":"","context":"En \u00abArtes\u00bb","block_context":{"text":"Artes","link":"https:\/\/www.edder.org\/?cat=85"},"img":{"alt_text":"","src":"https:\/\/i0.wp.com\/www.edder.org\/upload\/2017\/01\/mini.jpg?resize=350%2C200&ssl=1","width":350,"height":200},"classes":[]},{"id":3851,"url":"https:\/\/www.edder.org\/?p=3851","url_meta":{"origin":3832,"position":3},"title":"Tomar el cielo por asalto (por V. I. Lenin)","author":"Eder","date":"martes, 18 Nov, 2014","format":false,"excerpt":"","rel":"","context":"En \u00abSin categorizar\u00bb","block_context":{"text":"Sin categorizar","link":"https:\/\/www.edder.org\/?cat=1"},"img":{"alt_text":"","src":"https:\/\/i0.wp.com\/www.edder.org\/upload\/2014\/11\/Lenin1.jpg?resize=350%2C200&ssl=1","width":350,"height":200},"classes":[]},{"id":3840,"url":"https:\/\/www.edder.org\/?p=3840","url_meta":{"origin":3832,"position":4},"title":"Asaltar el cielo \u2013storming heaven\u2013 (por K. Marx)","author":"Eder","date":"lunes, 17 Nov, 2014","format":false,"excerpt":"","rel":"","context":"En \u00abSin categorizar\u00bb","block_context":{"text":"Sin categorizar","link":"https:\/\/www.edder.org\/?cat=1"},"img":{"alt_text":"","src":"","width":0,"height":0},"classes":[]},{"id":39232,"url":"https:\/\/www.edder.org\/?p=39232","url_meta":{"origin":3832,"position":5},"title":"Mi t\u00edo Toby silbaba el lilliburlero","author":"Eder","date":"martes, 24 Nov, 2020","format":false,"excerpt":"","rel":"","context":"En \u00abCine\u00bb","block_context":{"text":"Cine","link":"https:\/\/www.edder.org\/?cat=79"},"img":{"alt_text":"","src":"https:\/\/i0.wp.com\/www.edder.org\/upload\/2020\/11\/lilliburlero2.jpg?resize=350%2C200&ssl=1","width":350,"height":200},"classes":[]}],"jetpack_likes_enabled":true,"_links":{"self":[{"href":"https:\/\/www.edder.org\/index.php?rest_route=\/wp\/v2\/posts\/3832","targetHints":{"allow":["GET"]}}],"collection":[{"href":"https:\/\/www.edder.org\/index.php?rest_route=\/wp\/v2\/posts"}],"about":[{"href":"https:\/\/www.edder.org\/index.php?rest_route=\/wp\/v2\/types\/post"}],"author":[{"embeddable":true,"href":"https:\/\/www.edder.org\/index.php?rest_route=\/wp\/v2\/users\/82"}],"replies":[{"embeddable":true,"href":"https:\/\/www.edder.org\/index.php?rest_route=%2Fwp%2Fv2%2Fcomments&post=3832"}],"version-history":[{"count":0,"href":"https:\/\/www.edder.org\/index.php?rest_route=\/wp\/v2\/posts\/3832\/revisions"}],"wp:featuredmedia":[{"embeddable":true,"href":"https:\/\/www.edder.org\/index.php?rest_route=\/wp\/v2\/media\/12023"}],"wp:attachment":[{"href":"https:\/\/www.edder.org\/index.php?rest_route=%2Fwp%2Fv2%2Fmedia&parent=3832"}],"wp:term":[{"taxonomy":"category","embeddable":true,"href":"https:\/\/www.edder.org\/index.php?rest_route=%2Fwp%2Fv2%2Fcategories&post=3832"},{"taxonomy":"post_tag","embeddable":true,"href":"https:\/\/www.edder.org\/index.php?rest_route=%2Fwp%2Fv2%2Ftags&post=3832"}],"curies":[{"name":"wp","href":"https:\/\/api.w.org\/{rel}","templated":true}]}}