{"id":37,"date":"2006-01-13T21:22:07","date_gmt":"2006-01-13T19:22:07","guid":{"rendered":"https:\/\/www.edder.org\/?p=37"},"modified":"2018-07-27T16:38:44","modified_gmt":"2018-07-27T14:38:44","slug":"de-la-polis-al-bar","status":"publish","type":"post","link":"https:\/\/www.edder.org\/?p=37","title":{"rendered":"De la polis al bar"},"content":{"rendered":"<p><img decoding=\"async\" alt=\"dn\" class=\"lazyload izquierda\" src=\"data:image\/gif;base64,R0lGODlhAQABAAAAACH5BAEKAAEALAAAAAABAAEAAAICTAEAOw==\" data-orig-src=\"https:\/\/www.edder.org\/images\/dn.gif\" \/>La colecci&oacute;n de perlas cultivadas que el arquitecto Francisco Mangado dej&oacute; caer en su d&iacute;a sobre esa plaza &ndash;la del Baluarte&ndash; que finalmente ser&aacute; sede privilegiada del primer y m&aacute;s selecto bar-restaurante del Reyno &ndash;encargado, c&oacute;mo no, al propio Mangado, cuyo talento en la concepci&oacute;n de espacios para la restauraci&oacute;n es sabido que va por delante de su fortuna para abrir espacios p&uacute;blicos&ndash;, es tan notable que, como el propio Baluarte, descolla por su escala monumental. De entre sus perlas, no es la de menos aquella por la que el arquitecto nos hac&iacute;a saber que, su plaza &ndash;cuadr&aacute;ngulo m&aacute;gico de las Bermudas pamplonesas, llamado simb&oacute;licamente a acrisolar en su interior las esencias de lo civil (Parlamento), lo militar (Gobierno militar), lo econ&oacute;mico (Corte Ingl&eacute;s) y lo cultural (el propio Baluarte)&ndash;, nac&iacute;a con vocaci&oacute;n de epicentro ciudadano de la vida pol&iacute;tica y social, de &aacute;gora. Frente a los agoreros que sobre el terreno denunciaban lo impracticable de esa nueva &laquo;&aacute;gora&raquo; &ndash;hasta hoy p&aacute;ramo des&eacute;rtico&ndash;, un prestigioso cr&iacute;tico de arquitectura tom&oacute; al pie de la letra a Mangado y habl&oacute; de las &laquo;coreograf&iacute;as civiles&raquo; que concitar&iacute;a el nuevo espacio p&uacute;blico por &eacute;l abierto. Cierto que, en su cr&oacute;nica, el cr&iacute;tico no dejaba de lamentar el hecho desalentador de que las coreograf&iacute;as inaugurales hubieran degenerado hacia el chotis &ndash;expresi&oacute;n castiza de tanto predicamento en la programaci&oacute;n posterior del Baluarte&ndash;. A falta de emergentes coreograf&iacute;as civiles, los poderes del <em>Reyno<\/em> han decidido abrir el t&iacute;pico epicentro de nuestra vida social: un bar; algo que agradezcan las instituciones circundantes &ndash;en particular El Corte Ingl&eacute;s&ndash; y d&eacute; algo de caja con que paliar lo que cuestan al erario las brillantes ideas y monumentales errores de apreciaci&oacute;n del arquitecto &ndash;a quien este cambio (de un mill&oacute;n de euros) le parece una soluci&oacute;n plausible&ndash;. De la idea fallida del &aacute;gora a la productiva servidumbre de paso de El Corte Ingl&eacute;s. De la polis al bar, para mayor gloria de la arquitectura.<br \/>\n\tPublicado en <a href=\"http:\/\/www.noticiasdenavarra.com\/ediciones\/2006\/01\/13\/opinion\/contra.php\" target=\"blank\">Diario de Noticias<\/a>.<\/p>\n","protected":false},"excerpt":{"rendered":"<p>La colecci&oacute;n de perlas cultivadas que el arquitecto Francisco Mangado dej&oacute; caer en su d&iacute;a sobre esa plaza &ndash;la del Baluarte&ndash; que finalmente ser&aacute; sede privilegiada del primer y m&aacute;s selecto bar-restaurante del Reyno &ndash;encargado, c&oacute;mo no, al propio Mangado, cuyo talento en la concepci&oacute;n de espacios para la restauraci&oacute;n es sabido que va por delante de su fortuna para abrir espacios p&uacute;blicos&ndash;, es tan notable que, como el propio Baluarte, descolla por su escala monumental. De entre sus perlas, no es la de menos aquella por la que el arquitecto nos hac&iacute;a saber que, su plaza &ndash;cuadr&aacute;ngulo m&aacute;gico de las Bermudas pamplonesas, llamado simb&oacute;licamente a acrisolar en su interior las esencias de lo civil (Parlamento), lo militar (Gobierno militar), lo econ&oacute;mico (Corte Ingl&eacute;s) y lo cultural  [&#8230;]<\/p>\n","protected":false},"author":82,"featured_media":0,"comment_status":"open","ping_status":"open","sticky":false,"template":"","format":"standard","meta":{"jetpack_post_was_ever_published":false,"_jetpack_newsletter_access":"","_jetpack_dont_email_post_to_subs":false,"_jetpack_newsletter_tier_id":0,"_jetpack_memberships_contains_paywalled_content":false,"_jetpack_memberships_contains_paid_content":false,"footnotes":"","jetpack_publicize_message":"","jetpack_publicize_feature_enabled":true,"jetpack_social_post_already_shared":false,"jetpack_social_options":{"image_generator_settings":{"template":"highway","default_image_id":0,"font":"","enabled":false},"version":2}},"categories":[3],"tags":[],"class_list":["post-37","post","type-post","status-publish","format-standard","hentry","category-na"],"jetpack_publicize_connections":[],"jetpack_featured_media_url":"","jetpack_shortlink":"https:\/\/wp.me\/p6kHv-B","jetpack_sharing_enabled":true,"jetpack-related-posts":[{"id":503,"url":"https:\/\/www.edder.org\/?p=503","url_meta":{"origin":37,"position":0},"title":"Capitalidad cultural","author":"Eder","date":"viernes, 6 Nov, 2009","format":false,"excerpt":"Francisco Patxi Mangado es el \u00fanico arquitecto del mundo que no ha sabido resolver lo que cualquier dise\u00f1ador, a fastidiosa y tard\u00eda petici\u00f3n del cliente, resolver\u00eda en segundos: c\u00f3mo meter en un espacio dado el doble de texto del inicialmente previsto. A Francisco Mangado se le olvid\u00f3 que se hac\u00eda\u2026","rel":"","context":"En \u00abNA\u00bb","block_context":{"text":"NA","link":"https:\/\/www.edder.org\/?cat=3"},"img":{"alt_text":"","src":"","width":0,"height":0},"classes":[]},{"id":562,"url":"https:\/\/www.edder.org\/?p=562","url_meta":{"origin":37,"position":1},"title":"De Landa al infinito","author":"Eder","date":"viernes, 15 Ene, 2010","format":false,"excerpt":"Pues ten\u00eda raz\u00f3n Mangado, don Francisco, vamos, creo yo, y a cada uno su raz\u00f3n. El r\u00f3tulo \u201cPalacio Baluarte Jauregia\u201d, bien, bien, bien, lo que se dice bien, no es que le caiga al edificio, como el arquitecto ya profetizara que iba a ocurrir. Mal, mal, mal, pues tampoco, la\u2026","rel":"","context":"En \u00abNA\u00bb","block_context":{"text":"NA","link":"https:\/\/www.edder.org\/?cat=3"},"img":{"alt_text":"","src":"","width":0,"height":0},"classes":[]},{"id":1261,"url":"https:\/\/www.edder.org\/?p=1261","url_meta":{"origin":37,"position":2},"title":"Chillida-Leku y alrededores","author":"Eder","date":"viernes, 10 Dic, 2010","format":false,"excerpt":"Ya es casualidad que la familia Chillida llame a la providencial intervenci\u00f3n de los poderes p\u00fablicos en el preciso momento en que San Sebasti\u00e1n aspira a la capitalidad europea de la cultura. Dado lo se\u00f1alado del momento, es de suponer que la salv\u00edfica intervenci\u00f3n pol\u00edtica se dar\u00e1. Se dar\u00e1 cuando\u2026","rel":"","context":"En \u00abArtes\u00bb","block_context":{"text":"Artes","link":"https:\/\/www.edder.org\/?cat=85"},"img":{"alt_text":"","src":"","width":0,"height":0},"classes":[]},{"id":1154,"url":"https:\/\/www.edder.org\/?p=1154","url_meta":{"origin":37,"position":3},"title":"Musealizaci\u00f3n (o el precio de una lata)","author":"Eder","date":"viernes, 8 Oct, 2010","format":false,"excerpt":"Le\u00ed el otro d\u00eda una palabra que me dej\u00f3 sin habla: \u201cmusealizaci\u00f3n\u201d. Lo que ya no me sorprendi\u00f3 tanto fue leer en el peri\u00f3dico de ayer que al compa\u00f1ero de abajo le hab\u00edan cobrado 2,50 por un Kas en un bar de lo Viejo, o dicho de manera que esos\u2026","rel":"","context":"En \u00abArtes\u00bb","block_context":{"text":"Artes","link":"https:\/\/www.edder.org\/?cat=85"},"img":{"alt_text":"","src":"","width":0,"height":0},"classes":[]},{"id":569,"url":"https:\/\/www.edder.org\/?p=569","url_meta":{"origin":37,"position":4},"title":"Nuestra FAES","author":"Eder","date":"viernes, 5 Feb, 2010","format":false,"excerpt":"Casi me caigo de la silla al leer que el gran Francisco Mangado, ante la \u201cdebacle en valores\u201d que padecemos, reivindica ahora una arquitectura que, am\u00e9n de estar inspirada en la utilidad, el servicio y la vocaci\u00f3n social, piense en el interior de las viviendas m\u00e1s que en las fachadas.\u2026","rel":"","context":"En \u00abNA\u00bb","block_context":{"text":"NA","link":"https:\/\/www.edder.org\/?cat=3"},"img":{"alt_text":"","src":"","width":0,"height":0},"classes":[]},{"id":330,"url":"https:\/\/www.edder.org\/?p=330","url_meta":{"origin":37,"position":5},"title":"El arte entre los doctores","author":"Eder","date":"viernes, 27 Mar, 2009","format":false,"excerpt":"Soy uno de los exc\u00e9ntricos que el otro mi\u00e9rcoles tir\u00f3 la tarde por la ventana con la lectura del Plan Global de Fomento y Desarrollo del Arte Contempor\u00e1neo en Navarra, plan en dos quinquenios que el consejero del ramo solt\u00f3 en el Parlamento sin que nadie rechistara \u2013nadie, nadie, que\u2026","rel":"","context":"En \u00abNA\u00bb","block_context":{"text":"NA","link":"https:\/\/www.edder.org\/?cat=3"},"img":{"alt_text":"","src":"","width":0,"height":0},"classes":[]}],"jetpack_likes_enabled":true,"_links":{"self":[{"href":"https:\/\/www.edder.org\/index.php?rest_route=\/wp\/v2\/posts\/37","targetHints":{"allow":["GET"]}}],"collection":[{"href":"https:\/\/www.edder.org\/index.php?rest_route=\/wp\/v2\/posts"}],"about":[{"href":"https:\/\/www.edder.org\/index.php?rest_route=\/wp\/v2\/types\/post"}],"author":[{"embeddable":true,"href":"https:\/\/www.edder.org\/index.php?rest_route=\/wp\/v2\/users\/82"}],"replies":[{"embeddable":true,"href":"https:\/\/www.edder.org\/index.php?rest_route=%2Fwp%2Fv2%2Fcomments&post=37"}],"version-history":[{"count":0,"href":"https:\/\/www.edder.org\/index.php?rest_route=\/wp\/v2\/posts\/37\/revisions"}],"wp:attachment":[{"href":"https:\/\/www.edder.org\/index.php?rest_route=%2Fwp%2Fv2%2Fmedia&parent=37"}],"wp:term":[{"taxonomy":"category","embeddable":true,"href":"https:\/\/www.edder.org\/index.php?rest_route=%2Fwp%2Fv2%2Fcategories&post=37"},{"taxonomy":"post_tag","embeddable":true,"href":"https:\/\/www.edder.org\/index.php?rest_route=%2Fwp%2Fv2%2Ftags&post=37"}],"curies":[{"name":"wp","href":"https:\/\/api.w.org\/{rel}","templated":true}]}}