{"id":3650,"date":"2014-04-12T10:19:48","date_gmt":"2014-04-12T09:19:48","guid":{"rendered":"https:\/\/www.edder.org\/?p=3650"},"modified":"2014-04-12T10:19:48","modified_gmt":"2014-04-12T09:19:48","slug":"a-pie","status":"publish","type":"post","link":"https:\/\/www.edder.org\/?p=3650","title":{"rendered":"A pie"},"content":{"rendered":"<p>Camino de Albania&#8230;<\/p>\n<p style=\"text-align: center;\"><div class=\"video-shortcode\"><iframe title=\"A pie\" width=\"1200\" height=\"900\" src=\"https:\/\/www.youtube.com\/embed\/L8fc8io5Wjw?feature=oembed\" frameborder=\"0\" allow=\"accelerometer; autoplay; clipboard-write; encrypted-media; gyroscope; picture-in-picture; web-share\" allowfullscreen><\/iframe><\/div><\/p>\n","protected":false},"excerpt":{"rendered":"<p>Camino de Albania&#8230;<\/p>\n","protected":false},"author":82,"featured_media":0,"comment_status":"open","ping_status":"open","sticky":false,"template":"","format":"standard","meta":{"jetpack_post_was_ever_published":false,"_jetpack_newsletter_access":"","_jetpack_dont_email_post_to_subs":false,"_jetpack_newsletter_tier_id":0,"_jetpack_memberships_contains_paywalled_content":false,"_jetpack_memberships_contains_paid_content":false,"footnotes":"","jetpack_publicize_message":"","jetpack_publicize_feature_enabled":true,"jetpack_social_post_already_shared":false,"jetpack_social_options":{"image_generator_settings":{"template":"highway","default_image_id":0,"font":"","enabled":false},"version":2}},"categories":[85,79,1],"tags":[261],"class_list":["post-3650","post","type-post","status-publish","format-standard","hentry","category-artes","category-cine","category-sin-categorizar","tag-herzog"],"jetpack_publicize_connections":[],"jetpack_featured_media_url":"","jetpack_shortlink":"https:\/\/wp.me\/p6kHv-WS","jetpack_sharing_enabled":true,"jetpack-related-posts":[{"id":3726,"url":"https:\/\/www.edder.org\/?p=3726","url_meta":{"origin":3650,"position":0},"title":"YouTube is fantastic","author":"Eder","date":"domingo, 27 Jul, 2014","format":false,"excerpt":"I love YouTube:","rel":"","context":"En \u00abCine\u00bb","block_context":{"text":"Cine","link":"https:\/\/www.edder.org\/?cat=79"},"img":{"alt_text":"","src":"https:\/\/i0.wp.com\/www.edder.org\/upload\/2014\/07\/vlcsnap-2015-08-16-11h14m52s47.png?resize=350%2C200&ssl=1","width":350,"height":200},"classes":[]},{"id":3662,"url":"https:\/\/www.edder.org\/?p=3662","url_meta":{"origin":3650,"position":1},"title":"Otras maneras de nombrar el mundo","author":"Eder","date":"martes, 15 Abr, 2014","format":false,"excerpt":"Otras maneras de llamar a las cosas por su nombre: \u00a0","rel":"","context":"En \u00abCine\u00bb","block_context":{"text":"Cine","link":"https:\/\/www.edder.org\/?cat=79"},"img":{"alt_text":"","src":"","width":0,"height":0},"classes":[]},{"id":3284,"url":"https:\/\/www.edder.org\/?p=3284","url_meta":{"origin":3650,"position":2},"title":"El silencio \u2013que no la ausencia\u2013 de Pasolini","author":"Eder","date":"lunes, 18 Nov, 2013","format":false,"excerpt":"Pasolini silencioso: \u00a0","rel":"","context":"En \u00abArtes\u00bb","block_context":{"text":"Artes","link":"https:\/\/www.edder.org\/?cat=85"},"img":{"alt_text":"","src":"","width":0,"height":0},"classes":[]},{"id":2862,"url":"https:\/\/www.edder.org\/?p=2862","url_meta":{"origin":3650,"position":3},"title":"Tierras Prometidas, 1973","author":"Eder","date":"lunes, 28 Ene, 2013","format":false,"excerpt":"","rel":"","context":"En \u00abArtes\u00bb","block_context":{"text":"Artes","link":"https:\/\/www.edder.org\/?cat=85"},"img":{"alt_text":"","src":"","width":0,"height":0},"classes":[]},{"id":3535,"url":"https:\/\/www.edder.org\/?p=3535","url_meta":{"origin":3650,"position":4},"title":"Il profilo della citt\u00e0","author":"Eder","date":"martes, 28 Ene, 2014","format":false,"excerpt":"La forma della citt\u00e0, secondo P.P. Pasolini.","rel":"","context":"En \u00abArtes\u00bb","block_context":{"text":"Artes","link":"https:\/\/www.edder.org\/?cat=85"},"img":{"alt_text":"","src":"","width":0,"height":0},"classes":[]},{"id":3582,"url":"https:\/\/www.edder.org\/?p=3582","url_meta":{"origin":3650,"position":5},"title":"El conf\u00edn m\u00e1s fr\u00edo","author":"Eder","date":"domingo, 23 Feb, 2014","format":false,"excerpt":"En el conf\u00edn m\u00e1s fr\u00edo de Siberia: \u00a0 Siberian Blues:","rel":"","context":"En \u00abArtes\u00bb","block_context":{"text":"Artes","link":"https:\/\/www.edder.org\/?cat=85"},"img":{"alt_text":"","src":"","width":0,"height":0},"classes":[]}],"jetpack_likes_enabled":true,"_links":{"self":[{"href":"https:\/\/www.edder.org\/index.php?rest_route=\/wp\/v2\/posts\/3650","targetHints":{"allow":["GET"]}}],"collection":[{"href":"https:\/\/www.edder.org\/index.php?rest_route=\/wp\/v2\/posts"}],"about":[{"href":"https:\/\/www.edder.org\/index.php?rest_route=\/wp\/v2\/types\/post"}],"author":[{"embeddable":true,"href":"https:\/\/www.edder.org\/index.php?rest_route=\/wp\/v2\/users\/82"}],"replies":[{"embeddable":true,"href":"https:\/\/www.edder.org\/index.php?rest_route=%2Fwp%2Fv2%2Fcomments&post=3650"}],"version-history":[{"count":0,"href":"https:\/\/www.edder.org\/index.php?rest_route=\/wp\/v2\/posts\/3650\/revisions"}],"wp:attachment":[{"href":"https:\/\/www.edder.org\/index.php?rest_route=%2Fwp%2Fv2%2Fmedia&parent=3650"}],"wp:term":[{"taxonomy":"category","embeddable":true,"href":"https:\/\/www.edder.org\/index.php?rest_route=%2Fwp%2Fv2%2Fcategories&post=3650"},{"taxonomy":"post_tag","embeddable":true,"href":"https:\/\/www.edder.org\/index.php?rest_route=%2Fwp%2Fv2%2Ftags&post=3650"}],"curies":[{"name":"wp","href":"https:\/\/api.w.org\/{rel}","templated":true}]}}