{"id":3635,"date":"2014-03-23T00:15:17","date_gmt":"2014-03-22T23:15:17","guid":{"rendered":"https:\/\/www.edder.org\/?p=3635"},"modified":"2014-03-23T00:15:17","modified_gmt":"2014-03-22T23:15:17","slug":"mantegna-segun-olmi","status":"publish","type":"post","link":"https:\/\/www.edder.org\/?p=3635","title":{"rendered":"Mantegna seg\u00fan Olmi"},"content":{"rendered":"<p>&nbsp;<\/p>\n<p style=\"text-align: center;\"><div class=\"video-shortcode\"><iframe title=\"Cristo Morto di Mantegna - L&#039;installazione poetica di Ermanno Olmi\" width=\"1200\" height=\"675\" src=\"https:\/\/www.youtube.com\/embed\/W8CAmIMSFdg?feature=oembed\" frameborder=\"0\" allow=\"accelerometer; autoplay; clipboard-write; encrypted-media; gyroscope; picture-in-picture; web-share\" allowfullscreen><\/iframe><\/div><\/p>\n<p style=\"text-align: center;\">&nbsp;<\/p>\n<p>Puede verse tambi&eacute;n:<\/p>\n<p style=\"text-align: center;\"><div class=\"video-shortcode\"><iframe title=\"Cristo dei sottoproletariato\" width=\"1200\" height=\"900\" src=\"https:\/\/www.youtube.com\/embed\/uNgHT4U2rSs?feature=oembed\" frameborder=\"0\" allow=\"accelerometer; autoplay; clipboard-write; encrypted-media; gyroscope; picture-in-picture; web-share\" allowfullscreen><\/iframe><\/div><\/p>\n<p style=\"text-align: center;\">&nbsp;<\/p>\n","protected":false},"excerpt":{"rendered":"<p>&nbsp; &nbsp; Puede verse tambi&eacute;n: &nbsp;<\/p>\n","protected":false},"author":82,"featured_media":0,"comment_status":"open","ping_status":"open","sticky":false,"template":"","format":"standard","meta":{"jetpack_post_was_ever_published":false,"_jetpack_newsletter_access":"","_jetpack_dont_email_post_to_subs":false,"_jetpack_newsletter_tier_id":0,"_jetpack_memberships_contains_paywalled_content":false,"_jetpack_memberships_contains_paid_content":false,"footnotes":"","jetpack_publicize_message":"","jetpack_publicize_feature_enabled":true,"jetpack_social_post_already_shared":false,"jetpack_social_options":{"image_generator_settings":{"template":"highway","default_image_id":0,"font":"","enabled":false},"version":2}},"categories":[3],"tags":[305,246,176],"class_list":["post-3635","post","type-post","status-publish","format-standard","hentry","category-na","tag-mantegna","tag-olmi","tag-pasolini"],"jetpack_publicize_connections":[],"jetpack_featured_media_url":"","jetpack_shortlink":"https:\/\/wp.me\/p6kHv-WD","jetpack_sharing_enabled":true,"jetpack-related-posts":[{"id":14123,"url":"https:\/\/www.edder.org\/?p=14123","url_meta":{"origin":3635,"position":0},"title":"Viento siciliano para Ermanno Olmi","author":"Eder","date":"lunes, 7 May, 2018","format":false,"excerpt":"edder.org sobrelleva hoy con pesar la muerte de Ermanno Olmi, muchas de cuyas pel\u00edculas conocimos hace ahora diez a\u00f1os en aquel Punto de Vista. Desde entonces Olmi nos ha acompa\u00f1ado a menudo, y esperamos seguir contando con su reconfortante compa\u00f1\u00eda en lo sucesivo. \u00a0\u00a0\u00a0 Para Olmi corre hoy, aqu\u00ed, el\u2026","rel":"","context":"En \u00abArtes\u00bb","block_context":{"text":"Artes","link":"https:\/\/www.edder.org\/?cat=85"},"img":{"alt_text":"","src":"https:\/\/i0.wp.com\/www.edder.org\/upload\/2018\/05\/olmi.jpg?resize=350%2C200&ssl=1","width":350,"height":200,"srcset":"https:\/\/i0.wp.com\/www.edder.org\/upload\/2018\/05\/olmi.jpg?resize=350%2C200&ssl=1 1x, https:\/\/i0.wp.com\/www.edder.org\/upload\/2018\/05\/olmi.jpg?resize=525%2C300&ssl=1 1.5x"},"classes":[]},{"id":11797,"url":"https:\/\/www.edder.org\/?p=11797","url_meta":{"origin":3635,"position":1},"title":"Cotill\u00f3n hacia 1960 (cuando Olmi invent\u00f3 a Kaurism\u00e4ki)","author":"Eder","date":"domingo, 21 Jun, 2015","format":false,"excerpt":"Cotill\u00f3n hacia 1960, o de cuando Ermanno Olmi invent\u00f3 el cine de Aki Kaurism\u00e4ki: \u00a0 \u00a0 + Christmas movies @t edder.org: Navidad en Cherburgo: \u00a0 Cuidado con ese Papa No\u00ebl: \u00a0 Feliz 1977: \u00a0 Feliz 1950: \u00a0 Sei bellissima: \u00a0 Grandes almacenes: \u00a0 El final de un d\u00eda perfecto: \u00a0\u2026","rel":"","context":"En \u00abCine\u00bb","block_context":{"text":"Cine","link":"https:\/\/www.edder.org\/?cat=79"},"img":{"alt_text":"","src":"https:\/\/i0.wp.com\/www.edder.org\/upload\/2015\/06\/cotillon.png?resize=350%2C200&ssl=1","width":350,"height":200},"classes":[]},{"id":2835,"url":"https:\/\/www.edder.org\/?p=2835","url_meta":{"origin":3635,"position":2},"title":"Cumbres rocosas","author":"Eder","date":"martes, 8 Ene, 2013","format":false,"excerpt":"","rel":"","context":"En \u00abCine\u00bb","block_context":{"text":"Cine","link":"https:\/\/www.edder.org\/?cat=79"},"img":{"alt_text":"","src":"","width":0,"height":0},"classes":[]},{"id":3132,"url":"https:\/\/www.edder.org\/?p=3132","url_meta":{"origin":3635,"position":3},"title":"Di\u00e1basis","author":"Eder","date":"s\u00e1bado, 25 May, 2013","format":false,"excerpt":"\u0394\u03b9\u03ac\u03b2\u1fb0\u03c3\u03b9\u03c2:","rel":"","context":"En \u00abArtes\u00bb","block_context":{"text":"Artes","link":"https:\/\/www.edder.org\/?cat=85"},"img":{"alt_text":"","src":"","width":0,"height":0},"classes":[]},{"id":2823,"url":"https:\/\/www.edder.org\/?p=2823","url_meta":{"origin":3635,"position":4},"title":"Camino de Mil\u00e1n hacia 1958","author":"Eder","date":"domingo, 6 Ene, 2013","format":false,"excerpt":"","rel":"","context":"En \u00abCine\u00bb","block_context":{"text":"Cine","link":"https:\/\/www.edder.org\/?cat=79"},"img":{"alt_text":"","src":"","width":0,"height":0},"classes":[]},{"id":2830,"url":"https:\/\/www.edder.org\/?p=2830","url_meta":{"origin":3635,"position":5},"title":"Dos grandes, bajo la lluvia, en un peque\u00f1o Fiat 500","author":"Eder","date":"martes, 8 Ene, 2013","format":false,"excerpt":"","rel":"","context":"En \u00abCine\u00bb","block_context":{"text":"Cine","link":"https:\/\/www.edder.org\/?cat=79"},"img":{"alt_text":"","src":"https:\/\/i0.wp.com\/edder.org\/images\/fiat500.jpg?resize=350%2C200","width":350,"height":200,"srcset":"https:\/\/i0.wp.com\/edder.org\/images\/fiat500.jpg?resize=350%2C200 1x, https:\/\/i0.wp.com\/edder.org\/images\/fiat500.jpg?resize=525%2C300 1.5x"},"classes":[]}],"jetpack_likes_enabled":true,"_links":{"self":[{"href":"https:\/\/www.edder.org\/index.php?rest_route=\/wp\/v2\/posts\/3635","targetHints":{"allow":["GET"]}}],"collection":[{"href":"https:\/\/www.edder.org\/index.php?rest_route=\/wp\/v2\/posts"}],"about":[{"href":"https:\/\/www.edder.org\/index.php?rest_route=\/wp\/v2\/types\/post"}],"author":[{"embeddable":true,"href":"https:\/\/www.edder.org\/index.php?rest_route=\/wp\/v2\/users\/82"}],"replies":[{"embeddable":true,"href":"https:\/\/www.edder.org\/index.php?rest_route=%2Fwp%2Fv2%2Fcomments&post=3635"}],"version-history":[{"count":0,"href":"https:\/\/www.edder.org\/index.php?rest_route=\/wp\/v2\/posts\/3635\/revisions"}],"wp:attachment":[{"href":"https:\/\/www.edder.org\/index.php?rest_route=%2Fwp%2Fv2%2Fmedia&parent=3635"}],"wp:term":[{"taxonomy":"category","embeddable":true,"href":"https:\/\/www.edder.org\/index.php?rest_route=%2Fwp%2Fv2%2Fcategories&post=3635"},{"taxonomy":"post_tag","embeddable":true,"href":"https:\/\/www.edder.org\/index.php?rest_route=%2Fwp%2Fv2%2Ftags&post=3635"}],"curies":[{"name":"wp","href":"https:\/\/api.w.org\/{rel}","templated":true}]}}