{"id":356,"date":"2009-05-08T15:18:25","date_gmt":"2009-05-08T14:18:25","guid":{"rendered":"https:\/\/www.edder.org\/?p=356"},"modified":"2018-07-27T16:38:10","modified_gmt":"2018-07-27T14:38:10","slug":"velazquez","status":"publish","type":"post","link":"https:\/\/www.edder.org\/?p=356","title":{"rendered":"Vel\u00e1zquez ma\u00f1ana"},"content":{"rendered":"<p><img decoding=\"async\" class=\"lazyload alignleft\" title=\"galipien\" border=\"1\" src=\"data:image\/gif;base64,R0lGODlhAQABAAAAACH5BAEKAAEALAAAAAABAAEAAAICTAEAOw==\" data-orig-src=\"https:\/\/www.edder.org\/images\/galipienzo.gif\" alt=\"galipien\" \/>Y as\u00ed Vel\u00e1zquez trueca las mitolog\u00edas en rufianer\u00edas, dice no s\u00e9 qui\u00e9n \u2013\u00bfBergam\u00edn, d\u2019Ors, Oteiza?\u2013, ahora no recuerdo d\u00f3nde. Pero antes de recordar, hablemos de Galipienzo, como manda la actualidad. Y as\u00ed el ex alcalde del Valle de Eg\u00fc\u00e9s, ya que no honroso u honor\u00edfico alcalde de Zalamea, junto con su letrado, ac\u00f3litos o sat\u00e9lites, se present\u00f3 en los juzgados. \u00bfAs\u00ed? S\u00ed, as\u00ed, tan fresco como se le ve\u00eda en las fotos: con ese mismo aire de entre guapetones y valentones que adoptan \u00faltimamente en las fotos los personajes envueltos en turbios asuntos urban\u00edsticos; ese tipo de personajes por los que una Esperanza Aguirre o un Miguel Sanz pusieron un d\u00eda la mano en el fuego \u2013y se quemaron, aunque sin rendir ninguna responsabilidad o cuenta pol\u00edtica por ello, cosa que nada ni nadie va a obligarles a hacer ya\u2013. As\u00ed se present\u00f3 el ex alcalde del Valle de Eg\u00fc\u00e9s: no como su socio o testaferro, que luc\u00eda el cl\u00e1sico modelo de gafas oscuras \u2013el modelo \u201chace un sol del carajo\u201d, que todav\u00eda denota alg\u00fan resto de verg\u00fcenza\u2013, ya muy en desuso; tampoco se present\u00f3 el que fuera primer edil tratando de hurtar su rostro a las c\u00e1maras, como hac\u00edan hace algunos a\u00f1os quienes, prevali\u00e9ndose de la confianza pol\u00edtica depositada en ellos por los simples ciudadanos, hab\u00edan obrado en sus cuentas corrientes el milagro de multiplicar sus fondos; ni mucho menos el ex alcalde en cuesti\u00f3n compareci\u00f3 encapuchado, como com\u00fanmente se presentan en los juzgados los autores de delitos comunes\u2026 No, el alcalde que fuera de Eg\u00fc\u00e9s \u2013hasta que se le forz\u00f3 a dejar de serlo\u2013 se present\u00f3 con ese aire de entre superioridad e indiferencia \u2013m\u00e1s f\u00e1cil de lograr con un sastre caro\u2013 propia de los altivos, desafiantes, falsamente dignos y aparentemente elegantes personajes que se ven hoy a las puertas de los juzgados; personajes id\u00e9nticos a algunos de los de Vel\u00e1zquez: del Vel\u00e1zquez que supo que en el futuro las rufianer\u00edas ocupar\u00edan el lugar de las mitolog\u00edas, los guapetones y valentones, el sitio de los h\u00e9roes.<\/p>\n<p align=\"right\">Publicado en <a target=\"blank\" href=\"http:\/\/www.noticiasdenavarra.com\/ediciones\/2009\/05\/08\/opinion\/contra.php\">Diario de Noticias<\/a><img class=\"lazyload\" decoding=\"async\" align=\"right\" title=\"dn\" alt=\"dn\" src=\"data:image\/gif;base64,R0lGODlhAQABAAAAACH5BAEKAAEALAAAAAABAAEAAAICTAEAOw==\" data-orig-src=\"https:\/\/www.edder.org\/images\/dn.gif\" \/><\/p>\n<p>M\u00e1s informaci\u00f3n sobre Galipienzo<br \/>\ny el caso Eg\u00fc\u00e9s en <a target=\"blank\" href=\"http:\/\/www.eljuiciocasoegues.blogspot.com\">txorizoforal<\/a><\/p>\n","protected":false},"excerpt":{"rendered":"<p>Y as\u00ed Vel\u00e1zquez trueca las mitolog\u00edas en rufianer\u00edas, dice no s\u00e9 qui\u00e9n \u2013\u00bfBergam\u00edn, d\u2019Ors, Oteiza?\u2013, ahora no recuerdo d\u00f3nde. Pero antes de recordar, hablemos de Galipienzo, como manda la actualidad. Y as\u00ed el ex alcalde del Valle de Eg\u00fc\u00e9s, ya que no honroso u honor\u00edfico alcalde de Zalamea, junto con su letrado, ac\u00f3litos o sat\u00e9lites, se present\u00f3 en los juzgados. \u00bfAs\u00ed? S\u00ed, as\u00ed, tan fresco como se le ve\u00eda en las fotos: con ese mismo aire de entre guapetones y valentones que adoptan \u00faltimamente en las fotos los personajes envueltos en turbios asuntos urban\u00edsticos; ese tipo de personajes por los que una Esperanza Aguirre o un Miguel Sanz pusieron un d\u00eda la mano en el fuego \u2013y se quemaron, aunque sin rendir ninguna responsabilidad o cuenta pol\u00edtica  [&#8230;]<\/p>\n","protected":false},"author":82,"featured_media":0,"comment_status":"open","ping_status":"open","sticky":false,"template":"","format":"standard","meta":{"jetpack_post_was_ever_published":false,"_jetpack_newsletter_access":"","_jetpack_dont_email_post_to_subs":false,"_jetpack_newsletter_tier_id":0,"_jetpack_memberships_contains_paywalled_content":false,"_jetpack_memberships_contains_paid_content":false,"footnotes":"","jetpack_publicize_message":"","jetpack_publicize_feature_enabled":true,"jetpack_social_post_already_shared":false,"jetpack_social_options":{"image_generator_settings":{"template":"highway","default_image_id":0,"font":"","enabled":false},"version":2}},"categories":[3,1],"tags":[52],"class_list":["post-356","post","type-post","status-publish","format-standard","hentry","category-na","category-sin-categorizar","tag-velazquez-manana"],"jetpack_publicize_connections":[],"jetpack_featured_media_url":"","jetpack_shortlink":"https:\/\/wp.me\/p6kHv-5K","jetpack_sharing_enabled":true,"jetpack-related-posts":[{"id":1642,"url":"https:\/\/www.edder.org\/?p=1642","url_meta":{"origin":356,"position":0},"title":"Lector esc\u00e9ptico","author":"Eder","date":"mi\u00e9rcoles, 6 Abr, 2011","format":false,"excerpt":"\u00a0 \u00a0 Diego Vel\u00e1zquez seg\u00fan Belmondo (o seg\u00fan \u00c9lie Faure):","rel":"","context":"En \u00abArtes\u00bb","block_context":{"text":"Artes","link":"https:\/\/www.edder.org\/?cat=85"},"img":{"alt_text":"","src":"https:\/\/i0.wp.com\/edder.org\/images\/esceptico.jpg?resize=350%2C200","width":350,"height":200,"srcset":"https:\/\/i0.wp.com\/edder.org\/images\/esceptico.jpg?resize=350%2C200 1x, https:\/\/i0.wp.com\/edder.org\/images\/esceptico.jpg?resize=525%2C300 1.5x"},"classes":[]},{"id":12071,"url":"https:\/\/www.edder.org\/?p=12071","url_meta":{"origin":356,"position":1},"title":"El salto al Olimpo: los que pueden prometer y Prometeo","author":"Eder","date":"lunes, 3 Ago, 2015","format":false,"excerpt":"\u00a0 Buscando desesperadamente la inmortalidad\u2026 Tras asaltar los cielos para liberar a los mortales, Prometeo pas\u00f3 en el C\u00e1ucaso treinta, mil o treinta mil a\u00f1os \u2013la cifra var\u00eda seg\u00fan los cronistas\u2013. Pero Zeus, que le estaba secretamente reconocido, accedi\u00f3 a liberarlo, siempre y cuando alguien ocupara su lugar. El centauro\u2026","rel":"","context":"En \u00abArtes\u00bb","block_context":{"text":"Artes","link":"https:\/\/www.edder.org\/?cat=85"},"img":{"alt_text":"","src":"https:\/\/i0.wp.com\/www.edder.org\/upload\/2015\/08\/bono2.jpg?resize=350%2C200&ssl=1","width":350,"height":200},"classes":[]},{"id":70,"url":"https:\/\/www.edder.org\/?p=70","url_meta":{"origin":356,"position":2},"title":"En \u00c1frica y m\u00e1s all\u00e1","author":"Eder","date":"viernes, 10 Nov, 2006","format":false,"excerpt":"En la Sala de Armas de la Ciudadela, s\u00f3lo hasta el pr\u00f3ximo domingo, puede verse la exposici\u00f3n \u2013fotogr\u00e1fica y videogr\u00e1fica\u2013 de Dorris Haron Kasco (Daloa, Costa de Marfil, 1966) titulada Asfalto. De paso por las inextinguibles obras del Baluarte, presidido por el gran pend\u00f3n de la magna \u00abexposici\u00f3n de los\u2026","rel":"","context":"En \u00abSin categorizar\u00bb","block_context":{"text":"Sin categorizar","link":"https:\/\/www.edder.org\/?cat=1"},"img":{"alt_text":"","src":"","width":0,"height":0},"classes":[]},{"id":12229,"url":"https:\/\/www.edder.org\/?p=12229","url_meta":{"origin":356,"position":3},"title":"Pasan los gobiernos, los pegenautes \u00abpremanecen\u00bb","author":"Eder","date":"jueves, 3 Sep, 2015","format":false,"excerpt":"Vanidad de vanidades. El Gobierno \u00absin fierezas\u00bb \u2013el de la gobernanta que en campa\u00f1a electoral promet\u00eda cambio profundo y una vez elegida invita a no hacerse \u00abilusiones infantiles\u00bb, lasziate ogni illusione (informa Radio Macuto de que las cocinas privatizadas de los hospitales no volver\u00e1n a dar el buen servicio p\u00fablico\u2026","rel":"","context":"En \u00abNA\u00bb","block_context":{"text":"NA","link":"https:\/\/www.edder.org\/?cat=3"},"img":{"alt_text":"","src":"https:\/\/i0.wp.com\/edder.org\/images\/pegenaute.jpg?resize=350%2C200","width":350,"height":200,"srcset":"https:\/\/i0.wp.com\/edder.org\/images\/pegenaute.jpg?resize=350%2C200 1x, https:\/\/i0.wp.com\/edder.org\/images\/pegenaute.jpg?resize=525%2C300 1.5x"},"classes":[]},{"id":57,"url":"https:\/\/www.edder.org\/?p=57","url_meta":{"origin":356,"position":4},"title":"Altura dial\u00e9ctica","author":"Eder","date":"viernes, 19 May, 2006","format":false,"excerpt":"Pues Dios ha muerto y tampoco es que nosotros estemos muy cat\u00f3licos. Los grandes discursos murieron y tampoco es que el arte de argumentar viva horas de esplendor. Si la alcaldesa de Pamplona puede argumentar que no condena los asesinatos de seis concejales de Pamplona por haberse producido estos cuando\u2026","rel":"","context":"En \u00abNA\u00bb","block_context":{"text":"NA","link":"https:\/\/www.edder.org\/?cat=3"},"img":{"alt_text":"","src":"","width":0,"height":0},"classes":[]},{"id":710,"url":"https:\/\/www.edder.org\/?p=710","url_meta":{"origin":356,"position":5},"title":"Las maletas del arquitecto","author":"Eder","date":"viernes, 7 May, 2010","format":false,"excerpt":"","rel":"","context":"En \u00abNA\u00bb","block_context":{"text":"NA","link":"https:\/\/www.edder.org\/?cat=3"},"img":{"alt_text":"","src":"https:\/\/i0.wp.com\/www.edder.org\/upload\/2010\/05\/huder_yarnoz.jpg?resize=350%2C200&ssl=1","width":350,"height":200,"srcset":"https:\/\/i0.wp.com\/www.edder.org\/upload\/2010\/05\/huder_yarnoz.jpg?resize=350%2C200&ssl=1 1x, https:\/\/i0.wp.com\/www.edder.org\/upload\/2010\/05\/huder_yarnoz.jpg?resize=525%2C300&ssl=1 1.5x"},"classes":[]}],"jetpack_likes_enabled":true,"_links":{"self":[{"href":"https:\/\/www.edder.org\/index.php?rest_route=\/wp\/v2\/posts\/356","targetHints":{"allow":["GET"]}}],"collection":[{"href":"https:\/\/www.edder.org\/index.php?rest_route=\/wp\/v2\/posts"}],"about":[{"href":"https:\/\/www.edder.org\/index.php?rest_route=\/wp\/v2\/types\/post"}],"author":[{"embeddable":true,"href":"https:\/\/www.edder.org\/index.php?rest_route=\/wp\/v2\/users\/82"}],"replies":[{"embeddable":true,"href":"https:\/\/www.edder.org\/index.php?rest_route=%2Fwp%2Fv2%2Fcomments&post=356"}],"version-history":[{"count":0,"href":"https:\/\/www.edder.org\/index.php?rest_route=\/wp\/v2\/posts\/356\/revisions"}],"wp:attachment":[{"href":"https:\/\/www.edder.org\/index.php?rest_route=%2Fwp%2Fv2%2Fmedia&parent=356"}],"wp:term":[{"taxonomy":"category","embeddable":true,"href":"https:\/\/www.edder.org\/index.php?rest_route=%2Fwp%2Fv2%2Fcategories&post=356"},{"taxonomy":"post_tag","embeddable":true,"href":"https:\/\/www.edder.org\/index.php?rest_route=%2Fwp%2Fv2%2Ftags&post=356"}],"curies":[{"name":"wp","href":"https:\/\/api.w.org\/{rel}","templated":true}]}}