{"id":3551,"date":"2014-02-12T23:26:27","date_gmt":"2014-02-12T22:26:27","guid":{"rendered":"https:\/\/www.edder.org\/?p=3551"},"modified":"2014-02-12T23:26:42","modified_gmt":"2014-02-12T22:26:42","slug":"ayer-en-el-parlamento-de-navarra","status":"publish","type":"post","link":"https:\/\/www.edder.org\/?p=3551","title":{"rendered":"Ayer en el Parlamento de Navarra"},"content":{"rendered":"<p>Extracto de la declaraci&oacute;n de Idoia Nieves en el Parlamento de Navarra (7 minutos):<\/p>\n<p>&nbsp;<\/p>\n<p style=\"text-align: center;\"><div class=\"video-shortcode\"><iframe title=\"Idoia Nieves en el Parlamento de Navarra (extracto 7&#039;)\" width=\"1200\" height=\"900\" src=\"https:\/\/www.youtube.com\/embed\/wuMBrLysMeA?feature=oembed\" frameborder=\"0\" allow=\"accelerometer; autoplay; clipboard-write; encrypted-media; gyroscope; picture-in-picture; web-share\" allowfullscreen><\/iframe><\/div><\/p>\n","protected":false},"excerpt":{"rendered":"<p>Extracto de la declaraci&oacute;n de Idoia Nieves en el Parlamento de Navarra (7 minutos): &nbsp;<\/p>\n","protected":false},"author":82,"featured_media":0,"comment_status":"open","ping_status":"open","sticky":false,"template":"","format":"standard","meta":{"jetpack_post_was_ever_published":false,"_jetpack_newsletter_access":"","_jetpack_dont_email_post_to_subs":false,"_jetpack_newsletter_tier_id":0,"_jetpack_memberships_contains_paywalled_content":false,"_jetpack_memberships_contains_paid_content":false,"footnotes":"","jetpack_publicize_message":"","jetpack_publicize_feature_enabled":true,"jetpack_social_post_already_shared":false,"jetpack_social_options":{"image_generator_settings":{"template":"highway","default_image_id":0,"font":"","enabled":false},"version":2}},"categories":[3],"tags":[],"class_list":["post-3551","post","type-post","status-publish","format-standard","hentry","category-na"],"jetpack_publicize_connections":[],"jetpack_featured_media_url":"","jetpack_shortlink":"https:\/\/wp.me\/p6kHv-Vh","jetpack_sharing_enabled":true,"jetpack-related-posts":[{"id":3047,"url":"https:\/\/www.edder.org\/?p=3047","url_meta":{"origin":3551,"position":0},"title":"Navarcatolicismo del siglo XXI","author":"Eder","date":"mi\u00e9rcoles, 10 Abr, 2013","format":false,"excerpt":"Bendici\u00f3n del Parlamento de Navarra por el \u00e1ngel de Aralar y adoraci\u00f3n de los parlamentarios. Mi\u00e9rcoles 10 de abril de 2013 (de la Era Cristiana, \u00e7a va de soi): \u00a0 \u00a0 \u00a0 \u00a0 El a\u00f1o pasado por estas fechas: \u00a0 Bendici\u00f3n anual del Parlamento Navarro, 18 de abril de 2012.\u2026","rel":"","context":"En \u00abNA\u00bb","block_context":{"text":"NA","link":"https:\/\/www.edder.org\/?cat=3"},"img":{"alt_text":"","src":"https:\/\/i0.wp.com\/edder.org\/images\/nacional\/nacionalcatolicismo01.jpg?resize=350%2C200","width":350,"height":200,"srcset":"https:\/\/i0.wp.com\/edder.org\/images\/nacional\/nacionalcatolicismo01.jpg?resize=350%2C200 1x, https:\/\/i0.wp.com\/edder.org\/images\/nacional\/nacionalcatolicismo01.jpg?resize=525%2C300 1.5x"},"classes":[]},{"id":657,"url":"https:\/\/www.edder.org\/?p=657","url_meta":{"origin":3551,"position":1},"title":"14 de abril, D\u00eda de la Rep\u00fablica","author":"Eder","date":"mi\u00e9rcoles, 14 Abr, 2010","format":false,"excerpt":"El Gobierno de Navarra, hoy, 14 de abril de 2010. Procesi\u00f3n y misa en el Palacio de Navarra, sede del Ejecutivo navarro: Noticia e im\u00e1genes de la NA-DA foral. Procesi\u00f3n y misa en el Parlamento de Navarra, sede del Legislativo navarro: Noticia e im\u00e1genes. En este momento no disponemos de\u2026","rel":"","context":"En \u00abNA\u00bb","block_context":{"text":"NA","link":"https:\/\/www.edder.org\/?cat=3"},"img":{"alt_text":"","src":"https:\/\/i0.wp.com\/www.edder.org\/upload\/2010\/04\/gobierno.gif?resize=350%2C200&ssl=1","width":350,"height":200},"classes":[]},{"id":2416,"url":"https:\/\/www.edder.org\/?p=2416","url_meta":{"origin":3551,"position":2},"title":"Jaungoikoa eta lege zaharrak reloaded","author":"Eder","date":"mi\u00e9rcoles, 18 Abr, 2012","format":false,"excerpt":"Bendici\u00f3n anual del Parlamento Navarro, 18 de abril de 2012. \u00a0 Parlamentario socialista en la adoraci\u00f3n a San Miguel Arc\u00e1ngel. Navarra, siglo XXI. \u00a0 M\u00e1s de esto mismo: ver m\u00e1s.","rel":"","context":"En \u00abNA\u00bb","block_context":{"text":"NA","link":"https:\/\/www.edder.org\/?cat=3"},"img":{"alt_text":"","src":"https:\/\/i0.wp.com\/www.edder.org\/upload\/2012\/04\/leiza.jpg?resize=350%2C200&ssl=1","width":350,"height":200},"classes":[]},{"id":94,"url":"https:\/\/www.edder.org\/?p=94","url_meta":{"origin":3551,"position":3},"title":"Apasionados por t\u00ed y por ty","author":"Eder","date":"viernes, 6 Abr, 2007","format":false,"excerpt":"S\u00ed, lo s\u00e9: por mucho que ???s\u00ed??? o ???m\u00ed??? deban llevar tilde a menudo, no hay ninguna raz\u00f3n gramatical para ponerla sobre la i de ti ???y menos para escribir ty???. Pero el coraz\u00f3n conoce razones que la ortograf\u00eda no entiende y hay tis tan apasionados que c\u00f3mo no remarcarlos\u2026","rel":"","context":"En \u00abNA\u00bb","block_context":{"text":"NA","link":"https:\/\/www.edder.org\/?cat=3"},"img":{"alt_text":"","src":"","width":0,"height":0},"classes":[]},{"id":136,"url":"https:\/\/www.edder.org\/?p=136","url_meta":{"origin":3551,"position":4},"title":"Cosa navarrorum","author":"Eder","date":"viernes, 15 Feb, 2008","format":false,"excerpt":"Habr\u00e1 cosas que la C\u00e1mara de Comptos no nos puede decir. Tampoco el Parlamento. Ejemplo: \u00bfexist\u00eda alguna relaci\u00f3n de parentesco entre el comisario de la exposici\u00f3n Navarra, un futuro entre todos y la que fuera directora de la oficina del comisario? Que existiera o no tal relaci\u00f3n tiene un inter\u00e9s\u2026","rel":"","context":"En \u00abNA\u00bb","block_context":{"text":"NA","link":"https:\/\/www.edder.org\/?cat=3"},"img":{"alt_text":"","src":"","width":0,"height":0},"classes":[]},{"id":1156,"url":"https:\/\/www.edder.org\/?p=1156","url_meta":{"origin":3551,"position":5},"title":"Rancios misterios","author":"Eder","date":"viernes, 15 Oct, 2010","format":false,"excerpt":"Lo que da en llamarse la cultura navarra alcanz\u00f3 el pasado mi\u00e9rcoles cotas de miseria dif\u00edciles de superar cuando el consejero del ramo entr\u00f3 con un opositor parlamentario, supuestamente de izquierdas, en la discusi\u00f3n de si el Misterio de Obanos, fundado por un cl\u00e9rigo de armas tomar en los fragantes\u2026","rel":"","context":"En \u00abNA\u00bb","block_context":{"text":"NA","link":"https:\/\/www.edder.org\/?cat=3"},"img":{"alt_text":"","src":"","width":0,"height":0},"classes":[]}],"jetpack_likes_enabled":true,"_links":{"self":[{"href":"https:\/\/www.edder.org\/index.php?rest_route=\/wp\/v2\/posts\/3551","targetHints":{"allow":["GET"]}}],"collection":[{"href":"https:\/\/www.edder.org\/index.php?rest_route=\/wp\/v2\/posts"}],"about":[{"href":"https:\/\/www.edder.org\/index.php?rest_route=\/wp\/v2\/types\/post"}],"author":[{"embeddable":true,"href":"https:\/\/www.edder.org\/index.php?rest_route=\/wp\/v2\/users\/82"}],"replies":[{"embeddable":true,"href":"https:\/\/www.edder.org\/index.php?rest_route=%2Fwp%2Fv2%2Fcomments&post=3551"}],"version-history":[{"count":0,"href":"https:\/\/www.edder.org\/index.php?rest_route=\/wp\/v2\/posts\/3551\/revisions"}],"wp:attachment":[{"href":"https:\/\/www.edder.org\/index.php?rest_route=%2Fwp%2Fv2%2Fmedia&parent=3551"}],"wp:term":[{"taxonomy":"category","embeddable":true,"href":"https:\/\/www.edder.org\/index.php?rest_route=%2Fwp%2Fv2%2Fcategories&post=3551"},{"taxonomy":"post_tag","embeddable":true,"href":"https:\/\/www.edder.org\/index.php?rest_route=%2Fwp%2Fv2%2Ftags&post=3551"}],"curies":[{"name":"wp","href":"https:\/\/api.w.org\/{rel}","templated":true}]}}