{"id":3540,"date":"2014-02-01T13:25:32","date_gmt":"2014-02-01T12:25:32","guid":{"rendered":"https:\/\/www.edder.org\/?p=3540"},"modified":"2018-07-27T16:37:07","modified_gmt":"2018-07-27T14:37:07","slug":"pasolini-jaccuse","status":"publish","type":"post","link":"https:\/\/www.edder.org\/?p=3540","title":{"rendered":"Pasolini: j&#8217;accuse&#8230;"},"content":{"rendered":"<p>Pasolini acusa:<\/p>\n<p style=\"text-align: center;\"><div class=\"fusion-fullwidth fullwidth-box fusion-builder-row-1 hundred-percent-fullwidth non-hundred-percent-height-scrolling\" style=\"--awb-border-radius-top-left:0px;--awb-border-radius-top-right:0px;--awb-border-radius-bottom-right:0px;--awb-border-radius-bottom-left:0px;--awb-overflow:visible;--awb-flex-wrap:wrap;\" ><div class=\"fusion-builder-row fusion-row\"><div class=\"fusion-layout-column fusion_builder_column fusion-builder-column-0 fusion_builder_column_1_1 1_1 fusion-one-full fusion-column-first fusion-column-last fusion-column-no-min-height\" style=\"--awb-bg-size:cover;--awb-margin-bottom:0px;\"><div class=\"fusion-column-wrapper fusion-flex-column-wrapper-legacy\"><div class=\"video-shortcode\"><iframe title=\"Pasolini acusa\" width=\"1200\" height=\"900\" src=\"https:\/\/www.youtube.com\/embed\/P_9OzKg9l6Q?feature=oembed\" frameborder=\"0\" allow=\"accelerometer; autoplay; clipboard-write; encrypted-media; gyroscope; picture-in-picture; web-share\" allowfullscreen><\/iframe><\/div>\n<p style=\"text-align: center;\">&nbsp;<\/p>\n<p style=\"text-align: center;\"><img decoding=\"async\" alt=\"\" class=\"lazyload aligncenter\" height=\"698\" src=\"data:image\/svg+xml,%3Csvg%20xmlns%3D%27http%3A%2F%2Fwww.w3.org%2F2000%2Fsvg%27%20width%3D%27425%27%20height%3D%27698%27%20viewBox%3D%270%200%20425%20698%27%3E%3Crect%20width%3D%27425%27%20height%3D%27698%27%20fill-opacity%3D%220%22%2F%3E%3C%2Fsvg%3E\" data-orig-src=\"http:\/\/edder.org\/images\/luteranas.jpg\" width=\"425\" \/><\/p>\n<div class=\"fusion-clearfix\"><\/div><\/div><\/div><\/div><\/div><\/p>\n","protected":false},"excerpt":{"rendered":"<p>Pasolini acusa:<\/p>\n","protected":false},"author":82,"featured_media":0,"comment_status":"open","ping_status":"open","sticky":false,"template":"","format":"standard","meta":{"jetpack_post_was_ever_published":false,"_jetpack_newsletter_access":"","_jetpack_dont_email_post_to_subs":false,"_jetpack_newsletter_tier_id":0,"_jetpack_memberships_contains_paywalled_content":false,"_jetpack_memberships_contains_paid_content":false,"footnotes":"","jetpack_publicize_message":"","jetpack_publicize_feature_enabled":true,"jetpack_social_post_already_shared":false,"jetpack_social_options":{"image_generator_settings":{"template":"highway","default_image_id":0,"font":"","enabled":false},"version":2}},"categories":[85,1],"tags":[176],"class_list":["post-3540","post","type-post","status-publish","format-standard","hentry","category-artes","category-sin-categorizar","tag-pasolini"],"jetpack_publicize_connections":[],"jetpack_featured_media_url":"","jetpack_shortlink":"https:\/\/wp.me\/p6kHv-V6","jetpack_sharing_enabled":true,"jetpack-related-posts":[{"id":11729,"url":"https:\/\/www.edder.org\/?p=11729","url_meta":{"origin":3540,"position":0},"title":"Remake","author":"Eder","date":"domingo, 31 May, 2015","format":false,"excerpt":"Secuencia de Gimme Shelter (Maysles Bros., 1970): \u00a0 \u00a0 Cartel de Una paloma se pos\u00f3 en una rama (Roy Andersson, 2014): [\/fusion_builder_column][\/fusion_builder_row][\/fusion_builder_container]","rel":"","context":"En \u00abSin categorizar\u00bb","block_context":{"text":"Sin categorizar","link":"https:\/\/www.edder.org\/?cat=1"},"img":{"alt_text":"","src":"https:\/\/i0.wp.com\/www.edder.org\/upload\/2015\/05\/Sin-ti%CC%81tulo-12.gif?resize=350%2C200&ssl=1","width":350,"height":200},"classes":[]},{"id":44254,"url":"https:\/\/www.edder.org\/?p=44254","url_meta":{"origin":3540,"position":1},"title":"Pasolini (Bolonia, 5 de marzo de 1922 &#8211; Ostia, 2 de noviembre de 1975)","author":"Eder","date":"domingo, 2 Nov, 2025","format":false,"excerpt":"","rel":"","context":"En \u00abCine\u00bb","block_context":{"text":"Cine","link":"https:\/\/www.edder.org\/?cat=79"},"img":{"alt_text":"","src":"https:\/\/i0.wp.com\/www.edder.org\/upload\/2025\/11\/Screenshot-2025-11-02-at-17.51.36.png?resize=350%2C200&ssl=1","width":350,"height":200,"srcset":"https:\/\/i0.wp.com\/www.edder.org\/upload\/2025\/11\/Screenshot-2025-11-02-at-17.51.36.png?resize=350%2C200&ssl=1 1x, https:\/\/i0.wp.com\/www.edder.org\/upload\/2025\/11\/Screenshot-2025-11-02-at-17.51.36.png?resize=525%2C300&ssl=1 1.5x, https:\/\/i0.wp.com\/www.edder.org\/upload\/2025\/11\/Screenshot-2025-11-02-at-17.51.36.png?resize=700%2C400&ssl=1 2x, https:\/\/i0.wp.com\/www.edder.org\/upload\/2025\/11\/Screenshot-2025-11-02-at-17.51.36.png?resize=1050%2C600&ssl=1 3x"},"classes":[]},{"id":41588,"url":"https:\/\/www.edder.org\/?p=41588","url_meta":{"origin":3540,"position":2},"title":"Pamplona (2023) &#8211; Pasolini (1973)","author":"Eder","date":"martes, 21 Feb, 2023","format":false,"excerpt":"","rel":"","context":"En \u00abArtes\u00bb","block_context":{"text":"Artes","link":"https:\/\/www.edder.org\/?cat=85"},"img":{"alt_text":"","src":"","width":0,"height":0},"classes":[]},{"id":15311,"url":"https:\/\/www.edder.org\/?p=15311","url_meta":{"origin":3540,"position":3},"title":"El barbero de Pasolini","author":"Eder","date":"s\u00e1bado, 17 Ago, 2019","format":false,"excerpt":"El barbero de Pasolini o en la tumba de Pier Paolo Pasolini en Casarsa (Friuli-Venezia Giulia) con su barbero. Im\u00e1genes y di\u00e1logo: Sebastiano Adern\u00f2. \u00a0","rel":"","context":"En \u00abCine\u00bb","block_context":{"text":"Cine","link":"https:\/\/www.edder.org\/?cat=79"},"img":{"alt_text":"","src":"https:\/\/i0.wp.com\/www.edder.org\/upload\/2019\/08\/pasolini.jpg?resize=350%2C200&ssl=1","width":350,"height":200,"srcset":"https:\/\/i0.wp.com\/www.edder.org\/upload\/2019\/08\/pasolini.jpg?resize=350%2C200&ssl=1 1x, https:\/\/i0.wp.com\/www.edder.org\/upload\/2019\/08\/pasolini.jpg?resize=525%2C300&ssl=1 1.5x"},"classes":[]},{"id":3324,"url":"https:\/\/www.edder.org\/?p=3324","url_meta":{"origin":3540,"position":4},"title":"P.P.P.P. (Polaroid de Pier Paolo Pasolini)","author":"Eder","date":"martes, 10 Dic, 2013","format":false,"excerpt":"Polaroid de Pier Paolo Pasolini:","rel":"","context":"En \u00abCine\u00bb","block_context":{"text":"Cine","link":"https:\/\/www.edder.org\/?cat=79"},"img":{"alt_text":"","src":"https:\/\/i0.wp.com\/edder.org\/images\/polaroid_pasolini.jpg?resize=350%2C200","width":350,"height":200},"classes":[]},{"id":3980,"url":"https:\/\/www.edder.org\/?p=3980","url_meta":{"origin":3540,"position":5},"title":"Pasolini non finito (Pasolini par Ferrara)","author":"Eder","date":"martes, 23 Dic, 2014","format":false,"excerpt":"\u00a0 \u00a0 \u00a0","rel":"","context":"En \u00abArtes\u00bb","block_context":{"text":"Artes","link":"https:\/\/www.edder.org\/?cat=85"},"img":{"alt_text":"","src":"https:\/\/i0.wp.com\/edder.org\/images\/Pasolini\/Pasolini.jpg?resize=350%2C200","width":350,"height":200,"srcset":"https:\/\/i0.wp.com\/edder.org\/images\/Pasolini\/Pasolini.jpg?resize=350%2C200 1x, https:\/\/i0.wp.com\/edder.org\/images\/Pasolini\/Pasolini.jpg?resize=525%2C300 1.5x, https:\/\/i0.wp.com\/edder.org\/images\/Pasolini\/Pasolini.jpg?resize=700%2C400 2x, https:\/\/i0.wp.com\/edder.org\/images\/Pasolini\/Pasolini.jpg?resize=1050%2C600 3x"},"classes":[]}],"jetpack_likes_enabled":true,"_links":{"self":[{"href":"https:\/\/www.edder.org\/index.php?rest_route=\/wp\/v2\/posts\/3540","targetHints":{"allow":["GET"]}}],"collection":[{"href":"https:\/\/www.edder.org\/index.php?rest_route=\/wp\/v2\/posts"}],"about":[{"href":"https:\/\/www.edder.org\/index.php?rest_route=\/wp\/v2\/types\/post"}],"author":[{"embeddable":true,"href":"https:\/\/www.edder.org\/index.php?rest_route=\/wp\/v2\/users\/82"}],"replies":[{"embeddable":true,"href":"https:\/\/www.edder.org\/index.php?rest_route=%2Fwp%2Fv2%2Fcomments&post=3540"}],"version-history":[{"count":0,"href":"https:\/\/www.edder.org\/index.php?rest_route=\/wp\/v2\/posts\/3540\/revisions"}],"wp:attachment":[{"href":"https:\/\/www.edder.org\/index.php?rest_route=%2Fwp%2Fv2%2Fmedia&parent=3540"}],"wp:term":[{"taxonomy":"category","embeddable":true,"href":"https:\/\/www.edder.org\/index.php?rest_route=%2Fwp%2Fv2%2Fcategories&post=3540"},{"taxonomy":"post_tag","embeddable":true,"href":"https:\/\/www.edder.org\/index.php?rest_route=%2Fwp%2Fv2%2Ftags&post=3540"}],"curies":[{"name":"wp","href":"https:\/\/api.w.org\/{rel}","templated":true}]}}