{"id":3513,"date":"2014-01-19T18:38:22","date_gmt":"2014-01-19T17:38:22","guid":{"rendered":"https:\/\/www.edder.org\/?p=3513"},"modified":"2018-07-27T16:37:07","modified_gmt":"2018-07-27T14:37:07","slug":"espana-grandes-rebajas-liquidacion-total","status":"publish","type":"post","link":"https:\/\/www.edder.org\/?p=3513","title":{"rendered":"Espa\u00f1a: \u00bfgrandes rebajas?, \u00bfliquidaci\u00f3n total?"},"content":{"rendered":"<p>Espa&ntilde;a: grandes rebajas o, m&aacute;s bien, liquidaci&oacute;n total.<\/p>\n<p>&nbsp;<\/p>\n<p><img decoding=\"async\" alt=\"\" class=\"lazyload aligncenter\" height=\"787\" src=\"data:image\/svg+xml,%3Csvg%20xmlns%3D%27http%3A%2F%2Fwww.w3.org%2F2000%2Fsvg%27%20width%3D%27601%27%20height%3D%27787%27%20viewBox%3D%270%200%20601%20787%27%3E%3Crect%20width%3D%27601%27%20height%3D%27787%27%20fill-opacity%3D%220%22%2F%3E%3C%2Fsvg%3E\" data-orig-src=\"http:\/\/edder.org\/images\/zucami.jpg\" width=\"601\" \/><\/p>\n<p style=\"text-align: center;\"><span style=\"font-size: 9px;\"><em>Diario de Noticias<\/em>, s&aacute;bado 18 de enero de 2013.<\/span><\/p>\n","protected":false},"excerpt":{"rendered":"<p>Espa&ntilde;a: grandes rebajas o, m&aacute;s bien, liquidaci&oacute;n total. &nbsp; Diario de Noticias, s&aacute;bado 18 de enero de 2013.<\/p>\n","protected":false},"author":82,"featured_media":0,"comment_status":"open","ping_status":"open","sticky":false,"template":"","format":"standard","meta":{"jetpack_post_was_ever_published":false,"_jetpack_newsletter_access":"","_jetpack_dont_email_post_to_subs":false,"_jetpack_newsletter_tier_id":0,"_jetpack_memberships_contains_paywalled_content":false,"_jetpack_memberships_contains_paid_content":false,"footnotes":"","jetpack_publicize_message":"","jetpack_publicize_feature_enabled":true,"jetpack_social_post_already_shared":false,"jetpack_social_options":{"image_generator_settings":{"template":"highway","default_image_id":0,"font":"","enabled":false},"version":2}},"categories":[3,1],"tags":[],"class_list":["post-3513","post","type-post","status-publish","format-standard","hentry","category-na","category-sin-categorizar"],"jetpack_publicize_connections":[],"jetpack_featured_media_url":"","jetpack_shortlink":"https:\/\/wp.me\/p6kHv-UF","jetpack_sharing_enabled":true,"jetpack-related-posts":[{"id":11793,"url":"https:\/\/www.edder.org\/?p=11793","url_meta":{"origin":3513,"position":0},"title":"El Siglo de Oro del rev\u00e9s o Espa\u00f1a por donde sol\u00eda","author":"Eder","date":"s\u00e1bado, 20 Jun, 2015","format":false,"excerpt":"El siglo de oro \u2013de momento con min\u00fasculas\u2013 dur\u00f3 dos o tres siglos \u2013siglo arriba, siglo abajo\u2013 y fue para nuestras castas de mandarines el siglo de hacerse de oro. Como el siglo actual, a nada que los apuntes contables de B\u00e1rcenas sean ciertos, o a nada que la impunidad\u2026","rel":"","context":"En \u00abSin categorizar\u00bb","block_context":{"text":"Sin categorizar","link":"https:\/\/www.edder.org\/?cat=1"},"img":{"alt_text":"","src":"https:\/\/i0.wp.com\/www.edder.org\/upload\/2015\/06\/siglo.png?resize=350%2C200&ssl=1","width":350,"height":200,"srcset":"https:\/\/i0.wp.com\/www.edder.org\/upload\/2015\/06\/siglo.png?resize=350%2C200&ssl=1 1x, https:\/\/i0.wp.com\/www.edder.org\/upload\/2015\/06\/siglo.png?resize=525%2C300&ssl=1 1.5x"},"classes":[]},{"id":541,"url":"https:\/\/www.edder.org\/?p=541","url_meta":{"origin":3513,"position":1},"title":"Aguas turbulentas","author":"Eder","date":"viernes, 27 Nov, 2009","format":false,"excerpt":"No siendo la pesca de mi especialidad \u2013es m\u00e1s, siendo yo de esa clase de indocumentados que aceptaba como buena la definici\u00f3n que de la acci\u00f3n de pescar diera Samuel Johnson: \u201cun palo y una cuerda con un gusano en un extremo y un tonto en el otro\u201d\u2013 y no\u2026","rel":"","context":"En \u00abSin categorizar\u00bb","block_context":{"text":"Sin categorizar","link":"https:\/\/www.edder.org\/?cat=1"},"img":{"alt_text":"","src":"","width":0,"height":0},"classes":[]},{"id":61,"url":"https:\/\/www.edder.org\/?p=61","url_meta":{"origin":3513,"position":2},"title":"El segundo de la tarde","author":"Eder","date":"viernes, 16 Jun, 2006","format":false,"excerpt":"No s\u00e9 qu\u00e9 pas\u00f3 en el primero o en el cuarto de la tarde; pero, cuando la armada futbol\u00edstica que dirige ese S\u00e9neca mesetario al que llaman el Sabio de Hortaleza asest\u00f3 al adversario el segundo de la tarde, Espa\u00f1a ???ese tronar de decibelios en las pantallas de plasma de\u2026","rel":"","context":"En \u00abSin categorizar\u00bb","block_context":{"text":"Sin categorizar","link":"https:\/\/www.edder.org\/?cat=1"},"img":{"alt_text":"","src":"","width":0,"height":0},"classes":[]},{"id":12791,"url":"https:\/\/www.edder.org\/?p=12791","url_meta":{"origin":3513,"position":3},"title":"El precariado: nuevos a\u00f1os triunfales","author":"Eder","date":"jueves, 3 Mar, 2016","format":false,"excerpt":"\u2022 Despu\u00e9s de Letonia, Espa\u00f1a es el pa\u00eds europeo que m\u00e1s desigualmente reparte sus rentas de trabajo. \u2022 Desde hace 30 a\u00f1os, Espa\u00f1a es el pa\u00eds del mundo con una m\u00e1s baja tasa de natalidad. \u2022 En \u00e9poca reciente, los salarios m\u00e1s bajos han descendido en Espa\u00f1a un 25 %,\u2026","rel":"","context":"En \u00abSin categorizar\u00bb","block_context":{"text":"Sin categorizar","link":"https:\/\/www.edder.org\/?cat=1"},"img":{"alt_text":"","src":"https:\/\/i0.wp.com\/www.edder.org\/upload\/2016\/03\/el-roto-problems.gif?resize=350%2C200&ssl=1","width":350,"height":200},"classes":[]},{"id":2184,"url":"https:\/\/www.edder.org\/?p=2184","url_meta":{"origin":3513,"position":4},"title":"A\u00f1os triunfales","author":"Eder","date":"s\u00e1bado, 26 Nov, 2011","format":false,"excerpt":"","rel":"","context":"En \u00abLetras\u00bb","block_context":{"text":"Letras","link":"https:\/\/www.edder.org\/?cat=93"},"img":{"alt_text":"","src":"https:\/\/i0.wp.com\/edder.org\/images\/triunfales.jpg?resize=350%2C200","width":350,"height":200,"srcset":"https:\/\/i0.wp.com\/edder.org\/images\/triunfales.jpg?resize=350%2C200 1x, https:\/\/i0.wp.com\/edder.org\/images\/triunfales.jpg?resize=525%2C300 1.5x"},"classes":[]},{"id":40,"url":"https:\/\/www.edder.org\/?p=40","url_meta":{"origin":3513,"position":5},"title":"San(z)cho el Continuador","author":"Eder","date":"viernes, 27 Ene, 2006","format":false,"excerpt":"Por falta de devoci\u00f3n hacia las monarqu\u00edas en general ???Karl Marx: el principio sobre el que se asienta la monarqu\u00eda es el hombre despreciado, deshumanizado, reducido a \u00abpopulacho\u00bb??? y a las sagas reales navarras en particular, no puedo decir si el consejero navarro del ramo tur\u00edstico-cultural incurre en una solemne\u2026","rel":"","context":"En \u00abNA\u00bb","block_context":{"text":"NA","link":"https:\/\/www.edder.org\/?cat=3"},"img":{"alt_text":"","src":"","width":0,"height":0},"classes":[]}],"jetpack_likes_enabled":true,"_links":{"self":[{"href":"https:\/\/www.edder.org\/index.php?rest_route=\/wp\/v2\/posts\/3513","targetHints":{"allow":["GET"]}}],"collection":[{"href":"https:\/\/www.edder.org\/index.php?rest_route=\/wp\/v2\/posts"}],"about":[{"href":"https:\/\/www.edder.org\/index.php?rest_route=\/wp\/v2\/types\/post"}],"author":[{"embeddable":true,"href":"https:\/\/www.edder.org\/index.php?rest_route=\/wp\/v2\/users\/82"}],"replies":[{"embeddable":true,"href":"https:\/\/www.edder.org\/index.php?rest_route=%2Fwp%2Fv2%2Fcomments&post=3513"}],"version-history":[{"count":0,"href":"https:\/\/www.edder.org\/index.php?rest_route=\/wp\/v2\/posts\/3513\/revisions"}],"wp:attachment":[{"href":"https:\/\/www.edder.org\/index.php?rest_route=%2Fwp%2Fv2%2Fmedia&parent=3513"}],"wp:term":[{"taxonomy":"category","embeddable":true,"href":"https:\/\/www.edder.org\/index.php?rest_route=%2Fwp%2Fv2%2Fcategories&post=3513"},{"taxonomy":"post_tag","embeddable":true,"href":"https:\/\/www.edder.org\/index.php?rest_route=%2Fwp%2Fv2%2Ftags&post=3513"}],"curies":[{"name":"wp","href":"https:\/\/api.w.org\/{rel}","templated":true}]}}