{"id":35,"date":"2006-01-06T22:46:43","date_gmt":"2006-01-06T20:46:43","guid":{"rendered":"https:\/\/www.edder.org\/?p=35"},"modified":"2018-07-27T16:38:44","modified_gmt":"2018-07-27T14:38:44","slug":"35","status":"publish","type":"post","link":"https:\/\/www.edder.org\/?p=35","title":{"rendered":"El h\u00e1bito regener\u00f3 al monde"},"content":{"rendered":"<p><img decoding=\"async\" alt=\"dn\" class=\"lazyload izquierda\" src=\"data:image\/gif;base64,R0lGODlhAQABAAAAACH5BAEKAAEALAAAAAABAAEAAAICTAEAOw==\" data-orig-src=\"https:\/\/www.edder.org\/images\/dn.gif\" \/><\/p>\n<p><style type=\"text\/css\">@font-face {\n  font-family: \"Times\";\n}p.MsoNormal, li.MsoNormal, div.MsoNormal { margin: 0cm 0cm 0.0001pt; text-align: justify; text-indent: 8.5pt; font-size: 12pt; font-family: Times; }div.Section1 { page: Section1; }<\/style>\n<p>\t<span style=\"font-size: 12pt; font-family: Times;\">La desfachatez que ha llevado a Sanz &ndash;Sanz Sesma&ndash; a interpretar la sentencia judicial por la que se anula la concesi&oacute;n de licencias de radio hecha en su d&iacute;a por Sanz &ndash;Sanz Barea&ndash; y Palacios como otro &eacute;xito del Gobierno de UPN &ndash;otro m&aacute;s de la cascada incesante de &eacute;xitos que a diario produce su Gabinete&ndash;, sorprende tan poco como el desparpajo &ndash;la frescura&ndash; con que Juan Cruz Alli ha comentado la jugada. De entrada Alli nos recuerda lo que es oportuno no olvidar: que ya en su d&iacute;a el Parlamento censur&oacute; al t&aacute;ndem Palacios-Sanz &ndash;Sanz Barea y, de rebote, Sanz Sesma&ndash; porque &ldquo;entendi&oacute; que las adjudicaciones de licencias de FM hab&iacute;an sido arbitrarias e ilegales&rdquo;. Y frente a la desfachatez con que Sanz &ndash;Sanz Sesma&ndash; niega lo evidente, para a rengl&oacute;n seguido interpretarlo como otro &eacute;xito de su Gobierno, Alli nos confirma que las evidencias son incontestables e irreversibles: que la reciente sentencia judicial no dice nada distinto a lo que ya dijo el Parlamento, diga lo que diga Sanz &ndash;Sanz Sesma&ndash; que dicen los jueces. Pero una vez sentado lo que dijo el Parlamento y lo que han dicho los jueces, hay que ver la frescura con que Alli a&ntilde;ade que uno era el Palacios que conced&iacute;a arbitraria e ilegalmente licencias de radio, y otro &ndash;al parecer bien distinto&ndash; es el Palacios que campea hoy por Bienestar Social. Dado que habr&iacute;a tantos Palacios como cargos ocupe el incombustible consejero de ese nombre, Alli retira la confianza &ndash;sin paliativos&ndash; al Palacios que ya no existe, al que cometi&oacute; actos arbitrarios contrarios a la legalidad &ndash;por la que todo consejero, independientemente de la cartera que ocupe, debe velar&ndash;, y de la misma se la otorga &ndash;sin condiciones&ndash; al Palacios que comparte con el partido de Alli tareas de Gobierno. El cargo &ndash;la consejer&iacute;a&ndash;, nos est&aacute; diciendo Alli, no s&oacute;lo hace al alto cargo &ndash;al consejero&ndash;, sino que el cambio de cargo &ndash;el simple intercambio de carteras&ndash; lava sus ilegalidades. El cambio de h&aacute;bito, pues, regener&oacute; al monje. Y aqu&iacute; Sanz &ndash;Sesma y Barea&ndash; y despu&eacute;s gloria.<\/span><br \/>\n\tPublicado en <a href=\"http:\/\/www.noticiasdenavarra.com\/ediciones\/2006\/01\/06\/opinion\/contra.php\" target=\"blank\">Diario de Noticias<\/a>.<\/p>\n","protected":false},"excerpt":{"rendered":"<p>La desfachatez que ha llevado a Sanz &ndash;Sanz Sesma&ndash; a interpretar la sentencia judicial por la que se anula la concesi&oacute;n de licencias de radio hecha en su d&iacute;a por Sanz &ndash;Sanz Barea&ndash; y Palacios como otro &eacute;xito del Gobierno de UPN &ndash;otro m&aacute;s de la cascada incesante de &eacute;xitos que a diario produce su Gabinete&ndash;, sorprende tan poco como el desparpajo &ndash;la frescura&ndash; con que Juan Cruz Alli ha comentado la jugada. De entrada Alli nos recuerda lo que es oportuno no olvidar: que ya en su d&iacute;a el Parlamento censur&oacute; al t&aacute;ndem Palacios-Sanz &ndash;Sanz Barea y, de rebote, Sanz Sesma&ndash; porque &ldquo;entendi&oacute; que las adjudicaciones de licencias de FM hab&iacute;an sido arbitrarias e ilegales&rdquo;. Y frente a la desfachatez con que Sanz &ndash;Sanz Sesma&ndash; niega  [&#8230;]<\/p>\n","protected":false},"author":82,"featured_media":0,"comment_status":"open","ping_status":"open","sticky":false,"template":"","format":"standard","meta":{"jetpack_post_was_ever_published":false,"_jetpack_newsletter_access":"","_jetpack_dont_email_post_to_subs":false,"_jetpack_newsletter_tier_id":0,"_jetpack_memberships_contains_paywalled_content":false,"_jetpack_memberships_contains_paid_content":false,"footnotes":"","jetpack_publicize_message":"","jetpack_publicize_feature_enabled":true,"jetpack_social_post_already_shared":false,"jetpack_social_options":{"image_generator_settings":{"template":"highway","default_image_id":0,"font":"","enabled":false},"version":2}},"categories":[3],"tags":[],"class_list":["post-35","post","type-post","status-publish","format-standard","hentry","category-na"],"jetpack_publicize_connections":[],"jetpack_featured_media_url":"","jetpack_shortlink":"https:\/\/wp.me\/s6kHv-35","jetpack_sharing_enabled":true,"jetpack-related-posts":[{"id":34,"url":"https:\/\/www.edder.org\/?p=34","url_meta":{"origin":35,"position":0},"title":"Nepotismo foral: una instant\u00e1nea","author":"Eder","date":"viernes, 30 Dic, 2005","format":false,"excerpt":"Siete a\u00f1o y medio despu\u00e9s de que el incombustible superconsejero Jos\u00e9 Ignacio Palacios \u2013sus pleitos van bien despacio\u2013\u2026 Siete a\u00f1os y medio despu\u00e9s de que Palacios y Sanz \u2013el otro Sanz\u2013, \u00bfregalasen?, \u00bfadjudicasen graciosamente?, \u00bfentregasen en un acto de nepotismo palaciego \u2013\u201cVoy a Palacio\u201d, que dicen ciertos exponentes de nuestra\u2026","rel":"","context":"En \u00abNA\u00bb","block_context":{"text":"NA","link":"https:\/\/www.edder.org\/?cat=3"},"img":{"alt_text":"","src":"","width":0,"height":0},"classes":[]},{"id":1259,"url":"https:\/\/www.edder.org\/?p=1259","url_meta":{"origin":35,"position":1},"title":"Dietas y r\u00e9gimen (foral)","author":"Eder","date":"viernes, 3 Dic, 2010","format":false,"excerpt":"Se va como vino el subsidio de paro de 426 euros que, seg\u00fan declaraciones hechas a la prensa por Miguel Sanz \u2013el que guarda sus \u201ccuatro perras\u201d en la CAN\u2013, daban para una cena, si es que daban para eso. Cuando el presidente foral dijo aquello, la prensa no hab\u00eda\u2026","rel":"","context":"En \u00abNA\u00bb","block_context":{"text":"NA","link":"https:\/\/www.edder.org\/?cat=3"},"img":{"alt_text":"","src":"","width":0,"height":0},"classes":[]},{"id":11618,"url":"https:\/\/www.edder.org\/?p=11618","url_meta":{"origin":35,"position":2},"title":"Primera paletada triunfal","author":"Eder","date":"domingo, 26 Abr, 2015","format":false,"excerpt":"Primera paleta triunfal del ininaugurable y nunca inaugurado Reyno de Navarra Arena. Ambiente navarr\u00edsimo. A la derecha, a la pala, de gris marengo, Miguel Sanz Sesma (\u00ab400 euros no dan ni para una cena\u00bb), ahora presidente de Autopistas de Navarra por designaci\u00f3n de UPN y miembro de media docena de\u2026","rel":"","context":"En \u00abNA\u00bb","block_context":{"text":"NA","link":"https:\/\/www.edder.org\/?cat=3"},"img":{"alt_text":"","src":"https:\/\/i0.wp.com\/www.edder.org\/upload\/2015\/04\/paletadas2.jpg?resize=350%2C200&ssl=1","width":350,"height":200},"classes":[]},{"id":80,"url":"https:\/\/www.edder.org\/?p=80","url_meta":{"origin":35,"position":3},"title":"Las mentiras de los Sanz","author":"Eder","date":"viernes, 19 Ene, 2007","format":false,"excerpt":"Alguno de los Sanz miente. Alguno de los Sanz miente y no es Alejandro. O si Alejandro Sanz miente, all\u00e1 pel\u00edculas: el cantante no preside ning\u00fan gobierno auton\u00f3mico. Por su parte, parece m\u00e1s que comprobado que Miguel Sanz enton\u00f3 el pasado s\u00e1bado sentidas jotas de su repertorio en la localidad\u2026","rel":"","context":"En \u00abNA\u00bb","block_context":{"text":"NA","link":"https:\/\/www.edder.org\/?cat=3"},"img":{"alt_text":"","src":"","width":0,"height":0},"classes":[]},{"id":2220,"url":"https:\/\/www.edder.org\/?p=2220","url_meta":{"origin":35,"position":4},"title":"Washington, junio de 2010","author":"Eder","date":"lunes, 12 Dic, 2011","format":false,"excerpt":"\u00a0 Washington D.C., 11 de junio de 2010. Inauguraci\u00f3n de la \u00absede central en EE. UU.\u00bb [sic] de Banca C\u00edvica, nunca abierta al p\u00fablico por la previsible y no prevista falta de permisos para operar en los Estados Unidos de Am\u00e9rica. Entre los protagonistas de excepci\u00f3n de la jornada, los\u2026","rel":"","context":"En \u00abNA\u00bb","block_context":{"text":"NA","link":"https:\/\/www.edder.org\/?cat=3"},"img":{"alt_text":"","src":"","width":0,"height":0},"classes":[]},{"id":433,"url":"https:\/\/www.edder.org\/?p=433","url_meta":{"origin":35,"position":5},"title":"Yes, they Can","author":"Eder","date":"viernes, 26 Jun, 2009","format":false,"excerpt":"Yes, they Can, o lo que es mismo: Sanz y Barcina seguir\u00e1n estando en la Can cuando el \u00faltimo pol\u00edtico que se vaya de Caja Navarra cierre la puerta. Es m\u00e1s: Sanz estar\u00eda en las altas esferas de Caja Navarra incluso en el poco veros\u00edmil supuesto de que hoy mismo\u2026","rel":"","context":"En \u00abNA\u00bb","block_context":{"text":"NA","link":"https:\/\/www.edder.org\/?cat=3"},"img":{"alt_text":"","src":"","width":0,"height":0},"classes":[]}],"jetpack_likes_enabled":true,"_links":{"self":[{"href":"https:\/\/www.edder.org\/index.php?rest_route=\/wp\/v2\/posts\/35","targetHints":{"allow":["GET"]}}],"collection":[{"href":"https:\/\/www.edder.org\/index.php?rest_route=\/wp\/v2\/posts"}],"about":[{"href":"https:\/\/www.edder.org\/index.php?rest_route=\/wp\/v2\/types\/post"}],"author":[{"embeddable":true,"href":"https:\/\/www.edder.org\/index.php?rest_route=\/wp\/v2\/users\/82"}],"replies":[{"embeddable":true,"href":"https:\/\/www.edder.org\/index.php?rest_route=%2Fwp%2Fv2%2Fcomments&post=35"}],"version-history":[{"count":0,"href":"https:\/\/www.edder.org\/index.php?rest_route=\/wp\/v2\/posts\/35\/revisions"}],"wp:attachment":[{"href":"https:\/\/www.edder.org\/index.php?rest_route=%2Fwp%2Fv2%2Fmedia&parent=35"}],"wp:term":[{"taxonomy":"category","embeddable":true,"href":"https:\/\/www.edder.org\/index.php?rest_route=%2Fwp%2Fv2%2Fcategories&post=35"},{"taxonomy":"post_tag","embeddable":true,"href":"https:\/\/www.edder.org\/index.php?rest_route=%2Fwp%2Fv2%2Ftags&post=35"}],"curies":[{"name":"wp","href":"https:\/\/api.w.org\/{rel}","templated":true}]}}