{"id":345,"date":"2009-04-25T18:27:36","date_gmt":"2009-04-25T17:27:36","guid":{"rendered":"https:\/\/www.edder.org\/?p=345"},"modified":"2018-07-27T16:38:10","modified_gmt":"2018-07-27T14:38:10","slug":"345","status":"publish","type":"post","link":"https:\/\/www.edder.org\/?p=345","title":{"rendered":"Para gente sin complejos"},"content":{"rendered":"<p><img class=\"lazyload\" decoding=\"async\" align=\"left\" alt=\"dn\" src=\"data:image\/gif;base64,R0lGODlhAQABAAAAACH5BAEKAAEALAAAAAABAAEAAAICTAEAOw==\" data-orig-src=\"https:\/\/www.edder.org\/images\/barcina_salaberri.gif\" title=\"112\" \/><\/p>\n<p>Seguro que tanto Salaberri y todo junto no ser&aacute; m&aacute;s que una casualidad. Salaberri en el Museo Oteiza. Salaberri en las paredes del ampliado y redecorado despacho que Miguel Sanz legar&aacute; a Barcina &ndash;&iquest;crisis?, &iquest;qu&eacute; crisis?&ndash;. Salaberri en el proyecto del Ayuntamiento de Pamplona para mostrar a la parroquia el devenir del arte m&aacute;s reciente y meternos en la capitalidad europea de la cultura&hellip; No tengo idea de c&oacute;mo llegaremos al 2016, si es que vamos para all&aacute;. Lo que temo es que vayamos para los a&ntilde;os 50 de siglo pasado: a&ntilde;os de partido &uacute;nico, plato &uacute;nico e incluso, por aqu&iacute;, pintor &uacute;nico &ndash;cosa que vuelve a recordarme la casual omnipresencia del nombre de un pintor&ndash;. Ya falta menos para que Barcina, por fin sola, lleve a cabo su proyecto pol&iacute;tico, cualquiera que &eacute;ste sea. Mi temor es que el proyecto pol&iacute;tico de quien bautiza las avenidas pamplonesas del siglo XXI con nombres tan vaticanos como el de Juan Pablo II &ndash;igual que a mediados del pasado siglo se bautizaban con el de P&iacute;o XII&ndash;, consista en un <em>revival<\/em> de aquellos nacionalcat&oacute;licos y marianos a&ntilde;os. Es un temor fundado en el devenir ideol&oacute;gico de la propia Barcina, que va del progresismo independiente con el que se present&oacute; en la pol&iacute;tica, al derechismo sin complejos con el que hoy defiende el abolengo nobiliario de todos los condes de Rodezno, incluido el que tanto papel tuvo en el golpe militar. Con modales de tecn&oacute;crata ye-y&eacute;, Barcina nos recuerda lo &uacute;nico que a la derecha sin complejos le gusta recordar: que mejor no recordar el pasado ni a que clase de golpistas no quiere reprobar. El estilo Barcina est&aacute; basado en esa alegre desentendimiento del pasado que tanto Fraga como los llamados tecn&oacute;cratas del Opus pusieron en su d&iacute;a en pr&aacute;ctica, para mayor gloria y desarrollo del r&eacute;gimen. Barcina, reivindicando un ser de derechas sin complejos &ndash;y sin rechazar nada de lo que la derecha fue&ndash;, ha hecho su bandera de aquel discurso desarrollista, nacido a finales de los 50, a&ntilde;os hacia los que quiz&aacute; vayamos.<\/p>\n<p align=\"right\">Publicado en <a href=\"http:\/\/www.noticiasdenavarra.com\/ediciones\/2009\/04\/24\/opinion\/contra.php\" target=\"blank\">Diario de Noticias<\/a><img class=\"lazyload\" decoding=\"async\" align=\"right\" alt=\"dn\" src=\"data:image\/gif;base64,R0lGODlhAQABAAAAACH5BAEKAAEALAAAAAABAAEAAAICTAEAOw==\" data-orig-src=\"https:\/\/www.edder.org\/images\/dn.gif\" title=\"dn\" \/><\/p>\n","protected":false},"excerpt":{"rendered":"<p>Seguro que tanto Salaberri y todo junto no ser&aacute; m&aacute;s que una casualidad. Salaberri en el Museo Oteiza. Salaberri en las paredes del ampliado y redecorado despacho que Miguel Sanz legar&aacute; a Barcina &ndash;&iquest;crisis?, &iquest;qu&eacute; crisis?&ndash;. Salaberri en el proyecto del Ayuntamiento de Pamplona para mostrar a la parroquia el devenir del arte m&aacute;s reciente y meternos en la capitalidad europea de la cultura&hellip; No tengo idea de c&oacute;mo llegaremos al 2016, si es que vamos para all&aacute;. Lo que temo es que vayamos para los a&ntilde;os 50 de siglo pasado: a&ntilde;os de partido &uacute;nico, plato &uacute;nico e incluso, por aqu&iacute;, pintor &uacute;nico &ndash;cosa que vuelve a recordarme la casual omnipresencia del nombre de un pintor&ndash;. Ya falta menos para que Barcina, por fin sola, lleve a  [&#8230;]<\/p>\n","protected":false},"author":82,"featured_media":0,"comment_status":"open","ping_status":"open","sticky":false,"template":"","format":"standard","meta":{"jetpack_post_was_ever_published":false,"_jetpack_newsletter_access":"","_jetpack_dont_email_post_to_subs":false,"_jetpack_newsletter_tier_id":0,"_jetpack_memberships_contains_paywalled_content":false,"_jetpack_memberships_contains_paid_content":false,"footnotes":"","jetpack_publicize_message":"","jetpack_publicize_feature_enabled":true,"jetpack_social_post_already_shared":false,"jetpack_social_options":{"image_generator_settings":{"template":"highway","default_image_id":0,"font":"","enabled":false},"version":2}},"categories":[3],"tags":[],"class_list":["post-345","post","type-post","status-publish","format-standard","hentry","category-na"],"jetpack_publicize_connections":[],"jetpack_featured_media_url":"","jetpack_shortlink":"https:\/\/wp.me\/s6kHv-345","jetpack_sharing_enabled":true,"jetpack-related-posts":[{"id":11748,"url":"https:\/\/www.edder.org\/?p=11748","url_meta":{"origin":345,"position":0},"title":"El \u00abmaestro\u00bb Carlos Herrera inspira a Barcina","author":"Eder","date":"martes, 9 Jun, 2015","format":false,"excerpt":"El locutor radiof\u00f3nico Carlos Herrera inspira a la catedr\u00e1tica de Bromat\u00f3log\u00eda Yolanda Barcina. D\u00edas despu\u00e9s de o\u00edr al \u00abmaestro\u00bb en un acto organizado por un think tank del PP, Barcina repetir\u00eda en TVE como un lorito lo dicho por Herrera en Pamplona, la tarde de gloria torera del 12 de\u2026","rel":"","context":"En \u00abNA\u00bb","block_context":{"text":"NA","link":"https:\/\/www.edder.org\/?cat=3"},"img":{"alt_text":"","src":"https:\/\/i0.wp.com\/www.edder.org\/upload\/2015\/06\/Screen-Shot-2015-06-09-at-22.48.46.png?resize=350%2C200&ssl=1","width":350,"height":200,"srcset":"https:\/\/i0.wp.com\/www.edder.org\/upload\/2015\/06\/Screen-Shot-2015-06-09-at-22.48.46.png?resize=350%2C200&ssl=1 1x, https:\/\/i0.wp.com\/www.edder.org\/upload\/2015\/06\/Screen-Shot-2015-06-09-at-22.48.46.png?resize=525%2C300&ssl=1 1.5x, https:\/\/i0.wp.com\/www.edder.org\/upload\/2015\/06\/Screen-Shot-2015-06-09-at-22.48.46.png?resize=700%2C400&ssl=1 2x"},"classes":[]},{"id":12071,"url":"https:\/\/www.edder.org\/?p=12071","url_meta":{"origin":345,"position":1},"title":"El salto al Olimpo: los que pueden prometer y Prometeo","author":"Eder","date":"lunes, 3 Ago, 2015","format":false,"excerpt":"\u00a0 Buscando desesperadamente la inmortalidad\u2026 Tras asaltar los cielos para liberar a los mortales, Prometeo pas\u00f3 en el C\u00e1ucaso treinta, mil o treinta mil a\u00f1os \u2013la cifra var\u00eda seg\u00fan los cronistas\u2013. Pero Zeus, que le estaba secretamente reconocido, accedi\u00f3 a liberarlo, siempre y cuando alguien ocupara su lugar. El centauro\u2026","rel":"","context":"En \u00abArtes\u00bb","block_context":{"text":"Artes","link":"https:\/\/www.edder.org\/?cat=85"},"img":{"alt_text":"","src":"https:\/\/i0.wp.com\/www.edder.org\/upload\/2015\/08\/bono2.jpg?resize=350%2C200&ssl=1","width":350,"height":200},"classes":[]},{"id":433,"url":"https:\/\/www.edder.org\/?p=433","url_meta":{"origin":345,"position":2},"title":"Yes, they Can","author":"Eder","date":"viernes, 26 Jun, 2009","format":false,"excerpt":"Yes, they Can, o lo que es mismo: Sanz y Barcina seguir\u00e1n estando en la Can cuando el \u00faltimo pol\u00edtico que se vaya de Caja Navarra cierre la puerta. Es m\u00e1s: Sanz estar\u00eda en las altas esferas de Caja Navarra incluso en el poco veros\u00edmil supuesto de que hoy mismo\u2026","rel":"","context":"En \u00abNA\u00bb","block_context":{"text":"NA","link":"https:\/\/www.edder.org\/?cat=3"},"img":{"alt_text":"","src":"","width":0,"height":0},"classes":[]},{"id":385,"url":"https:\/\/www.edder.org\/?p=385","url_meta":{"origin":345,"position":3},"title":"Grandeza de un miserable llamado Odiseo","author":"Eder","date":"viernes, 15 May, 2009","format":false,"excerpt":"Cuando oigo a la se\u00f1ora Barcina (que tan favorecida sali\u00f3 ayer en la \u00faltima p\u00e1gina de El Pa\u00eds: \u201ccat\u00f3lica practicante sin exagerar\u201d, se dec\u00eda ella misma \u2013nada que ver con el nacionalcatolicismo de anta\u00f1o: aquel que bautizaba las calles de Pamplona con nombres de nuncios y pont\u00edfices vaticanos, aunque hoy\u2026","rel":"","context":"En \u00abNA\u00bb","block_context":{"text":"NA","link":"https:\/\/www.edder.org\/?cat=3"},"img":{"alt_text":"","src":"","width":0,"height":0},"classes":[]},{"id":132,"url":"https:\/\/www.edder.org\/?p=132","url_meta":{"origin":345,"position":4},"title":"Torer\u00eda","author":"Eder","date":"viernes, 18 Ene, 2008","format":false,"excerpt":"","rel":"","context":"En \u00abNA\u00bb","block_context":{"text":"NA","link":"https:\/\/www.edder.org\/?cat=3"},"img":{"alt_text":"","src":"","width":0,"height":0},"classes":[]},{"id":483,"url":"https:\/\/www.edder.org\/?p=483","url_meta":{"origin":345,"position":5},"title":"\u00a1Alonso, Alonso, Alonso!","author":"Eder","date":"viernes, 2 Oct, 2009","format":false,"excerpt":"Porque existe Google, que si no, no me hubiera acordado del nombre de aquel delegado del Gobierno tan din\u00e1mico que organizaba patri\u00f3ticas juras de bandera con nuestras arquistars. Arquistars quiere decir estrellas del firmamento arquitect\u00f3nico. Nuestras arquistars cab\u00edan casi todas juntas en una jura de bandera de las que organizaba\u2026","rel":"","context":"En \u00abNA\u00bb","block_context":{"text":"NA","link":"https:\/\/www.edder.org\/?cat=3"},"img":{"alt_text":"","src":"","width":0,"height":0},"classes":[]}],"jetpack_likes_enabled":true,"_links":{"self":[{"href":"https:\/\/www.edder.org\/index.php?rest_route=\/wp\/v2\/posts\/345","targetHints":{"allow":["GET"]}}],"collection":[{"href":"https:\/\/www.edder.org\/index.php?rest_route=\/wp\/v2\/posts"}],"about":[{"href":"https:\/\/www.edder.org\/index.php?rest_route=\/wp\/v2\/types\/post"}],"author":[{"embeddable":true,"href":"https:\/\/www.edder.org\/index.php?rest_route=\/wp\/v2\/users\/82"}],"replies":[{"embeddable":true,"href":"https:\/\/www.edder.org\/index.php?rest_route=%2Fwp%2Fv2%2Fcomments&post=345"}],"version-history":[{"count":0,"href":"https:\/\/www.edder.org\/index.php?rest_route=\/wp\/v2\/posts\/345\/revisions"}],"wp:attachment":[{"href":"https:\/\/www.edder.org\/index.php?rest_route=%2Fwp%2Fv2%2Fmedia&parent=345"}],"wp:term":[{"taxonomy":"category","embeddable":true,"href":"https:\/\/www.edder.org\/index.php?rest_route=%2Fwp%2Fv2%2Fcategories&post=345"},{"taxonomy":"post_tag","embeddable":true,"href":"https:\/\/www.edder.org\/index.php?rest_route=%2Fwp%2Fv2%2Ftags&post=345"}],"curies":[{"name":"wp","href":"https:\/\/api.w.org\/{rel}","templated":true}]}}