{"id":342,"date":"2009-04-17T20:05:38","date_gmt":"2009-04-17T19:05:38","guid":{"rendered":"https:\/\/www.edder.org\/?p=342"},"modified":"2018-07-27T16:38:11","modified_gmt":"2018-07-27T14:38:11","slug":"ilustracion","status":"publish","type":"post","link":"https:\/\/www.edder.org\/?p=342","title":{"rendered":"\u201cIlustraci\u00f3n\u201d"},"content":{"rendered":"<p>De que el museo sanferminero y del encierro se har\u00e1, no cabe la menor duda. No cabe la menor duda de que se har\u00e1 la santa voluntad de la se\u00f1ora que, primero y hace ya muchos a\u00f1os, encarg\u00f3 a Mansilla y Tu\u00f1\u00f3n proyectar ese museo donde, simplemente, no pod\u00eda edificarse; que, segundo y erre que erre, volvi\u00f3 a encargar a los mismos concebir de nuevo el proyecto, esta vez en terrenos inundables; y que, tercero y \u00faltimo, ha vuelto recientemente a pedir a los susodichos readaptar todo lo anterior a unas circunstancias nuevas, cuales son plantar ese festivo museo donde ahora est\u00e1n los bomberos, no porque las condiciones de un bien meditado plan muse\u00edstico \u2013inexistente del todo durante tan largos a\u00f1os, aparte de dif\u00edcil de concebir\u2013 lo exijan as\u00ed, sino porque su santa voluntad de que ese c\u00e9lebre d\u00fao de arquitectos termine haciendo algo en la capital del divers\u00edsimo Reyno debe triunfar como sea. Debe triunfar y triunfar\u00e1. Otra cosa es que una vez que haya triunfado la voluntad de la se\u00f1ora en cuesti\u00f3n, triunfe la cosa en s\u00ed, o sea, la idea de celebrar permanentemente el enorme tama\u00f1o de nuestro ombligo festivo y, en particular, esa muy castiza manifestaci\u00f3n de incomparable bravura local que es el encierro. Porque, efectivamente, como observara nuestro tambi\u00e9n paisano Julio Caro Baroja \u2013cuyo museo fue desmontado en su d\u00eda por alguien muy bien avenido con esa terca se\u00f1ora para hacer en su lugar un parador de turismo\u2013, el encierro es ese momento de \u00e9xtasis para el castizo que, plet\u00f3rico de facultades f\u00edsicas, se lanza a la carrera para chulearse delante de las chavalas. Evidentemente, el plan muse\u00edstico, cuando lo haya, no contemplar\u00e1 que cenizos del linaje ilustrado de los Baroja se dirijan a los visitantes. Ser\u00e1n ilustrados del pelaje de Pantale\u00f3n los que inciten a propios y extra\u00f1os a correrse un karaoke pachanguero o un encierro virtual. Y as\u00ed iremos conquistando la capitalidad europea de la cultura, a la que sin duda llegaremos un siglo de estos.<\/p>\n<p align=\"right\">Publicado en <a target=\"blank\" href=\"http:\/\/www.noticiasdenavarra.com\/ediciones\/2009\/04\/17\/opinion\/contra.php\">Diario de Noticias<\/a><img class=\"lazyload\" decoding=\"async\" align=\"right\" title=\"dn\" alt=\"dn\" src=\"data:image\/gif;base64,R0lGODlhAQABAAAAACH5BAEKAAEALAAAAAABAAEAAAICTAEAOw==\" data-orig-src=\"https:\/\/www.edder.org\/images\/dn.gif\" \/><\/p>\n","protected":false},"excerpt":{"rendered":"<p>De que el museo sanferminero y del encierro se har\u00e1, no cabe la menor duda. No cabe la menor duda de que se har\u00e1 la santa voluntad de la se\u00f1ora que, primero y hace ya muchos a\u00f1os, encarg\u00f3 a Mansilla y Tu\u00f1\u00f3n proyectar ese museo donde, simplemente, no pod\u00eda edificarse; que, segundo y erre que erre, volvi\u00f3 a encargar a los mismos concebir de nuevo el proyecto, esta vez en terrenos inundables; y que, tercero y \u00faltimo, ha vuelto recientemente a pedir a los susodichos readaptar todo lo anterior a unas circunstancias nuevas, cuales son plantar ese festivo museo donde ahora est\u00e1n los bomberos, no porque las condiciones de un bien meditado plan muse\u00edstico \u2013inexistente del todo durante tan largos a\u00f1os, aparte de dif\u00edcil de concebir\u2013 lo  [&#8230;]<\/p>\n","protected":false},"author":82,"featured_media":0,"comment_status":"open","ping_status":"open","sticky":false,"template":"","format":"standard","meta":{"jetpack_post_was_ever_published":false,"_jetpack_newsletter_access":"","_jetpack_dont_email_post_to_subs":false,"_jetpack_newsletter_tier_id":0,"_jetpack_memberships_contains_paywalled_content":false,"_jetpack_memberships_contains_paid_content":false,"footnotes":"","jetpack_publicize_message":"","jetpack_publicize_feature_enabled":true,"jetpack_social_post_already_shared":false,"jetpack_social_options":{"image_generator_settings":{"template":"highway","default_image_id":0,"font":"","enabled":false},"version":2}},"categories":[3],"tags":[51],"class_list":["post-342","post","type-post","status-publish","format-standard","hentry","category-na","tag-barcina"],"jetpack_publicize_connections":[],"jetpack_featured_media_url":"","jetpack_shortlink":"https:\/\/wp.me\/p6kHv-5w","jetpack_sharing_enabled":true,"jetpack-related-posts":[{"id":519,"url":"https:\/\/www.edder.org\/?p=519","url_meta":{"origin":342,"position":0},"title":"Yolanda y \u00abyo, Landa\u00bb","author":"Eder","date":"viernes, 20 Nov, 2009","format":false,"excerpt":"Yolanda, todo junto, y \u201cyo, Landa\u201d, por separado, no como Melinda y Melinda. Por un lado, Yolanda: esa se\u00f1ora que conjuga tradici\u00f3n y modernidad al vindicar la reacci\u00f3n integrista de los Rodezno y al ejecutar las m\u00e1s modernas obras de arquitectura, como el inminente Museo de los Sanfermines. Por otro\u2026","rel":"","context":"En \u00abNA\u00bb","block_context":{"text":"NA","link":"https:\/\/www.edder.org\/?cat=3"},"img":{"alt_text":"","src":"","width":0,"height":0},"classes":[]},{"id":50,"url":"https:\/\/www.edder.org\/?p=50","url_meta":{"origin":342,"position":1},"title":"Del reno al Reyno","author":"Eder","date":"viernes, 31 Mar, 2006","format":false,"excerpt":"","rel":"","context":"En \u00abNA\u00bb","block_context":{"text":"NA","link":"https:\/\/www.edder.org\/?cat=3"},"img":{"alt_text":"","src":"https:\/\/i0.wp.com\/www.edder.org\/upload\/2006\/03\/lascaux.jpg?resize=350%2C200&ssl=1","width":350,"height":200},"classes":[]},{"id":54,"url":"https:\/\/www.edder.org\/?p=54","url_meta":{"origin":342,"position":2},"title":"Erre que erre","author":"Eder","date":"viernes, 28 Abr, 2006","format":false,"excerpt":"","rel":"","context":"En \u00abNA\u00bb","block_context":{"text":"NA","link":"https:\/\/www.edder.org\/?cat=3"},"img":{"alt_text":"","src":"","width":0,"height":0},"classes":[]},{"id":96,"url":"https:\/\/www.edder.org\/?p=96","url_meta":{"origin":342,"position":3},"title":"Museo local de los horrores","author":"Eder","date":"viernes, 20 Abr, 2007","format":false,"excerpt":"Pues si hay que hacer un museo moderno, cosa en la que est\u00e1n de acuerdo casi todos los candidatos a la alcald\u00eda de Pamplona, \u00bfpor qu\u00e9 no hacer en Autobuses un museo de etnograf\u00eda moderna, ya que el Museo Julio Caro Baroja lo empaquet\u00f3 el consejero del ramo para hacerle\u2026","rel":"","context":"En \u00abNA\u00bb","block_context":{"text":"NA","link":"https:\/\/www.edder.org\/?cat=3"},"img":{"alt_text":"","src":"","width":0,"height":0},"classes":[]},{"id":592,"url":"https:\/\/www.edder.org\/?p=592","url_meta":{"origin":342,"position":4},"title":"Boinas","author":"Eder","date":"viernes, 12 Mar, 2010","format":false,"excerpt":"","rel":"","context":"En \u00abNA\u00bb","block_context":{"text":"NA","link":"https:\/\/www.edder.org\/?cat=3"},"img":{"alt_text":"","src":"","width":0,"height":0},"classes":[]},{"id":631,"url":"https:\/\/www.edder.org\/?p=631","url_meta":{"origin":342,"position":5},"title":"Treinta y tres","author":"Eder","date":"viernes, 2 Abr, 2010","format":false,"excerpt":"Treinta y tres: la edad Cristo y la de Godard a la altura de aquella pel\u00edcula en la que los protagonistas bat\u00edan el r\u00e9cord de Jim Johnson, el americano que \u201chizo\u201d \u2013ya que ver no pudo\u2013 el Louvre en nueve minutos y cuarenta y cinco segundos. Casi cincuenta a\u00f1os despu\u00e9s\u2026","rel":"","context":"En \u00abCine\u00bb","block_context":{"text":"Cine","link":"https:\/\/www.edder.org\/?cat=79"},"img":{"alt_text":"","src":"","width":0,"height":0},"classes":[]}],"jetpack_likes_enabled":true,"_links":{"self":[{"href":"https:\/\/www.edder.org\/index.php?rest_route=\/wp\/v2\/posts\/342","targetHints":{"allow":["GET"]}}],"collection":[{"href":"https:\/\/www.edder.org\/index.php?rest_route=\/wp\/v2\/posts"}],"about":[{"href":"https:\/\/www.edder.org\/index.php?rest_route=\/wp\/v2\/types\/post"}],"author":[{"embeddable":true,"href":"https:\/\/www.edder.org\/index.php?rest_route=\/wp\/v2\/users\/82"}],"replies":[{"embeddable":true,"href":"https:\/\/www.edder.org\/index.php?rest_route=%2Fwp%2Fv2%2Fcomments&post=342"}],"version-history":[{"count":0,"href":"https:\/\/www.edder.org\/index.php?rest_route=\/wp\/v2\/posts\/342\/revisions"}],"wp:attachment":[{"href":"https:\/\/www.edder.org\/index.php?rest_route=%2Fwp%2Fv2%2Fmedia&parent=342"}],"wp:term":[{"taxonomy":"category","embeddable":true,"href":"https:\/\/www.edder.org\/index.php?rest_route=%2Fwp%2Fv2%2Fcategories&post=342"},{"taxonomy":"post_tag","embeddable":true,"href":"https:\/\/www.edder.org\/index.php?rest_route=%2Fwp%2Fv2%2Ftags&post=342"}],"curies":[{"name":"wp","href":"https:\/\/api.w.org\/{rel}","templated":true}]}}