{"id":34,"date":"2005-12-30T17:34:52","date_gmt":"2005-12-30T15:34:52","guid":{"rendered":"https:\/\/www.edder.org\/?p=34"},"modified":"2018-07-27T16:38:44","modified_gmt":"2018-07-27T14:38:44","slug":"nepotismo-foral-una-instantanea","status":"publish","type":"post","link":"https:\/\/www.edder.org\/?p=34","title":{"rendered":"Nepotismo foral: una instant\u00e1nea"},"content":{"rendered":"<p><img decoding=\"async\" alt=\"dn\" class=\"lazyload izquierda\" src=\"data:image\/gif;base64,R0lGODlhAQABAAAAACH5BAEKAAEALAAAAAABAAEAAAICTAEAOw==\" data-orig-src=\"https:\/\/www.edder.org\/images\/dn.gif\" \/><\/p>\n<p><style type=\"text\/css\">@font-face {\n  font-family: \"Times\";\n}p.MsoNormal, li.MsoNormal, div.MsoNormal { margin: 0cm 0cm 0.0001pt; text-align: justify; text-indent: 8.5pt; font-size: 12pt; font-family: Times; }div.Section1 { page: Section1; }<\/style>\n<p>\t<span style=\"font-size: 12pt; font-family: Times;\">Siete a&ntilde;o y medio despu&eacute;s de que el incombustible superconsejero Jos&eacute; Ignacio Palacios &ndash;sus pleitos van bien despacio&ndash;&hellip; Siete a&ntilde;os y medio despu&eacute;s de que Palacios y Sanz &ndash;el otro Sanz&ndash;, &iquest;regalasen?, &iquest;adjudicasen graciosamente?, &iquest;entregasen en un acto de nepotismo palaciego &ndash;&ldquo;Voy a Palacio&rdquo;, que dicen ciertos exponentes de nuestra mandarinesca casta de funcionarios forales&ndash;?&hellip; Siete a&ntilde;os y medio despu&eacute;s de que esa inefable pareja de la pol&iacute;tica navarrista y navarrera diese sendas licencias de radio a la universidad del Opus y a alg&uacute;n que otro sat&eacute;lite de la &oacute;rbita de UPN&hellip; Siete a&ntilde;os y medio despu&eacute;s de que los sat&eacute;lites agraciados con la concesi&oacute;n se precipitaran a fichar como tertuliano a ese Alfredo Landa de la elocuencia parlamentaria y radiof&oacute;nica que es el diputado Alfredo Jaime &ndash;otro incombustible dentro del partido de los incombustibles: separe usted a tan hist&oacute;ricas lapas del navarrismo como Palacios o Jaime de las cosas de &ldquo;Palacio&rdquo;&ndash;&hellip; Siete a&ntilde;os y medio despu&eacute;s de tan discrecional y nada discreta concesi&oacute;n, los jueces sentencian que, &ldquo;siendo ben&eacute;volos, adem&aacute;s de inusual, debemos calificarla de inapropiada, contradictoria e inocua&rdquo;. Siendo muy ben&eacute;volos, la verdad. Porque por lo que a rengl&oacute;n seguido se argumenta en la sentencia, donde dice &ldquo;inusual&rdquo;, bien podemos entender &ldquo;antirreglamentaria&rdquo;; donde dice &ldquo;inapropiada&rdquo;, mejor ser&iacute;a decir &ldquo;arbitraria e interesada&rdquo;; donde se habla de una concesi&oacute;n &ldquo;contradictoria&rdquo;, ser&iacute;a m&aacute;s exacto decir &ldquo;nepotista&rdquo; &ndash;refiri&eacute;ndose como se refiere a la preferencia en un cargo p&uacute;blico por sus sat&eacute;lites y allegados, dejando de lado la justa evaluaci&oacute;n de m&eacute;ritos y capacidades de otros concurrentes&ndash;; donde, en fin, dice &ldquo;inocua&rdquo;, sin duda debe leerse &ldquo;inicua&rdquo; &ndash;contraria a la equidad, injusta y barriendo para casa&ndash;. Aunque ben&eacute;vola, la sentencia es una instant&aacute;nea &ndash;bien que revelada siete a&ntilde;os y medio despu&eacute;s&ndash; de nuestro nepotismo foral: de las idas y venidas pol&iacute;ticas de nuestros incombustibles navarristas como Pedro por &ldquo;Palacio&rdquo;.<\/span><br \/>\n\tPublicado en <a href=\"http:\/\/www.noticiasdenavarra.com\" target=\"blank\">Diario de Noticias<\/a>.<\/p>\n","protected":false},"excerpt":{"rendered":"<p>Siete a&ntilde;o y medio despu&eacute;s de que el incombustible superconsejero Jos&eacute; Ignacio Palacios &ndash;sus pleitos van bien despacio&ndash;&hellip; Siete a&ntilde;os y medio despu&eacute;s de que Palacios y Sanz &ndash;el otro Sanz&ndash;, &iquest;regalasen?, &iquest;adjudicasen graciosamente?, &iquest;entregasen en un acto de nepotismo palaciego &ndash;&ldquo;Voy a Palacio&rdquo;, que dicen ciertos exponentes de nuestra mandarinesca casta de funcionarios forales&ndash;?&hellip; Siete a&ntilde;os y medio despu&eacute;s de que esa inefable pareja de la pol&iacute;tica navarrista y navarrera diese sendas licencias de radio a la universidad del Opus y a alg&uacute;n que otro sat&eacute;lite de la &oacute;rbita de UPN&hellip; Siete a&ntilde;os y medio despu&eacute;s de que los sat&eacute;lites agraciados con la concesi&oacute;n se precipitaran a fichar como tertuliano a ese Alfredo Landa de la elocuencia parlamentaria y radiof&oacute;nica que es el diputado Alfredo Jaime  [&#8230;]<\/p>\n","protected":false},"author":82,"featured_media":0,"comment_status":"open","ping_status":"open","sticky":false,"template":"","format":"standard","meta":{"jetpack_post_was_ever_published":false,"_jetpack_newsletter_access":"","_jetpack_dont_email_post_to_subs":false,"_jetpack_newsletter_tier_id":0,"_jetpack_memberships_contains_paywalled_content":false,"_jetpack_memberships_contains_paid_content":false,"footnotes":"","jetpack_publicize_message":"","jetpack_publicize_feature_enabled":true,"jetpack_social_post_already_shared":false,"jetpack_social_options":{"image_generator_settings":{"template":"highway","default_image_id":0,"font":"","enabled":false},"version":2}},"categories":[3],"tags":[],"class_list":["post-34","post","type-post","status-publish","format-standard","hentry","category-na"],"jetpack_publicize_connections":[],"jetpack_featured_media_url":"","jetpack_shortlink":"https:\/\/wp.me\/p6kHv-y","jetpack_sharing_enabled":true,"jetpack-related-posts":[{"id":35,"url":"https:\/\/www.edder.org\/?p=35","url_meta":{"origin":34,"position":0},"title":"El h\u00e1bito regener\u00f3 al monde","author":"Eder","date":"viernes, 6 Ene, 2006","format":false,"excerpt":"La desfachatez que ha llevado a Sanz \u2013Sanz Sesma\u2013 a interpretar la sentencia judicial por la que se anula la concesi\u00f3n de licencias de radio hecha en su d\u00eda por Sanz \u2013Sanz Barea\u2013 y Palacios como otro \u00e9xito del Gobierno de UPN \u2013otro m\u00e1s de la cascada incesante de \u00e9xitos\u2026","rel":"","context":"En \u00abNA\u00bb","block_context":{"text":"NA","link":"https:\/\/www.edder.org\/?cat=3"},"img":{"alt_text":"","src":"","width":0,"height":0},"classes":[]},{"id":1259,"url":"https:\/\/www.edder.org\/?p=1259","url_meta":{"origin":34,"position":1},"title":"Dietas y r\u00e9gimen (foral)","author":"Eder","date":"viernes, 3 Dic, 2010","format":false,"excerpt":"Se va como vino el subsidio de paro de 426 euros que, seg\u00fan declaraciones hechas a la prensa por Miguel Sanz \u2013el que guarda sus \u201ccuatro perras\u201d en la CAN\u2013, daban para una cena, si es que daban para eso. Cuando el presidente foral dijo aquello, la prensa no hab\u00eda\u2026","rel":"","context":"En \u00abNA\u00bb","block_context":{"text":"NA","link":"https:\/\/www.edder.org\/?cat=3"},"img":{"alt_text":"","src":"","width":0,"height":0},"classes":[]},{"id":2755,"url":"https:\/\/www.edder.org\/?p=2755","url_meta":{"origin":34,"position":2},"title":"Piloto de la muerte","author":"Eder","date":"viernes, 21 Dic, 2012","format":false,"excerpt":"\u00a0 Let me ride on the Wall of Death one more time Let me ride on the Wall of Death one more time You can waste your time on the other rides This is the nearest to being alive Oh let me take my chances on the Wall of Death\u2026","rel":"","context":"En \u00abM\u00fasica\u00bb","block_context":{"text":"M\u00fasica","link":"https:\/\/www.edder.org\/?cat=87"},"img":{"alt_text":"","src":"","width":0,"height":0},"classes":[]},{"id":495,"url":"https:\/\/www.edder.org\/?p=495","url_meta":{"origin":34,"position":3},"title":"Imperio","author":"Eder","date":"viernes, 23 Oct, 2009","format":false,"excerpt":"","rel":"","context":"En \u00abNA\u00bb","block_context":{"text":"NA","link":"https:\/\/www.edder.org\/?cat=3"},"img":{"alt_text":"","src":"","width":0,"height":0},"classes":[]},{"id":1244,"url":"https:\/\/www.edder.org\/?p=1244","url_meta":{"origin":34,"position":4},"title":"En la muerte de la i griega","author":"Eder","date":"viernes, 12 Nov, 2010","format":false,"excerpt":"Una vez que el fil\u00f3sofo alem\u00e1n \u2013aunque esencialmente navarro\u2013 Martin Heidegger lleg\u00f3 a la cumbre de su Sein und Zeit \u2013de su Ser y tiempo, que qu\u00e9 navarro no ha le\u00eddo en alem\u00e1n\u2013, no pudo sustraerse a la tentaci\u00f3n filol\u00f3gica de escribir una nota al pie en la que, para\u2026","rel":"","context":"En \u00abNA\u00bb","block_context":{"text":"NA","link":"https:\/\/www.edder.org\/?cat=3"},"img":{"alt_text":"","src":"","width":0,"height":0},"classes":[]},{"id":1951,"url":"https:\/\/www.edder.org\/?p=1951","url_meta":{"origin":34,"position":5},"title":"Minutos de gloria","author":"Eder","date":"viernes, 10 Jun, 2011","format":false,"excerpt":"Su Alteza Real \u2013todo con may\u00fasculas de las llamadas genuflexas\u2013 lo plante\u00f3 bien: \u201cYa tienes tu minuto de gloria\u201d. O si no bien, s\u00ed donde el problema se plantea. En La toma del poder por Luis XIV, Rossellini ve\u00eda al Rey Sol como un Soberano \u2013may\u00fascula y genuflexi\u00f3n\u2013 entre Maquiavelo\u2026","rel":"","context":"En \u00abNA\u00bb","block_context":{"text":"NA","link":"https:\/\/www.edder.org\/?cat=3"},"img":{"alt_text":"","src":"","width":0,"height":0},"classes":[]}],"jetpack_likes_enabled":true,"_links":{"self":[{"href":"https:\/\/www.edder.org\/index.php?rest_route=\/wp\/v2\/posts\/34","targetHints":{"allow":["GET"]}}],"collection":[{"href":"https:\/\/www.edder.org\/index.php?rest_route=\/wp\/v2\/posts"}],"about":[{"href":"https:\/\/www.edder.org\/index.php?rest_route=\/wp\/v2\/types\/post"}],"author":[{"embeddable":true,"href":"https:\/\/www.edder.org\/index.php?rest_route=\/wp\/v2\/users\/82"}],"replies":[{"embeddable":true,"href":"https:\/\/www.edder.org\/index.php?rest_route=%2Fwp%2Fv2%2Fcomments&post=34"}],"version-history":[{"count":0,"href":"https:\/\/www.edder.org\/index.php?rest_route=\/wp\/v2\/posts\/34\/revisions"}],"wp:attachment":[{"href":"https:\/\/www.edder.org\/index.php?rest_route=%2Fwp%2Fv2%2Fmedia&parent=34"}],"wp:term":[{"taxonomy":"category","embeddable":true,"href":"https:\/\/www.edder.org\/index.php?rest_route=%2Fwp%2Fv2%2Fcategories&post=34"},{"taxonomy":"post_tag","embeddable":true,"href":"https:\/\/www.edder.org\/index.php?rest_route=%2Fwp%2Fv2%2Ftags&post=34"}],"curies":[{"name":"wp","href":"https:\/\/api.w.org\/{rel}","templated":true}]}}